{"id":20932,"date":"2020-05-29T12:35:09","date_gmt":"2020-05-29T10:35:09","guid":{"rendered":"https:\/\/www.manologarciaycia.com\/?p=20932"},"modified":"2020-05-29T12:42:51","modified_gmt":"2020-05-29T10:42:51","slug":"a-san-fernando-segundo-adelanto-de-acustico-ya-disponible","status":"publish","type":"post","link":"https:\/\/www.manologarciaycia.com\/?p=20932","title":{"rendered":"A San Fernando, segundo adelanto de Acustico, ya disponible!"},"content":{"rendered":"\n<p>Hoy viernes 29\/5\/2020 se ha lanzado A San Fernando, el segundo adelanto del disco en directo Ac\u00fastico, Ac\u00fastico, Ac\u00fastico, de Manolo Garc\u00eda, grabado durante su gira 2019. Aquellos 55 conciertos se plasman en el nuevo lanzamiento del cantante y compositor barcelon\u00e9s, con formato de doble CD y doble DVD.<\/p>\n\n\n\n<p>Y desde hoy tambi\u00e9n estar\u00e1 ya disponbile la pre-venta en formato DIGITAL de dicho \u00e1lbum!! Publicaremos el resumen de plataformas d\u00f3nde podr\u00e9is pre-adquirirlo de manera digital.<\/p>\n\n\n\n<p>En este enlace: <a href=\"https:\/\/manologarcia.lnk.to\/ASanFernandoUnRatitoAPieYOtroCaminando\" target=\"_blank\" rel=\"noreferrer noopener\">https:\/\/manologarcia.lnk.to\/ASanFernandoUnRatitoAPieYOtroCaminando<\/a><\/p>\n","protected":false},"excerpt":{"rendered":"<p>Hoy viernes 29\/5\/2020 se ha lanzado A San Fernando, el segundo adelanto del disco en directo Ac\u00fastico, Ac\u00fastico, Ac\u00fastico, de Manolo Garc\u00eda, grabado durante su gira 2019. Aquellos 55 conciertos se plasman en el nuevo lanzamiento del cantante y compositor barcelon\u00e9s, con formato de doble CD y doble DVD. Y desde hoy tambi\u00e9n estar\u00e1 ya<a class=\"moretag\" href=\"https:\/\/www.manologarciaycia.com\/?p=20932\" title=\"A San Fernando, segundo adelanto de Acustico, ya disponible!\" target=\"_self\" rel=\"follow\"> <font face=arial size=2>[Leer m\u00e1s]<\/font> <\/a><\/p>\n","protected":false},"author":2,"featured_media":0,"comment_status":"closed","ping_status":"closed","sticky":false,"template":"","format":"video","meta":{"footnotes":""},"categories":[1],"tags":[],"class_list":["post-20932","post","type-post","status-publish","format-video","hentry","category-manolo-garcia","post_format-post-format-video"],"_links":{"self":[{"href":"https:\/\/www.manologarciaycia.com\/index.php?rest_route=\/wp\/v2\/posts\/20932","targetHints":{"allow":["GET"]}}],"collection":[{"href":"https:\/\/www.manologarciaycia.com\/index.php?rest_route=\/wp\/v2\/posts"}],"about":[{"href":"https:\/\/www.manologarciaycia.com\/index.php?rest_route=\/wp\/v2\/types\/post"}],"author":[{"embeddable":true,"href":"https:\/\/www.manologarciaycia.com\/index.php?rest_route=\/wp\/v2\/users\/2"}],"replies":[{"embeddable":true,"href":"https:\/\/www.manologarciaycia.com\/index.php?rest_route=%2Fwp%2Fv2%2Fcomments&post=20932"}],"version-history":[{"count":2,"href":"https:\/\/www.manologarciaycia.com\/index.php?rest_route=\/wp\/v2\/posts\/20932\/revisions"}],"predecessor-version":[{"id":20935,"href":"https:\/\/www.manologarciaycia.com\/index.php?rest_route=\/wp\/v2\/posts\/20932\/revisions\/20935"}],"wp:attachment":[{"href":"https:\/\/www.manologarciaycia.com\/index.php?rest_route=%2Fwp%2Fv2%2Fmedia&parent=20932"}],"wp:term":[{"taxonomy":"category","embeddable":true,"href":"https:\/\/www.manologarciaycia.com\/index.php?rest_route=%2Fwp%2Fv2%2Fcategories&post=20932"},{"taxonomy":"post_tag","embeddable":true,"href":"https:\/\/www.manologarciaycia.com\/index.php?rest_route=%2Fwp%2Fv2%2Ftags&post=20932"}],"curies":[{"name":"wp","href":"https:\/\/api.w.org\/{rel}","templated":true}]}}