{"id":20928,"date":"2020-05-29T12:19:23","date_gmt":"2020-05-29T10:19:23","guid":{"rendered":"https:\/\/www.manologarciaycia.com\/?p=20928"},"modified":"2020-05-29T12:22:32","modified_gmt":"2020-05-29T10:22:32","slug":"manolo-garcia-aunque-suene-cursi-soy-una-persona-empenada-en-el-oficio-de-vivir","status":"publish","type":"post","link":"https:\/\/www.manologarciaycia.com\/?p=20928","title":{"rendered":"Manolo Garc\u00eda: \u201caunque suene cursi, soy una persona empe\u00f1ada en el oficio de vivir\u201d"},"content":{"rendered":"\n<p>El m\u00fasico barcelon\u00e9s publica el libro \u2018El principio del fin\u2019 con 200 poemas in\u00e9ditos, dibujos y pinturas<\/p>\n\n\n\n<p><strong>Manolo Garc\u00eda<\/strong>&nbsp;deja aparcado moment\u00e1neamente su frente musical para zambullirse en su tambi\u00e9n intensa vertiente literaria, a la que ha dado forma en&nbsp;<strong><em>El fin del principio&nbsp;<\/em><\/strong>(Aguilar), un volumen que re\u00fane<strong>&nbsp;poemas in\u00e9ditos, dibujos y pinturas<\/strong>. A lo largo de 250 p\u00e1ginas, el artista y m\u00fasico del Poblenou muestra su capacidad reflexiva, ir\u00f3nica, solidaria, cr\u00edtica, ecol\u00f3gica&#8230;, en un momento excepcional que le dota de una relevancia tan oportuna como necesaria. El libro aparece ma\u00f1ana y pr\u00e1cticamente un mes antes de su doble \u00e1lbum en directo de su gira ac\u00fastica del pasado a\u00f1o.<\/p>\n\n\n\n<p><strong>\u00bfC\u00f3mo surge este proyecto po\u00e9tico?<\/strong><\/p>\n\n\n\n<p>Ahora son tiempos m\u00e1s calmados y escribo much\u00edsimo; algunas de estas poes\u00edas me sirven para las canciones que vas componiendo y otras se van acumulando. Voy haciendo cribas pero lo que va quedando me parece que puede ser compartido. Yo siempre he sido un lector compulsivo pero en los \u00faltimos a\u00f1os me he dado cuenta de que no puedo estar sin escribir, mis poemas, mis peque\u00f1as cositas, mis reflexiones. Sale de all\u00ed.<\/p>\n\n\n\n<figure class=\"wp-block-image\"><img decoding=\"async\" src=\"https:\/\/www.lavanguardia.com\/r\/GODO\/LV\/p7\/Cultura\/2020\/05\/29\/Recortada\/img_elines_20200528-204620_imagenes_lv_terceros_garcia-kTHE--656x386@LaVanguardia-Web.jpg\" alt=\"Otra imagen del m\u00fasico del Poblenou\"\/><figcaption>Otra imagen del m\u00fasico del Poblenou (RUB\u00c9N MART\u00cdN)<\/figcaption><\/figure>\n\n\n\n<p><strong>\u00bfSigue alg\u00fan m\u00e9todo a la hora de ponerse a escribir?<\/strong><\/p>\n\n\n\n<p>Son sobre todo poemas de viajes y tambi\u00e9n fruto de la desubicaci\u00f3n interior en que todos en un momento dado nos encontramos sometidos por el tipo de vida urbana que llevamos. Son 200 textos escritos en los dos \u00faltimos a\u00f1os que hablan de quienes somos, a donde vamos, de donde venimos, y al final la conclusi\u00f3n de todas estas preguntas se pueden resumir en dos frases de Siniestro Total: \u201cante todo mucha calma\u201d y \u201c\u00bfcu\u00e1ndo se come aqu\u00ed?\u201d. Estos son para m\u00ed los lemas de la temporada, y lo dem\u00e1s es superfluo. Dicho de otra manera: escribir, leer, pintar, cantar son alimentos del alma, medicina para el esp\u00edritu. Somos como chamanes de la tribu y adem\u00e1s tu propuesta art\u00edstica te da vidilla, buen rollo, te sientes el rey del mambo.<\/p>\n\n\n\n<p><strong>El que lea&nbsp;<em>El fin del principio&nbsp;<\/em>\u00bfc\u00f3mo cree que definir\u00eda a su autor?<\/strong><\/p>\n\n\n\n<p>Una persona que no me conozca ver\u00e1 que soy vehemente, muy empe\u00f1ada en algo, apasionada; cuando me meto en algo me implico a fondo, no lo abandono, y sobre todo ver\u00eda a una persona empe\u00f1ada en el oficio de vivir , aunque suene cursi. Siempre he tenido ese empe\u00f1o de ingenuo, del ni\u00f1o que quiere muchas cosas, sabiendo que muchas no son verdad. Creo que soy una persona entregada a todo.<\/p>\n\n\n\n<figure class=\"wp-block-image\"><img decoding=\"async\" src=\"https:\/\/www.lavanguardia.com\/r\/GODO\/LV\/p7\/Cultura\/2020\/05\/29\/Recortada\/img_smauri_20200528-151702_imagenes_lv_otras_fuentes_no_archivables_ilustracion_manolo_garcia-030-kTHE--656x474@LaVanguardia-Web.JPG\" alt=\"Una de los dibujos del m\u00fasico y artista barcelon\u00e9s incluidos en el libro\"\/><figcaption>Una de los dibujos del m\u00fasico y artista barcelon\u00e9s incluidos en el libro (.)<\/figcaption><\/figure>\n\n\n\n<p><strong>En este libro llama la atenci\u00f3n el protagonismo relativamente peque\u00f1o de sus dibujos y pinturas a diferencia de otras veces.<\/strong><\/p>\n\n\n\n<p>S\u00ed, es verdad. En mis libros&nbsp;<em>Vacaciones de m\u00ed mismo&nbsp;<\/em>y en&nbsp;<em>El fruto de la rama m\u00e1s alta&nbsp;<\/em>los dibujos ten\u00edan una gran importancia, mientras que aqu\u00ed, en cambio, he pretendido ejercer de poeta de verdad. Los autores de m\u00fasica lo somos un poco, lanzamos emoci\u00f3n a los cuatro vientos y siempre tocas a alguien, y ahora he querido ser poeta. La intenci\u00f3n de este libro es compartir unos textos, unos paisajes interiores, unas reflexiones, y que los dibujos ilustren un poquito y que no sea al rev\u00e9s.<\/p>\n\n\n\n<p><strong>\u00bfPor qu\u00e9 ahora una reivindicaci\u00f3n del Manolo Garc\u00eda poeta?<\/strong><\/p>\n\n\n\n<p>Siempre he tenido un inter\u00e9s por los textos. Con los a\u00f1os me he ido soltando y ahora al tener m\u00e1s a\u00f1os me doy m\u00e1s permisos. He tenido siempre muy claro desde los tiempos de El \u00daltimo que el texto se aguante solo, que llegue a emocionar y que tenga utilidad para alguien.<\/p>\n\n\n\n<p><strong>\u00bfY sobre qu\u00e9 temas se sostienen ahora estos textos?<\/strong><\/p>\n\n\n\n<p>El paso del tiempo, la necesidad de vivir el presente, algo que por cierto hago bastante bien, el poder de los sentimientos humanos cuando son de suma y lo letales que pueden ser si son de resta, y un quinto tema ser\u00eda el amor a la naturaleza. Sin olvidar, por supuesto, la iron\u00eda y que soy un esc\u00e9ptico participativo.<\/p>\n\n\n\n<figure class=\"wp-block-image\"><img decoding=\"async\" src=\"https:\/\/www.lavanguardia.com\/r\/GODO\/LV\/p7\/Cultura\/2020\/05\/29\/Recortada\/img_elines_20200528-204730_imagenes_lv_terceros_garcia2-kTHE--656x590@LaVanguardia-Web.jpg\" alt=\"Manolo Garc\u00eda\"\/><figcaption>Manolo Garc\u00eda (RUB\u00c9N MART\u00cdN)<\/figcaption><\/figure>\n\n\n\n<p><strong>Hay poca critica pol\u00edtica directa en su poes\u00eda \u00bfno cree?<\/strong><\/p>\n\n\n\n<p>He de confesarte que soy muy dado a rechazar el poder, y en eso tengo mi puntito libertario. Y a ellos, entre comillas, les encanta organizarnos, mandarnos, dirigirnos. El poder lo he cuestionado siempre desde my cr\u00edo, aunque cualquier revoluci\u00f3n no sirva de nada.<\/p>\n\n\n\n<p><strong>Lo que no ha cambiado es su aversi\u00f3n hacia las maquinitas, los admin\u00edculos tecnol\u00f3gicos.<\/strong><\/p>\n\n\n\n<p>La maquinita te esclaviza y encima est\u00e1s trabajando y pagando: cobran m\u00f3viles car\u00edsimos y ellos encima los usan para controlarte y saber dond est\u00e1s y lo que haces. Yo lo siento, ll\u00e1mame antiguo, carca, abuelo cebolleta, me importa un bledo, pero soy un rom\u00e1ntico sin remedio, quiero playas, mar, una cervecita, cosas sencillas infalibles que son baratas y buen\u00edsimas. Solo se vive una vez y no voy a obedecer a una m\u00e1quina de mierda.<\/p>\n\n\n\n<p><strong>Hace un a\u00f1o dec\u00eda \u201cme siento muy solo en el cosmos\u201d. \u00bfSe siente ahora incluso un poco m\u00e1s?<\/strong><\/p>\n\n\n\n<p>Sigue siendo una de mis m\u00e1ximas. Suerte que tengo una persona amiga de toda la vida con la que hacemos cosas sin m\u00f3viles, estar dos horas en un bar hablando de cuadros tom\u00e1ndonos algo en vez de preguntar si ya tiene el \u00faltimo modelo de m\u00f3vil de Nokia o de Vodafone. \u00a1Ojo! que cado uno haga lo que quiera, pero mi obligaci\u00f3n es tener un criterio y decidir ante lo que hay y lo que te viene. No quiero depender de nada ni de nadie y de una m\u00e1quina \u00a1mucho menos!<\/p>\n\n\n\n<figure class=\"wp-block-image\"><img decoding=\"async\" src=\"https:\/\/www.lavanguardia.com\/r\/GODO\/LV\/p7\/Cultura\/2020\/05\/29\/Recortada\/img_elines_20200528-204658_imagenes_lv_terceros_garcia1-kTHE--656x437@LaVanguardia-Web.jpg\" alt=\"Manolo Garc\u00eda\"\/><figcaption>Manolo Garc\u00eda (RUB\u00c9N MART\u00cdN)<\/figcaption><\/figure>\n\n\n\n<p><strong>Al acabar el confinamiento, la desescalada, \u00bfcree que habremos aprendido algo?<\/strong><\/p>\n\n\n\n<p>Unos pocos s\u00ed porque ya estaban en la idea, y una gran mayor\u00eda no. Esta gran mayor\u00eda no har\u00e1 nada hasta que no llegue la siguiente bofetada,y mientras tanto, fiesta y botell\u00f3n. Al contrario que el cuerpo pol\u00edtico y macropol\u00edtico, que ya lo est\u00e1 haciendo despu\u00e9s de dejar de consumir casi tres meses. Ahora hay que recuperar ese tiempo perdido. Ojal\u00e1 me equivoque.<\/p>\n\n\n\n<h3 class=\"wp-block-heading\">Cuando acabe la desescalada, una gran mayor\u00eda no har\u00e1 nada hasta que llegue la siguiente bofetada, y mientras tanto, fiesta y botell\u00f3n<\/h3>\n\n\n\n<p>Fuente: La Vanguardia &#8211; Esteban Lin\u00e9s &#8211; ENLACE<\/p>\n","protected":false},"excerpt":{"rendered":"<p>El m\u00fasico barcelon\u00e9s publica el libro \u2018El principio del fin\u2019 con 200 poemas in\u00e9ditos, dibujos y pinturas Manolo Garc\u00eda&nbsp;deja aparcado moment\u00e1neamente su frente musical para zambullirse en su tambi\u00e9n intensa vertiente literaria, a la que ha dado forma en&nbsp;El fin del principio&nbsp;(Aguilar), un volumen que re\u00fane&nbsp;poemas in\u00e9ditos, dibujos y pinturas. A lo largo de 250<a class=\"moretag\" href=\"https:\/\/www.manologarciaycia.com\/?p=20928\" title=\"Manolo Garc\u00eda: \u201caunque suene cursi, soy una persona empe\u00f1ada en el oficio de vivir\u201d\" target=\"_self\" rel=\"follow\"> <font face=arial size=2>[Leer m\u00e1s]<\/font> <\/a><\/p>\n","protected":false},"author":2,"featured_media":20929,"comment_status":"closed","ping_status":"closed","sticky":false,"template":"","format":"standard","meta":{"footnotes":""},"categories":[1],"tags":[],"class_list":["post-20928","post","type-post","status-publish","format-standard","has-post-thumbnail","hentry","category-manolo-garcia"],"_links":{"self":[{"href":"https:\/\/www.manologarciaycia.com\/index.php?rest_route=\/wp\/v2\/posts\/20928","targetHints":{"allow":["GET"]}}],"collection":[{"href":"https:\/\/www.manologarciaycia.com\/index.php?rest_route=\/wp\/v2\/posts"}],"about":[{"href":"https:\/\/www.manologarciaycia.com\/index.php?rest_route=\/wp\/v2\/types\/post"}],"author":[{"embeddable":true,"href":"https:\/\/www.manologarciaycia.com\/index.php?rest_route=\/wp\/v2\/users\/2"}],"replies":[{"embeddable":true,"href":"https:\/\/www.manologarciaycia.com\/index.php?rest_route=%2Fwp%2Fv2%2Fcomments&post=20928"}],"version-history":[{"count":2,"href":"https:\/\/www.manologarciaycia.com\/index.php?rest_route=\/wp\/v2\/posts\/20928\/revisions"}],"predecessor-version":[{"id":20931,"href":"https:\/\/www.manologarciaycia.com\/index.php?rest_route=\/wp\/v2\/posts\/20928\/revisions\/20931"}],"wp:featuredmedia":[{"embeddable":true,"href":"https:\/\/www.manologarciaycia.com\/index.php?rest_route=\/wp\/v2\/media\/20929"}],"wp:attachment":[{"href":"https:\/\/www.manologarciaycia.com\/index.php?rest_route=%2Fwp%2Fv2%2Fmedia&parent=20928"}],"wp:term":[{"taxonomy":"category","embeddable":true,"href":"https:\/\/www.manologarciaycia.com\/index.php?rest_route=%2Fwp%2Fv2%2Fcategories&post=20928"},{"taxonomy":"post_tag","embeddable":true,"href":"https:\/\/www.manologarciaycia.com\/index.php?rest_route=%2Fwp%2Fv2%2Ftags&post=20928"}],"curies":[{"name":"wp","href":"https:\/\/api.w.org\/{rel}","templated":true}]}}