{"id":20917,"date":"2020-05-28T09:58:31","date_gmt":"2020-05-28T07:58:31","guid":{"rendered":"https:\/\/www.manologarciaycia.com\/?p=20917"},"modified":"2020-05-29T07:07:46","modified_gmt":"2020-05-29T05:07:46","slug":"a-san-fernando","status":"publish","type":"post","link":"https:\/\/www.manologarciaycia.com\/?p=20917","title":{"rendered":"A San Fernando! (Adelanto)"},"content":{"rendered":"\n<p>Ma\u00f1ana viernes 29\/5\/2020 se lanza A San Fernando, el segundo adelanto del disco en directo Ac\u00fastico, Ac\u00fastico, Ac\u00fastico, de Manolo Garc\u00eda, grabado durante su gira 2019. Aquellos 55 conciertos se plasman en el nuevo lanzamiento del cantante y compositor barcelon\u00e9s, con formato de doble CD y doble DVD.<\/p>\n\n\n\n<p>Y ma\u00f1ana tambi\u00e9n estar\u00e1 ya disponbile la pre-venta en formato DIGITAL de dicho \u00e1lbum!! Publicaremos el resumen de plataformas d\u00f3nde podr\u00e9is pre-adquirirlo de manera digital.<br><\/p>\n","protected":false},"excerpt":{"rendered":"<p>Ma\u00f1ana viernes 29\/5\/2020 se lanza A San Fernando, el segundo adelanto del disco en directo Ac\u00fastico, Ac\u00fastico, Ac\u00fastico, de Manolo Garc\u00eda, grabado durante su gira 2019. Aquellos 55 conciertos se plasman en el nuevo lanzamiento del cantante y compositor barcelon\u00e9s, con formato de doble CD y doble DVD. Y ma\u00f1ana tambi\u00e9n estar\u00e1 ya disponbile la<a class=\"moretag\" href=\"https:\/\/www.manologarciaycia.com\/?p=20917\" title=\"A San Fernando! (Adelanto)\" target=\"_self\" rel=\"follow\"> <font face=arial size=2>[Leer m\u00e1s]<\/font> <\/a><\/p>\n","protected":false},"author":2,"featured_media":0,"comment_status":"closed","ping_status":"closed","sticky":false,"template":"","format":"video","meta":{"footnotes":""},"categories":[1],"tags":[],"class_list":["post-20917","post","type-post","status-publish","format-video","hentry","category-manolo-garcia","post_format-post-format-video"],"_links":{"self":[{"href":"https:\/\/www.manologarciaycia.com\/index.php?rest_route=\/wp\/v2\/posts\/20917","targetHints":{"allow":["GET"]}}],"collection":[{"href":"https:\/\/www.manologarciaycia.com\/index.php?rest_route=\/wp\/v2\/posts"}],"about":[{"href":"https:\/\/www.manologarciaycia.com\/index.php?rest_route=\/wp\/v2\/types\/post"}],"author":[{"embeddable":true,"href":"https:\/\/www.manologarciaycia.com\/index.php?rest_route=\/wp\/v2\/users\/2"}],"replies":[{"embeddable":true,"href":"https:\/\/www.manologarciaycia.com\/index.php?rest_route=%2Fwp%2Fv2%2Fcomments&post=20917"}],"version-history":[{"count":2,"href":"https:\/\/www.manologarciaycia.com\/index.php?rest_route=\/wp\/v2\/posts\/20917\/revisions"}],"predecessor-version":[{"id":20927,"href":"https:\/\/www.manologarciaycia.com\/index.php?rest_route=\/wp\/v2\/posts\/20917\/revisions\/20927"}],"wp:attachment":[{"href":"https:\/\/www.manologarciaycia.com\/index.php?rest_route=%2Fwp%2Fv2%2Fmedia&parent=20917"}],"wp:term":[{"taxonomy":"category","embeddable":true,"href":"https:\/\/www.manologarciaycia.com\/index.php?rest_route=%2Fwp%2Fv2%2Fcategories&post=20917"},{"taxonomy":"post_tag","embeddable":true,"href":"https:\/\/www.manologarciaycia.com\/index.php?rest_route=%2Fwp%2Fv2%2Ftags&post=20917"}],"curies":[{"name":"wp","href":"https:\/\/api.w.org\/{rel}","templated":true}]}}