{"id":2081,"date":"2011-12-05T09:40:46","date_gmt":"2011-12-05T08:40:46","guid":{"rendered":"http:\/\/petaos.net\/?p=2081"},"modified":"2011-12-05T09:45:31","modified_gmt":"2011-12-05T08:45:31","slug":"mg-de-cerca-con-javi-nieves-cadena-100","status":"publish","type":"post","link":"https:\/\/www.manologarciaycia.com\/?p=2081","title":{"rendered":"MG: De cerca, con Javi Nieves &#8211; Cadena 100 4-12-2001"},"content":{"rendered":"<p><img loading=\"lazy\" decoding=\"async\" src=\"http:\/\/petaos.net\/wp-content\/uploads\/2011\/12\/jn-300x105.jpg\" alt=\"jn\" title=\"jn\" width=\"300\" height=\"105\" class=\"aligncenter size-medium wp-image-2085\" srcset=\"https:\/\/www.manologarciaycia.com\/wp-content\/uploads\/2011\/12\/jn-300x105.jpg 300w, https:\/\/www.manologarciaycia.com\/wp-content\/uploads\/2011\/12\/jn.jpg 320w\" sizes=\"auto, (max-width: 300px) 100vw, 300px\" \/><\/img><br \/>\n<img loading=\"lazy\" decoding=\"async\" alt=\"\" src=\"http:\/\/www.cadena100.es\/archivos\/Noticias_Musicales\/imagenes\/ManoloLosDias_P.jpg\" class=\"alignleft\" width=\"292\" height=\"261\" \/>Manolo Garc\u00eda pas\u00f3 hace unos d\u00edas por los estudios de CADENA 100 para presentar sus nuevas obras, y Javi Nieves y Mar Amate hicieron un un repaso de \u00abLos d\u00edas intactos\u00bb, su nuevo disco, con el propio artista.<\/p>\n<p>T\u00fa lo podr\u00e1s escuchar en el programa especial de la serie \u00abJavi Nieves, de cerca con&#8230;\u00bb que se emitir\u00e1 esta noche de 21:00 a 22:00 (hora menos en Canarias) &#8211; 4\/12\/2011<br \/>\n<center>Descarga Directa: <a href='http:\/\/www.megaupload.com\/?d=WBM3IM4D' target=_new>ENLACE<\/a><\/center><br \/>\nNuestro compa\u00f1ero Mateo Gonz\u00e1lez ha grabado un reportaje con las impresiones de Javi Nieves y Mar Amate y una entrevista con Manolo Garc\u00eda:<\/p>\n<p><center><iframe loading=\"lazy\" width=\"560\" height=\"315\" src=\"http:\/\/www.youtube.com\/embed\/oB-UVLcklUQ\" frameborder=\"0\" allowfullscreen><\/iframe><\/center><\/p>\n<p>Manolo Garc\u00eda public\u00f3 el pasado 25 de octubre este nuevo disco, \u00abLos d\u00edas intactos\u00bb -que es disco de oro desde su salida y ha liderado la lista de ventas de Espa\u00f1a durante varias semanas- y el libro \u00abEl fruto de la rama m\u00e1s alta\u00bb. Este es el quinto de su carrera en solitario, que comenz\u00f3 en 1998 con la publicaci\u00f3n de \u00abArena en los bolsillos\u00bb, y atesora 14 canciones in\u00e9ditas, y entre ellas \u00abUn giro teatral\u00bb, el primer sencillo.<\/p>\n<p>Fuente: Cadena 100 &#8211; <a href='http:\/\/www.cadena100.es\/noticia_extendida_musical.php?id=46961' target=_new>ENLACE<\/a><\/p>\n","protected":false},"excerpt":{"rendered":"<p>Manolo Garc\u00eda pas\u00f3 hace unos d\u00edas por los estudios de CADENA 100 para presentar sus nuevas obras, y Javi Nieves y Mar Amate hicieron un un repaso de \u00abLos d\u00edas intactos\u00bb, su nuevo disco, con el propio artista. T\u00fa lo podr\u00e1s escuchar en el programa especial de la serie \u00abJavi Nieves, de cerca con&#8230;\u00bb que<a class=\"moretag\" href=\"https:\/\/www.manologarciaycia.com\/?p=2081\" title=\"MG: De cerca, con Javi Nieves &#8211; Cadena 100 4-12-2001\" target=\"_self\" rel=\"follow\"> <font face=arial size=2>[Leer m\u00e1s]<\/font> <\/a><\/p>\n","protected":false},"author":2,"featured_media":0,"comment_status":"closed","ping_status":"closed","sticky":false,"template":"","format":"standard","meta":{"footnotes":""},"categories":[1],"tags":[],"class_list":["post-2081","post","type-post","status-publish","format-standard","hentry","category-manolo-garcia"],"_links":{"self":[{"href":"https:\/\/www.manologarciaycia.com\/index.php?rest_route=\/wp\/v2\/posts\/2081","targetHints":{"allow":["GET"]}}],"collection":[{"href":"https:\/\/www.manologarciaycia.com\/index.php?rest_route=\/wp\/v2\/posts"}],"about":[{"href":"https:\/\/www.manologarciaycia.com\/index.php?rest_route=\/wp\/v2\/types\/post"}],"author":[{"embeddable":true,"href":"https:\/\/www.manologarciaycia.com\/index.php?rest_route=\/wp\/v2\/users\/2"}],"replies":[{"embeddable":true,"href":"https:\/\/www.manologarciaycia.com\/index.php?rest_route=%2Fwp%2Fv2%2Fcomments&post=2081"}],"version-history":[{"count":6,"href":"https:\/\/www.manologarciaycia.com\/index.php?rest_route=\/wp\/v2\/posts\/2081\/revisions"}],"predecessor-version":[{"id":2088,"href":"https:\/\/www.manologarciaycia.com\/index.php?rest_route=\/wp\/v2\/posts\/2081\/revisions\/2088"}],"wp:attachment":[{"href":"https:\/\/www.manologarciaycia.com\/index.php?rest_route=%2Fwp%2Fv2%2Fmedia&parent=2081"}],"wp:term":[{"taxonomy":"category","embeddable":true,"href":"https:\/\/www.manologarciaycia.com\/index.php?rest_route=%2Fwp%2Fv2%2Fcategories&post=2081"},{"taxonomy":"post_tag","embeddable":true,"href":"https:\/\/www.manologarciaycia.com\/index.php?rest_route=%2Fwp%2Fv2%2Ftags&post=2081"}],"curies":[{"name":"wp","href":"https:\/\/api.w.org\/{rel}","templated":true}]}}