{"id":2071,"date":"2011-12-01T16:41:41","date_gmt":"2011-12-01T15:41:41","guid":{"rendered":"http:\/\/petaos.net\/?p=2071"},"modified":"2011-12-01T16:41:41","modified_gmt":"2011-12-01T15:41:41","slug":"mg-a-la-vida-le-falta-un-poco-de-poesia-y-le-sobra-un-poco-de-materialismo","status":"publish","type":"post","link":"https:\/\/www.manologarciaycia.com\/?p=2071","title":{"rendered":"MG: \u00abA la vida le falta un poco de poes\u00eda y le sobra un poco de materialismo\u00bb"},"content":{"rendered":"<div style=\"font-family: Georgia, Arial; font-size: 15px; font-style: italic; color: #665566; padding-bottom: 15px; line-height: normal; text-align: center;\">El artista presenta \u00abLos d\u00edas intactos\u00bb en Popes80.com, en esta entrevista de Arancha Moreno.<\/div>\n<div style=\"font-family: Georgia, Arial; font-size: 15px; font-style: italic; color: #665566; padding-bottom: 15px; line-height: normal; text-align: left;\"><img loading=\"lazy\" decoding=\"async\" class=\"aligncenter\" src=\"http:\/\/www.popes80.com\/graficos\/grandeportada\/manologarcia_aran11.jpg\" alt=\"\" width=\"300\" height=\"140\" \/><\/div>\n<div style=\"font-family: Georgia, Arial; font-size: 15px; word-wrap: break-word; line-height: normal; text-align: left;\"><strong>&#8216;Los d\u00edas intactos&#8217;, tu nuevo disco, es fruto de uno de tus encierros creativos. \u00bfC\u00f3mo son esos encierros en los que te dedicas a componer canciones?<\/strong><br \/>\nSon muy normales, hago una vida muy de ciudad: salgo, voy a comprar, tomo un caf\u00e9\u2026 Y a ratos vuelvo a casa y hago canciones o pinto. No tengo horario, tuve horarios mucho tiempo, pero al entrar en el mundo de la bohemia me plante\u00e9 ir a mi aire, y as\u00ed lo hago, es una manera que me funciona: no tener calendario ni horario, trabajar a golpe de percepci\u00f3n, de intuici\u00f3n, de ganas\u2026<\/div>\n<div style=\"font-family: Georgia, Arial; font-size: 15px; word-wrap: break-word; line-height: normal; text-align: left;\"><\/div>\n<div style=\"font-family: Georgia, Arial; font-size: 15px; word-wrap: break-word; line-height: normal; text-align: left;\"> Fuente: POPES80<\/div>\n<div style=\"font-family: Georgia, Arial; font-size: 15px; word-wrap: break-word; line-height: normal; text-align: left;\">\n<strong>La creaci\u00f3n exige cierta libertad\u2026<\/strong><\/p>\n<p>S\u00ed, absolutamente. La m\u00fasica no es tanto que las musas te pillen trabajando. Las musas que hagan lo que quieran, yo hago lo que me da la gana. De vez en cuando las llamo, intento hacer canciones, si me salen me alegro y si no, lo dejo estar. Tengo que disfrutar de mi profesi\u00f3n, y la \u00fanica manera que entiendo de hacer la tarea es hacerla con ganas.<\/p>\n<p><strong>\u00bfEs cierto que en estos tres a\u00f1os has pintado setenta cuadros al \u00f3leo, cuatrocientos dibujos y has compuesto las catorce canciones del nuevo disco?<\/strong><br \/>\nCreo que he hecho m\u00e1s dibujos, unos 500, soy bastante r\u00e1pido: con tiza, con l\u00e1piz, con acuarela\u2026 Para m\u00ed no es demasiado, es lo correcto, es mi obligaci\u00f3n. Me he propuesto una tarea creativa y he de desarrollarla.<\/p>\n<p><strong>\u00bfAlternas la parte pict\u00f3rica con las canciones?<\/strong><br \/>\nDurante el d\u00eda voy alternando a ratos, cuando llevas un tiempo intentando hacer una canci\u00f3n y no te sale se te cruzan un poco los cables, y una manera de apaciguar esa ansiedad es cambiar de disciplina. Hay quien sale a tomar un caf\u00e9, dar un paseo y vuelve: para m\u00ed, eso es pintar, y a veces me lo paso tan bien que puedo estar cinco horas con ello. Luego vuelvo y ya encuentro el acorde que daba el problema.<\/p>\n<p><strong>La separaci\u00f3n y el tiempo, \u00bfes lo que aporta m\u00e1s claridad a la m\u00fasica?<\/strong><br \/>\nS\u00ed, hay quien me pregunta por qu\u00e9 tardo tres a\u00f1os en sacar un disco, he de tomarme mi tiempo para tomar distancia. Si englobas toda la tarea en tres meses no va a salir bien, y no vives. Hay que vivir para hacer canciones, llevar una vida a pie de calle, normal, eso te da canciones. Encuentros casuales, retazos de conversaci\u00f3n en un bar, o en el mercado, miradas, charlas con conocidos o desconocidos\u2026 El otro d\u00eda habl\u00e9 con un bombero que me cont\u00f3 muchas cosas interesantes. Te enriquece.<\/p>\n<p><strong>\u00bfEs como llenar un cat\u00e1logo de personajes para crear historias?<\/strong><br \/>\nS\u00ed, absolutamente. Todos tenemos mil caras y querr\u00edamos vivir mil vidas, nos seduce lo de los dem\u00e1s. Cuando hablas con desconocidos ellos no lo saben pero te est\u00e1n dando canciones.<\/p>\n<p><strong>Sueles viajar a otros lugares en las grabaciones, esta la has hecho en EE.UU. \u00bfQu\u00e9 sensaciones americanas hay en este disco?<\/strong><br \/>\nDe Am\u00e9rica me interesaban los m\u00fasicos, me interesaban porque les conoc\u00eda por haber tocado en muchos discos, ir a Los \u00c1ngeles me daba igual. No me interesan las ciudades de Am\u00e9rica que conozco, igual que no me interesan demasiado las de Europa, me interesa m\u00e1s otro mundo m\u00e1s primigenio, m\u00e1s antiguo, m\u00e1s virginal. En una ciudad siempre hay un museo excelente que visitar, siempre hay algo interesante que ver\u2026 Pero la vida trepidante y vertiginosa no me interesa nada. S\u00ed me interesaban los m\u00fasicos, y he ido buscando a esos m\u00fasicos.<\/p>\n<p><strong>\u00bfCu\u00e1ntas canciones grabaste all\u00ed?<\/strong><br \/>\nGrab\u00e9 la mitad, siete all\u00ed y siete aqu\u00ed, con Juan Carlos Garc\u00eda, Ricardo Mar\u00edn\u2026 Los m\u00fasicos con los que colaboro habitualmente. All\u00ed grab\u00e9 con m\u00fasicos que no conoc\u00eda pero s\u00ed les hab\u00eda tocado en discos que me interesaban. Esa dicotom\u00eda me ha dado resultado: aqu\u00ed ha estado muy bien y all\u00ed ha sido un reto, no sab\u00edas que iba a pasar, pero el reto ha valido la pena.<\/p>\n<p><strong>\u00bfC\u00f3mo hiciste la repartici\u00f3n de temas?<\/strong><br \/>\nYo en a\u00f1o y medio hago unas 20 canciones, y empiezo a grabarlas aqu\u00ed, pero cuando las tengo casi acabadas, me planteo llevarme un par. Luego dos me parecen muy pocas, y en una semana hago seis m\u00e1s, y son las que hago en EE.UU. Yo funciono as\u00ed, a golpe de desbloqueo, a veces estoy bloqueado y a veces te desbloqueas y fluyen.<\/p>\n<p><strong>Al trabajar aqu\u00ed y all\u00ed, \u00bfha costado darles una homogeneidad para que no se note d\u00f3nde han sido grabadas y terminadas cada una?<\/strong><br \/>\nYo lo noto, hay dos discos en uno, hay un paso en la baldosa de ayer, o de hoy, y otro paso en la siguiente baldosa, me pasa en cada disco, siempre avanzo baldosa a baldosa. Hay canciones que se han quedado en el tintero, prepar\u00e9 veintitantas y se han quedado catorce, algunas las rescatar\u00e9, pero no quer\u00eda hacer un disco largo, tost\u00f3n. Entre doce y catorce canciones es mi n\u00famero para un disco. Hay diferencias, el sonido es homog\u00e9neo, es un disco s\u00f3lido, pero si noto las canciones que est\u00e1n grabadas aqu\u00ed, porque aqu\u00ed estoy m\u00e1s relajado, y las que est\u00e1n grabadas all\u00ed, porque estoy m\u00e1s en punta, con mucha atenci\u00f3n. Las de all\u00ed son m\u00e1s agresivas.<\/p>\n<p><strong>Eso de estar con un pie en la baldosa de ayer, y otro en la de hoy, \u00bfsignifica que siempre hay canciones m\u00e1s cercanas a tu disco anterior, y otras que ya apuntan al siguiente?<\/strong><br \/>\nNo hay una manera de medir esa operaci\u00f3n, quiz\u00e1 se pueda hacer con las armas, los c\u00e1lculos\u2026 Yo me muevo a golpe de intuici\u00f3n, mi percepci\u00f3n me lleva por un camino o por otro. Soy muy seguro, me puedo caer por un barranco, pero me caigo a todas. Compongo mis canciones con conocimientos escasos de m\u00fasica, tengo un curso de solfeo, aprob\u00e9 primero y lo dej\u00e9, no lo digo por orgullo, sino como an\u00e9cdota. Mi intuici\u00f3n y musicalidad me van llevando. Veo a la persona que tengo delante y le pido. Hay un peque\u00f1o secreto: estar contento, divertirte, que no haya egos, que no haya vanidad. Si alguien quiere m\u00e1s foco, m\u00e1s brillo, ya hay tensiones. Para m\u00ed lo bonito es equidad, compartir, un trabajo relajado en el que se disfruta. Todo m\u00fasico que acude a mis canciones lo pasa bien.<\/p>\n<p><strong>Para t\u00ed suele primar el mensaje, lo cuidas mucho y a menudo es muy elaborado, \u00bfc\u00f3mo logras que ese lenguaje po\u00e9tico termine en canci\u00f3n? <\/strong><br \/>\nA veces hago m\u00fasicas y no he escrito nada todav\u00eda, no hay melod\u00eda con letra, y posteriormente, escribo, la m\u00fasica me sugiere, me da un camino de enso\u00f1aci\u00f3n, hay acordes m\u00e1s tristes, otros m\u00e1s energ\u00e9ticos\u2026 Y a partir de ah\u00ed te pones a escribir. Muchas veces escribo cosas que no me sirven para la canci\u00f3n, pero no las tiro porque me gustan. El libro que he publicado, &#8216;El fruto de la rama m\u00e1s alta&#8217;, presenta escritos m\u00edos, peque\u00f1os poemas, pensamientos, filosof\u00eda de bolsillo de un servidor. Eran proyectos de letra pero han quedado sin m\u00fasica. Estoy muy contento con el libro, es mi primera experiencia literaria menor, es una cosa muy inocente, pero muy m\u00eda, con toda mi sinceridad, con mis lacras, mis quimeras, mis locuras, mis certezas\u2026 Iban a ser canciones pero se quedaron en el camino.<\/p>\n<p><strong>En el libro hay escritos, pinturas y algunas fotograf\u00edas, \u00bftambi\u00e9n eres aficionado al objetivo?<\/strong><br \/>\nS\u00ed, soy curioso profesional, no soy cotilla ni fisg\u00f3n, tengo curiosidad antropol\u00f3gica. Hago muchas fotos, tengo guardadas miles. Me interesa por una cuesti\u00f3n de curiosidad y vitalidad, soy muy vital.<\/p>\n<p><strong>Antes habl\u00e1bamos de la complejidad de las letras, de su poes\u00eda, aunque tus canciones al final son muy accesibles al p\u00fablico\u2026<\/strong><br \/>\nNo he perdido nunca mi calidad de ser callejero, aunque tu condici\u00f3n de m\u00fasico te podr\u00eda llevar a otras esferas, no he perdido de vista mi mundo original, la calle, el barrio\u2026No lo digo para ponerme una medalla, simplemente me interesa la vida de la base. La vida de las alturas intuyo que debe ser terrible, y no tengo inter\u00e9s. Puedo estar releyendo a P\u00edo Baroja, que me interesa much\u00edsimo, o a Benito P\u00e9rez Gald\u00f3s, me fascina la lengua castellana, pero a la vez estoy en el \u201cqu\u00e9 pasa t\u00edo\u201d, y en esa mezcla vive uno, entre el mundo actual y el anacronismo. Soy muy anacr\u00f3nico, me alejo porque el mundo que me ha tocado vivir no me seduce nada: el v\u00e9rtigo de la velocidad, las prisas, los coches\u2026 A\u00f1oro los trenes lentos, el tiempo en el que la gente iba a pie, en carro, en mulo\u2026 Lo he vivido un poco de la mano de mis abuelos, me ha llegado ese aroma, en la Espa\u00f1a de los a\u00f1os 70 pod\u00edas aparecer en un pueblo de Guadalajara y era rural y maravilloso. Seguro que la vida era dura, pero aut\u00e9ntica. Eso me lleva a la capacidad de expresarme de una manera llana y legible, sin aspavientos ni parafernalia.<\/p>\n<p><strong>\u00bfSueles escribir m\u00e1s sobre sentimientos o preocupaciones propias, o sobre lo que ves a tu alrededor?<\/strong><br \/>\nVuelo libre, no tengo ning\u00fan par\u00e1metro, ning\u00fan plan preconcebido. A veces cae una frase, y despu\u00e9s de esa aparici\u00f3n sorprendente, tiro del hilo para que se desenrede la madeja. A partir de ah\u00ed, puedo estar cinco d\u00edas persiguiendo un texto, o diez. No voy por ah\u00ed con el boli y la libreta en ristre. No s\u00e9 ni por qu\u00e9 escribo, es una necesidad estramb\u00f3tica. La necesidad de pintar la entiendo m\u00e1s, es una necesidad de abstracci\u00f3n, de mundo propio, de habitar un espacio personal, sin invasiones no deseadas. En este disco, en una letra, digo que una de mis diez cosas importantes es \u201cNo acudir a citas en las que el coraz\u00f3n tenga que golpetear desganado\u201d, hacer las cosas con ganas, con amor, con dignidad.<\/p>\n<p><strong>\u00bfLa exigencia en los textos te hace romper muchas letras?<\/strong><br \/>\nS\u00ed, soy un campe\u00f3n, hago una tarea ingente, no paro de escribir chorradas, buscar acordes, pintar monigotes\u2026 Luego est\u00e1 la criba, en la que tiro para atr\u00e1s algunas cosas. Soy muy cr\u00edtico conmigo mismo.<\/p>\n<p><strong>Este disco tiene diecis\u00e9is temas muy rockeros, \u00bfpor qu\u00e9 ese filo tan en\u00e9rgico?<\/strong><br \/>\nEs mi fondo. Cuando empec\u00e9 a despertar a la m\u00fasica como oyente era un cr\u00edo de 14 a\u00f1os, escuchaba a los Rolling, Led Zeppelin, bandas anglosajonas, guitarreras\u2026 Eres un cr\u00edo y piensas que es la pera, luego descubres que en Espa\u00f1a hay buena m\u00fasica, y el flamenco\u2026 Esos primeros fogonazos son rockeros, y a m\u00ed me gustan muchas m\u00fasicas del mundo, pero por encima de todo me gusta el rock and roll. Mi fondo es guitarra el\u00e9ctrica, y en este disco he vuelto a darle protagonismo.<\/p>\n<p><strong>Hablas de los cl\u00e1sicos, \u00bfsigues tambi\u00e9n la m\u00fasica m\u00e1s actual?<\/strong><br \/>\nClaro, en lo musical tengo inter\u00e9s y curiosidad absoluta, yo entro y salgo de una habitaci\u00f3n, el otro d\u00eda fui a ver a Wilco y me encant\u00f3, una banda musicalmente hablando muy buena. Me gusta mucha gente. Aqu\u00ed en Espa\u00f1a me sigue gustando Jos\u00e9 Ignacio Lapido, me encantan sus letras, su manera de enfocar una canci\u00f3n pop-rock; me encanta Ivette Nadal, una chica catalana a la que he invitado a cantar un par de canciones en el disco. Estoy alerta a lo que sale, no para juzgarlo, sino para disfrutarlo. Soy aficionado, no me interesa aislarme, aunque a lo que no le echo tiempo es a la parte social de la m\u00fasica: grupos que triunfan, fiestas, entregas de premios\u2026 Tiene poca enjundia. No me interesa nada, yo respeto a todo el mundo, pero para m\u00ed es una p\u00e9rdida de tiempo, prefiero dedicar mi tiempo a pensar en la portada de mi disco, pintar cuadros, dibujar, pasear, hablar con gente\u2026 El mundo del artista est\u00e1 basado en la vanidad. Luego hay veces que se rompe todo esto, vas a un sitio y conoces a m\u00fasicos encantadores e interesantes. Cuando la cosa es casual, me apunto, lo que no me interesa es fomentarlo.<\/p>\n<p><strong>\u00bfPermaneces tambi\u00e9n alejado de las crisis de la industria?<\/strong><br \/>\nS\u00ed, porque te puede amargar la vida. T\u00fa no lo has provocado, es lo que hay. Me interesa crear, indagar en la vida, es mi aventura. Hacer canciones, girar, grabar\u2026 Evidentemente, no paso 27 meses haciendo canciones, tambi\u00e9n salgo, me interesa vivir, tener la absoluta certeza de que estoy aprovechando mi tiempo. No paso de todo, soy un ciudadano m\u00e1s, he ido a votar, estoy interesado en el devenir de lo social. He hablado con los del 15M y me intereso en lo que hacen, pero de vez en cuando tengo que hacer canciones para defenderme del mundo.<\/p>\n<p><strong>En la presentaci\u00f3n del disco dices que &#8216;Como un burro amarrado a la puerta de un baile&#8217; te pag\u00f3 la casa y el coche. Ya no hay canciones con ese poder\u2026<\/strong><br \/>\nS\u00ed, eso ha terminado. Con suerte, por esa canci\u00f3n pagu\u00e9 la hipoteca, el coche\u2026 En &#8216;El \u00faltimo de la fila&#8217; escrib\u00edamos Quimi y yo, mitad y mitad, la m\u00fasica de ese tema la compusimos los dos, la letra fue m\u00eda.<\/p>\n<p><strong>Hay un gui\u00f1o a esa canci\u00f3n en este disco, en &#8216;Un a\u00f1o y otro a\u00f1o&#8217;, en el que mencionas el t\u00edtulo.<\/strong><br \/>\nS\u00ed, me siento igual, de otro planeta, como much\u00edsima gente. Creo que los indignados tambi\u00e9n se sienten como burros amarrados. Te sientes ajeno al fest\u00edn mal entendido y mal digerido de las grandes c\u00fapulas del poder y de las finanzas. Nos sentimos timados. Esos discursos pol\u00edticos\u2026 A la vida le falta un poco de poes\u00eda y le sobra un poco de materialismo.<\/p>\n<p><strong>Este es el n\u00famero 17 de tus discos, el 5\u00ba en solitario. El a\u00f1o pasado cumpliste 30 a\u00f1os en la m\u00fasica y no lo anunciaste a bombo y platillo, fue un cumplea\u00f1os discreto.<\/strong><br \/>\nA veces las compa\u00f1\u00edas de discos tienen que cubrir el expediente, hacer que los n\u00fameros cuadren a final de a\u00f1o, y que sus jefes no echen a todo el mundo a la calle. Pero yo lo que tengo es ganas de cosas nuevas. Ya me hace ilusi\u00f3n un nuevo disco, saldr\u00e1 el a\u00f1o que viene, dentro de dos, o tres, no lo s\u00e9, pero tengo ganas de compartir nuevas visiones. La de hoy es diferente a la de hace una semana. Yo celebro cada d\u00eda, estoy muy contento de estar aqu\u00ed contigo ahora, ese es el tiempo bien empleado para m\u00ed. Prefiero grabar canciones nuevas, seguro que a la gente le va a gustar m\u00e1s que ofrecer las mismas canciones revisadas, remezcladas o con una guitarra diferente.<\/p>\n<p><strong>Manolo, que sigas disfrutando de tu tiempo y que lo tengas\u2026<\/strong><br \/>\nComo dice el disco, cada ma\u00f1ana te levantas y est\u00e1n &#8216;Los d\u00edas intactos&#8217;. Acometer los d\u00edas de una manera positiva es mejor. Dec\u00eda un amigo, y tambi\u00e9n mi madre, que se cazan m\u00e1s moscas con miel que con vinagre.<\/p>\n<p>Fuente: POPES80 &#8211; <a href=\"http:\/\/www.popes80.com\/noticia\/index\/2649\" target=\"_blank\">ENLACE<\/a><\/div>\n","protected":false},"excerpt":{"rendered":"<p>El artista presenta \u00abLos d\u00edas intactos\u00bb en Popes80.com, en esta entrevista de Arancha Moreno. &#8216;Los d\u00edas intactos&#8217;, tu nuevo disco, es fruto de uno de tus encierros creativos. \u00bfC\u00f3mo son esos encierros en los que te dedicas a componer canciones? Son muy normales, hago una vida muy de ciudad: salgo, voy a comprar, tomo un<a class=\"moretag\" href=\"https:\/\/www.manologarciaycia.com\/?p=2071\" title=\"MG: \u00abA la vida le falta un poco de poes\u00eda y le sobra un poco de materialismo\u00bb\" target=\"_self\" rel=\"follow\"> <font face=arial size=2>[Leer m\u00e1s]<\/font> <\/a><\/p>\n","protected":false},"author":2,"featured_media":0,"comment_status":"closed","ping_status":"closed","sticky":false,"template":"","format":"standard","meta":{"footnotes":""},"categories":[1],"tags":[],"class_list":["post-2071","post","type-post","status-publish","format-standard","hentry","category-manolo-garcia"],"_links":{"self":[{"href":"https:\/\/www.manologarciaycia.com\/index.php?rest_route=\/wp\/v2\/posts\/2071","targetHints":{"allow":["GET"]}}],"collection":[{"href":"https:\/\/www.manologarciaycia.com\/index.php?rest_route=\/wp\/v2\/posts"}],"about":[{"href":"https:\/\/www.manologarciaycia.com\/index.php?rest_route=\/wp\/v2\/types\/post"}],"author":[{"embeddable":true,"href":"https:\/\/www.manologarciaycia.com\/index.php?rest_route=\/wp\/v2\/users\/2"}],"replies":[{"embeddable":true,"href":"https:\/\/www.manologarciaycia.com\/index.php?rest_route=%2Fwp%2Fv2%2Fcomments&post=2071"}],"version-history":[{"count":1,"href":"https:\/\/www.manologarciaycia.com\/index.php?rest_route=\/wp\/v2\/posts\/2071\/revisions"}],"predecessor-version":[{"id":2072,"href":"https:\/\/www.manologarciaycia.com\/index.php?rest_route=\/wp\/v2\/posts\/2071\/revisions\/2072"}],"wp:attachment":[{"href":"https:\/\/www.manologarciaycia.com\/index.php?rest_route=%2Fwp%2Fv2%2Fmedia&parent=2071"}],"wp:term":[{"taxonomy":"category","embeddable":true,"href":"https:\/\/www.manologarciaycia.com\/index.php?rest_route=%2Fwp%2Fv2%2Fcategories&post=2071"},{"taxonomy":"post_tag","embeddable":true,"href":"https:\/\/www.manologarciaycia.com\/index.php?rest_route=%2Fwp%2Fv2%2Ftags&post=2071"}],"curies":[{"name":"wp","href":"https:\/\/api.w.org\/{rel}","templated":true}]}}