{"id":2059,"date":"2011-12-01T09:38:55","date_gmt":"2011-12-01T08:38:55","guid":{"rendered":"http:\/\/petaos.net\/?p=2059"},"modified":"2011-12-01T09:38:55","modified_gmt":"2011-12-01T08:38:55","slug":"mg-posible-fecha-para-15-mayo-en-san-sebastian","status":"publish","type":"post","link":"https:\/\/www.manologarciaycia.com\/?p=2059","title":{"rendered":"MG: Posible fecha para 15 Mayo, en San Sebastian"},"content":{"rendered":"<p>La programaci\u00f3n del Kursaal sortea la crisis y re\u00fane a 39.900 espectadores. En cuanto a la nueva programaci\u00f3n de m\u00fasica popular del primer semestre figuran propuestas ya conocidas como Amaia Montero (2 de marzo) y Vetusta Morla (11 de febrero), a las que se suman los conciertos de Michael Nyman (22 de febrero), quien estrenar\u00e1 una banda sonora compuesta para un filme a\u00fan in\u00e9dito, <strong>Manolo Garc\u00eda (15 de mayo)<\/strong> y los americanos Low (30 de marzo).<\/p>\n<p>Enlace a noticia completa: <a href=\"http:\/\/www.elmundo.es\/elmundo\/2011\/11\/30\/paisvasco\/1322665695.html\" target=\"_blank\">http:\/\/www.elmundo.es\/elmundo\/2011\/11\/30\/paisvasco\/1322665695.html<\/a><\/p>\n","protected":false},"excerpt":{"rendered":"<p>La programaci\u00f3n del Kursaal sortea la crisis y re\u00fane a 39.900 espectadores. En cuanto a la nueva programaci\u00f3n de m\u00fasica popular del primer semestre figuran propuestas ya conocidas como Amaia Montero (2 de marzo) y Vetusta Morla (11 de febrero), a las que se suman los conciertos de Michael Nyman (22 de febrero), quien estrenar\u00e1<a class=\"moretag\" href=\"https:\/\/www.manologarciaycia.com\/?p=2059\" title=\"MG: Posible fecha para 15 Mayo, en San Sebastian\" target=\"_self\" rel=\"follow\"> <font face=arial size=2>[Leer m\u00e1s]<\/font> <\/a><\/p>\n","protected":false},"author":2,"featured_media":0,"comment_status":"closed","ping_status":"closed","sticky":false,"template":"","format":"standard","meta":{"footnotes":""},"categories":[1],"tags":[],"class_list":["post-2059","post","type-post","status-publish","format-standard","hentry","category-manolo-garcia"],"_links":{"self":[{"href":"https:\/\/www.manologarciaycia.com\/index.php?rest_route=\/wp\/v2\/posts\/2059","targetHints":{"allow":["GET"]}}],"collection":[{"href":"https:\/\/www.manologarciaycia.com\/index.php?rest_route=\/wp\/v2\/posts"}],"about":[{"href":"https:\/\/www.manologarciaycia.com\/index.php?rest_route=\/wp\/v2\/types\/post"}],"author":[{"embeddable":true,"href":"https:\/\/www.manologarciaycia.com\/index.php?rest_route=\/wp\/v2\/users\/2"}],"replies":[{"embeddable":true,"href":"https:\/\/www.manologarciaycia.com\/index.php?rest_route=%2Fwp%2Fv2%2Fcomments&post=2059"}],"version-history":[{"count":1,"href":"https:\/\/www.manologarciaycia.com\/index.php?rest_route=\/wp\/v2\/posts\/2059\/revisions"}],"predecessor-version":[{"id":2060,"href":"https:\/\/www.manologarciaycia.com\/index.php?rest_route=\/wp\/v2\/posts\/2059\/revisions\/2060"}],"wp:attachment":[{"href":"https:\/\/www.manologarciaycia.com\/index.php?rest_route=%2Fwp%2Fv2%2Fmedia&parent=2059"}],"wp:term":[{"taxonomy":"category","embeddable":true,"href":"https:\/\/www.manologarciaycia.com\/index.php?rest_route=%2Fwp%2Fv2%2Fcategories&post=2059"},{"taxonomy":"post_tag","embeddable":true,"href":"https:\/\/www.manologarciaycia.com\/index.php?rest_route=%2Fwp%2Fv2%2Ftags&post=2059"}],"curies":[{"name":"wp","href":"https:\/\/api.w.org\/{rel}","templated":true}]}}