{"id":2056,"date":"2011-12-01T09:30:52","date_gmt":"2011-12-01T08:30:52","guid":{"rendered":"http:\/\/petaos.net\/?p=2056"},"modified":"2011-12-01T09:31:32","modified_gmt":"2011-12-01T08:31:32","slug":"mg-entrevista-a-manolo-garcia-en-canal-sur-radio-el-publico","status":"publish","type":"post","link":"https:\/\/www.manologarciaycia.com\/?p=2056","title":{"rendered":"MG: Entrevista a Manolo Garc\u00eda en Canal Sur Radio, El P\u00fablico"},"content":{"rendered":"<p style=\"text-align: center;\">Entrevista de ayer, 30\/11\/2011 a Manolo Garc\u00eda en El P\u00fablico de Canal Sur Radio:<\/p>\n<p style=\"text-align: center;\"><strong>DESCARGA DIRECTA: <a href=\"http:\/\/www.megaupload.com\/?d=FW272EJX\" target=\"_NEW\"> ENLACE <\/a><\/strong><\/p>\n<p><img loading=\"lazy\" decoding=\"async\" class=\"alignleft\" src=\"http:\/\/www.canalsur.es\/resources\/archivos\/2010\/11\/2\/1288696251065vigorra_360x200_.jpg\" alt=\"\" width=\"360\" height=\"200\" \/>El nuevo \u00e1lbum de Manolo Garc\u00eda, &#8216;Los d\u00edas intactos&#8217;, es una de las razones que traen a este catal\u00e1n a Andaluc\u00eda, una tierra que le encanta visitar. Aprovechar\u00e1 su estancia en nuestra comunidad para charlar con Jes\u00fas Vigorra en el programa \u00abEl P\u00fablico\u00bb y descubrir que no hay quinto malo, ya que \u00e9ste es su quinto disco de estudio que incluye 14 nuevas canciones, de las que se ha elegido &#8216;Un giro teatral&#8217; como primer single.<\/p>\n<p>Este nuevo trabajo del catal\u00e1n, se ha convertido por tercera semana consecutiva en el n\u00ba 1 de la lista de los m\u00e1s vendidos en Espa\u00f1a. Adem\u00e1s, es Disco de Platino desde el mismo d\u00eda de su lanzamiento, el pasado 25 de octubre.<\/p>\n<p>Manolo Garc\u00eda, adem\u00e1s de cantante y compositor, tiene otra pasi\u00f3n como es la pintura. Grab\u00f3 sus primeros discos con grupos como Los R\u00e1pidos y Los Burros, alcanz\u00f3 el \u00e9xito comercial con El \u00daltimo de la Fila y desde 1996 continu\u00f3 su carrera en solitario. Se caracteriza por un sonido pop rock mestizo con ritmos \u00e1rabes, aflamencados y mel\u00f3dicos y por sus letras que a\u00fanan l\u00edrica y surrealismo.<\/p>\n<p>\u00abEl P\u00fablico\u00bb tiene su cita habitual con los oyentes de Canal Sur Radio, de lunes a viernes, entre las 16:00 y las 19:00 horas.<\/p>\n<p>Fuente: <a href=\"http:\/\/www.canalsur.es\/portal_rtva\/impe\/web\/noticia?id=179501\" target=\"_blank\">Canal Sur Radio<\/a><\/p>\n","protected":false},"excerpt":{"rendered":"<p>Entrevista de ayer, 30\/11\/2011 a Manolo Garc\u00eda en El P\u00fablico de Canal Sur Radio: DESCARGA DIRECTA: ENLACE El nuevo \u00e1lbum de Manolo Garc\u00eda, &#8216;Los d\u00edas intactos&#8217;, es una de las razones que traen a este catal\u00e1n a Andaluc\u00eda, una tierra que le encanta visitar. Aprovechar\u00e1 su estancia en nuestra comunidad para charlar con Jes\u00fas Vigorra<a class=\"moretag\" href=\"https:\/\/www.manologarciaycia.com\/?p=2056\" title=\"MG: Entrevista a Manolo Garc\u00eda en Canal Sur Radio, El P\u00fablico\" target=\"_self\" rel=\"follow\"> <font face=arial size=2>[Leer m\u00e1s]<\/font> <\/a><\/p>\n","protected":false},"author":2,"featured_media":0,"comment_status":"closed","ping_status":"closed","sticky":false,"template":"","format":"standard","meta":{"footnotes":""},"categories":[1],"tags":[],"class_list":["post-2056","post","type-post","status-publish","format-standard","hentry","category-manolo-garcia"],"_links":{"self":[{"href":"https:\/\/www.manologarciaycia.com\/index.php?rest_route=\/wp\/v2\/posts\/2056","targetHints":{"allow":["GET"]}}],"collection":[{"href":"https:\/\/www.manologarciaycia.com\/index.php?rest_route=\/wp\/v2\/posts"}],"about":[{"href":"https:\/\/www.manologarciaycia.com\/index.php?rest_route=\/wp\/v2\/types\/post"}],"author":[{"embeddable":true,"href":"https:\/\/www.manologarciaycia.com\/index.php?rest_route=\/wp\/v2\/users\/2"}],"replies":[{"embeddable":true,"href":"https:\/\/www.manologarciaycia.com\/index.php?rest_route=%2Fwp%2Fv2%2Fcomments&post=2056"}],"version-history":[{"count":2,"href":"https:\/\/www.manologarciaycia.com\/index.php?rest_route=\/wp\/v2\/posts\/2056\/revisions"}],"predecessor-version":[{"id":2058,"href":"https:\/\/www.manologarciaycia.com\/index.php?rest_route=\/wp\/v2\/posts\/2056\/revisions\/2058"}],"wp:attachment":[{"href":"https:\/\/www.manologarciaycia.com\/index.php?rest_route=%2Fwp%2Fv2%2Fmedia&parent=2056"}],"wp:term":[{"taxonomy":"category","embeddable":true,"href":"https:\/\/www.manologarciaycia.com\/index.php?rest_route=%2Fwp%2Fv2%2Fcategories&post=2056"},{"taxonomy":"post_tag","embeddable":true,"href":"https:\/\/www.manologarciaycia.com\/index.php?rest_route=%2Fwp%2Fv2%2Ftags&post=2056"}],"curies":[{"name":"wp","href":"https:\/\/api.w.org\/{rel}","templated":true}]}}