{"id":2040,"date":"2011-11-28T13:53:26","date_gmt":"2011-11-28T12:53:26","guid":{"rendered":"http:\/\/petaos.net\/?p=2040"},"modified":"2011-11-29T10:47:04","modified_gmt":"2011-11-29T09:47:04","slug":"mg-hoy-en-la-ser","status":"publish","type":"post","link":"https:\/\/www.manologarciaycia.com\/?p=2040","title":{"rendered":"MG: Entrevista + Ac\u00fastico en La Ventana, Cadena Ser"},"content":{"rendered":"<p><a href=\"http:\/\/petaos.net\/wp-content\/uploads\/2011\/11\/379094_244752238922613_130462427018262_667019_1695369518_n.jpg\"><img loading=\"lazy\" decoding=\"async\" class=\"alignleft size-medium wp-image-2043\" title=\"379094_244752238922613_130462427018262_667019_1695369518_n\" src=\"http:\/\/petaos.net\/wp-content\/uploads\/2011\/11\/379094_244752238922613_130462427018262_667019_1695369518_n-300x200.jpg\" alt=\"379094_244752238922613_130462427018262_667019_1695369518_n\" width=\"300\" height=\"200\" srcset=\"https:\/\/www.manologarciaycia.com\/wp-content\/uploads\/2011\/11\/379094_244752238922613_130462427018262_667019_1695369518_n-300x200.jpg 300w, https:\/\/www.manologarciaycia.com\/wp-content\/uploads\/2011\/11\/379094_244752238922613_130462427018262_667019_1695369518_n.jpg 960w\" sizes=\"auto, (max-width: 300px) 100vw, 300px\" \/><\/a>Manolo Garc\u00eda consigue un perfecto &#8216;Giro teatral&#8217;. El cantante ha visitado La Ventana para presentar D\u00edas Intactos, su nuevo disco y ha interpretado en directo para los oyentes un tema de su \u00faltimo trabajo &#8216;Un alma de papel&#8217;<\/p>\n<p>No hay quinto malo, tampoco para Manolo Garc\u00eda. D\u00edas Intactos, su quinta y nueva criatura, se ha convertido por tercera semana consecutiva en el n\u00ba1 de la lista de los m\u00e1s vendidos en Espa\u00f1a. Adem\u00e1s, es Disco de Platino desde el mismo d\u00eda de su lanzamiento, el pasado 25 de octubre. Hoy nos habla del secreto de su \u00e9xito y de c\u00f3mo ha conseguido a pesar de la crisis del sector, no s\u00f3lo mantenerse sino crecer y dar un &#8216;giro teatral&#8217;, una pirueta milagrosa que esconde, como casi todo \u00e9xito, constancia y trabajo.<\/p>\n<p>Desc\u00e1rgate la entrevista + el ac\u00fastico <a href='http:\/\/www.megaupload.com\/?d=BJNTGL8E' target=_new> DESCARGA DIRECTA<\/a><\/p>\n<p>O esc\u00fachala aqu\u00ed:<br \/>\n<br \/>\n<iframe height=\"80\" width=\"285\" frameborder=\"0\" scrolling=\"no\" src='http:\/\/www.cadenaser.com\/widget\/audio.html?file=http:\/\/sermedia-f.akamaihd.net\/cadenaser\/2011\/11\/20111128csrcsrcul_15_Aes_LAU.mp4&#038;vista=permantlink&#038;audio_urlHTML5=&#038;prog_rel=La-Ventana&#038;duracion=1390&#038;idDinamico=20111128csrcsrcul_15&#038;url=\/cultura\/audios\/gemma-entrevista-manolo-garcia-28-11-2011\/seresc\/20111128csrcsrcul_15\/Aes\/&#038;titulo=''><\/iframe><br \/>\n<br \/> Fuente: Cadena Ser<\/p>\n<p>De aqu\u00ed para all\u00e1, girando, carretera y manta y lo que se tercie pero hoy Manolo Garc\u00eda se asoma a la Ventana. Acompa\u00f1a a Gemma Nierga antes de coger rumbo a Sevilla, ciudad que visitar\u00e1 lo pr\u00f3ximos d\u00edas 30 de Noviembre y 1 de diciembre.<\/p>\n<p>Nos ha contado que los \u00faltimos tres discos los ha grabado entre Espa\u00f1a y Los \u00c1ngeles, donde ha admitido relajarse m\u00e1s. En directo hemos jugado a escuchar canciones hechas fuera y dentro del pa\u00eds. Juan Carlos Ortega ha sacado una r\u00e1pida conclusi\u00f3n \u00abNos gustas m\u00e1s cuando est\u00e1s cansado que cuando trabajas\u00bb<\/p>\n<p>Pero para demostrar el talento propio de un poeta que tiene el cantante, Ortega ha le\u00eddo una letra de una canci\u00f3n de Manolo Garc\u00eda sobre fondo de m\u00fasica cl\u00e1sica y lo ha calificado de \u00abPoes\u00eda pura y dura\u00bb<\/p>\n<p>Gemma ha comentado que este disco es sobre todo de amor a diferencia del anterior a lo que Manolo Garc\u00eda ha respondido con humor \u00abA ver si pican, yo echo el anzuelo\u00bb refiri\u00e9ndose a las mujeres.<\/p>\n<p>Finalmente el cantante ha intepretado &#8216;Un alma de papel&#8217;, un tema de su nuevo disco. Lo ha hecho sin gafas para lo que ha necesitado una letra escrita a tama\u00f1o 23. \u00abLlevo gafas desde los 14 a\u00f1os\u00bb<\/p>\n<p>Una de las pasiones de Manolo Garc\u00eda es la pintura. Su primera exposici\u00f3n sobre su obra fue en Menorca en 1992. Despu\u00e9s ha expuesto en varias ocasiones m\u00e1s en Segovia, Almer\u00eda, Barcelona, Albacete y C\u00f3rdoba. En 2004 saca al mercado otra recopilaci\u00f3n de sus obras pict\u00f3ricas llamada Vacaciones de mi mismo. En La Ventana le preguntamos por esta m\u00e1s que afici\u00f3n y hemos hablado de ello con el pintor Julio Vaquero.<\/p>\n<p>Manolo Garc\u00eda naci\u00f3 en El Poblenou, Barcelona, el 19 de agosto de 1955. Grab\u00f3 sus primeros discos con grupos como Los R\u00e1pidos y Los Burros, alcanz\u00f3 el \u00e9xito comercial con El \u00daltimo de la Fila y actualmente contin\u00faa su carrera en solitario. Se caracteriza por un sonido pop rock mestizo con ritmos \u00e1rabes, aflamencados y mel\u00f3dicos y por sus letras que a\u00fanan l\u00edrica y surrealismo.<\/p>\n<p>Fuente: Cadena Ser &#8211; <a href='http:\/\/www.cadenaser.com\/cultura\/articulo\/manolo-garcia-consigue-perfecto-giro-teatral\/serprolav\/20111128csrcsrcul_6\/Tes' target=_new>ENLACE<\/a><\/p>\n","protected":false},"excerpt":{"rendered":"<p>Manolo Garc\u00eda consigue un perfecto &#8216;Giro teatral&#8217;. El cantante ha visitado La Ventana para presentar D\u00edas Intactos, su nuevo disco y ha interpretado en directo para los oyentes un tema de su \u00faltimo trabajo &#8216;Un alma de papel&#8217; No hay quinto malo, tampoco para Manolo Garc\u00eda. D\u00edas Intactos, su quinta y nueva criatura, se ha<a class=\"moretag\" href=\"https:\/\/www.manologarciaycia.com\/?p=2040\" title=\"MG: Entrevista + Ac\u00fastico en La Ventana, Cadena Ser\" target=\"_self\" rel=\"follow\"> <font face=arial size=2>[Leer m\u00e1s]<\/font> <\/a><\/p>\n","protected":false},"author":2,"featured_media":0,"comment_status":"closed","ping_status":"closed","sticky":false,"template":"","format":"standard","meta":{"footnotes":""},"categories":[1],"tags":[],"class_list":["post-2040","post","type-post","status-publish","format-standard","hentry","category-manolo-garcia"],"_links":{"self":[{"href":"https:\/\/www.manologarciaycia.com\/index.php?rest_route=\/wp\/v2\/posts\/2040","targetHints":{"allow":["GET"]}}],"collection":[{"href":"https:\/\/www.manologarciaycia.com\/index.php?rest_route=\/wp\/v2\/posts"}],"about":[{"href":"https:\/\/www.manologarciaycia.com\/index.php?rest_route=\/wp\/v2\/types\/post"}],"author":[{"embeddable":true,"href":"https:\/\/www.manologarciaycia.com\/index.php?rest_route=\/wp\/v2\/users\/2"}],"replies":[{"embeddable":true,"href":"https:\/\/www.manologarciaycia.com\/index.php?rest_route=%2Fwp%2Fv2%2Fcomments&post=2040"}],"version-history":[{"count":8,"href":"https:\/\/www.manologarciaycia.com\/index.php?rest_route=\/wp\/v2\/posts\/2040\/revisions"}],"predecessor-version":[{"id":2042,"href":"https:\/\/www.manologarciaycia.com\/index.php?rest_route=\/wp\/v2\/posts\/2040\/revisions\/2042"}],"wp:attachment":[{"href":"https:\/\/www.manologarciaycia.com\/index.php?rest_route=%2Fwp%2Fv2%2Fmedia&parent=2040"}],"wp:term":[{"taxonomy":"category","embeddable":true,"href":"https:\/\/www.manologarciaycia.com\/index.php?rest_route=%2Fwp%2Fv2%2Fcategories&post=2040"},{"taxonomy":"post_tag","embeddable":true,"href":"https:\/\/www.manologarciaycia.com\/index.php?rest_route=%2Fwp%2Fv2%2Ftags&post=2040"}],"curies":[{"name":"wp","href":"https:\/\/api.w.org\/{rel}","templated":true}]}}