{"id":19838,"date":"2019-10-04T07:11:08","date_gmt":"2019-10-04T05:11:08","guid":{"rendered":"https:\/\/www.manologarciaycia.com\/?p=19838"},"modified":"2019-10-04T07:11:11","modified_gmt":"2019-10-04T05:11:11","slug":"nunca-el-tiempo-es-perdido-con-manolo-garcia-en-gijon","status":"publish","type":"post","link":"https:\/\/www.manologarciaycia.com\/?p=19838","title":{"rendered":"Nunca el tiempo es perdido con Manolo Garc\u00eda en Gij\u00f3n"},"content":{"rendered":"\n<p>A nadie extra\u00f1e que durante dos d\u00edas&nbsp;<strong>Manolo Garc\u00eda<\/strong>&nbsp;cuelgue el cartel de \u00abno hay billetes\u00bb en el Jovellanos. Al veterano cantante se le estima en esta tierra y \u00e9l, que lo sabe, no ahorra gui\u00f1os a Asturias, como cuando se refiri\u00f3 a su familia asturiana o record\u00f3 a la regi\u00f3n \u00abde les vaques\u00bb que sufri\u00f3 una rotunda reconversi\u00f3n l\u00e1ctea, entre otras reconversiones.<\/p>\n\n\n\n<p>Como Manolo Garc\u00eda es un artista \u00edntegro, sin cuota de mala leche, recibi\u00f3 una ovaci\u00f3n cerrada nada m\u00e1s asomarse al escenario del coliseo gijon\u00e9s, donde hizo repaso de viejos temas legendarios de su discograf\u00eda, como \u00abP\u00e1jaros de barro\u00bb, \u00abA San Fernando\u00bb, \u00abL\u00e1piz y tinta\u00bb o \u00abNunca el tiempo es perdido\u00bb, con otros m\u00e1s recientes, como \u00abOc\u00e9ano azul\u00bb, \u00abRuedo rodar\u00e9\u00bb o \u00abEl fr\u00edo de la noche\u00bb.<\/p>\n\n\n\n<p>El se\u00f1or Garc\u00eda comenz\u00f3 el concierto con \u00abSan Genaro\u00bb, acompa\u00f1ado de guitarra ac\u00fastica, a la que se fueron sumando instrumentos de una banda muy nutrida: guitarras, flauta, viol\u00edn, percusiones, teclados&#8230; con un sonido limpio y equilibrado. Desde el primer minuto se percibe emoci\u00f3n contenida en el patio de butacas, tal vez por influencia del tono ac\u00fastico del recital. Hacia la cuarta canci\u00f3n se escuchan las primeras palmas.<\/p>\n\n\n\n<p>El ambiente se va caldeando con temas de discos m\u00edticos como \u00abArena en los bolsillos\u00bb o \u00abLa sombra de una palmera\u00bb, que suena en comp\u00e1s flamenco. No escatima los temas sociales en su di\u00e1logo, entre canci\u00f3n y canci\u00f3n, con el p\u00fablico: la violencia de g\u00e9nero, el maltrato al medio ambiente&#8230; Con \u00abP\u00e1jaros de barro\u00bb, todo el teatro canta a una sola voz.<\/p>\n\n\n\n<p>\u00abVan a ser tres horas de bolos\u00bb, dijo el artista al arrancar. Y cumpli\u00f3. Y su p\u00fablico de fieles bien que se lo agradeci\u00f3.<\/p>\n\n\n\n<p>Fuente: LNE &#8211; E.V. &#8211; Foto F. Rodriguez &#8211; <a href=\"https:\/\/www.lne.es\/vida-y-estilo\/gente\/2019\/10\/04\/tiempo-perdido-manolo-garcia-gijon\/2538587.html\" target=\"_blank\" rel=\"noreferrer noopener\" aria-label=\"ENLACE (abre en una nueva pesta\u00f1a)\">ENLACE<\/a><br><\/p>\n\n\n\n<p><\/p>\n\n\n\n<p><\/p>\n","protected":false},"excerpt":{"rendered":"<p>A nadie extra\u00f1e que durante dos d\u00edas&nbsp;Manolo Garc\u00eda&nbsp;cuelgue el cartel de \u00abno hay billetes\u00bb en el Jovellanos. Al veterano cantante se le estima en esta tierra y \u00e9l, que lo sabe, no ahorra gui\u00f1os a Asturias, como cuando se refiri\u00f3 a su familia asturiana o record\u00f3 a la regi\u00f3n \u00abde les vaques\u00bb que sufri\u00f3 una<a class=\"moretag\" href=\"https:\/\/www.manologarciaycia.com\/?p=19838\" title=\"Nunca el tiempo es perdido con Manolo Garc\u00eda en Gij\u00f3n\" target=\"_self\" rel=\"follow\"> <font face=arial size=2>[Leer m\u00e1s]<\/font> <\/a><\/p>\n","protected":false},"author":2,"featured_media":19839,"comment_status":"closed","ping_status":"closed","sticky":false,"template":"","format":"standard","meta":{"footnotes":""},"categories":[1],"tags":[],"class_list":["post-19838","post","type-post","status-publish","format-standard","has-post-thumbnail","hentry","category-manolo-garcia"],"_links":{"self":[{"href":"https:\/\/www.manologarciaycia.com\/index.php?rest_route=\/wp\/v2\/posts\/19838","targetHints":{"allow":["GET"]}}],"collection":[{"href":"https:\/\/www.manologarciaycia.com\/index.php?rest_route=\/wp\/v2\/posts"}],"about":[{"href":"https:\/\/www.manologarciaycia.com\/index.php?rest_route=\/wp\/v2\/types\/post"}],"author":[{"embeddable":true,"href":"https:\/\/www.manologarciaycia.com\/index.php?rest_route=\/wp\/v2\/users\/2"}],"replies":[{"embeddable":true,"href":"https:\/\/www.manologarciaycia.com\/index.php?rest_route=%2Fwp%2Fv2%2Fcomments&post=19838"}],"version-history":[{"count":1,"href":"https:\/\/www.manologarciaycia.com\/index.php?rest_route=\/wp\/v2\/posts\/19838\/revisions"}],"predecessor-version":[{"id":19840,"href":"https:\/\/www.manologarciaycia.com\/index.php?rest_route=\/wp\/v2\/posts\/19838\/revisions\/19840"}],"wp:featuredmedia":[{"embeddable":true,"href":"https:\/\/www.manologarciaycia.com\/index.php?rest_route=\/wp\/v2\/media\/19839"}],"wp:attachment":[{"href":"https:\/\/www.manologarciaycia.com\/index.php?rest_route=%2Fwp%2Fv2%2Fmedia&parent=19838"}],"wp:term":[{"taxonomy":"category","embeddable":true,"href":"https:\/\/www.manologarciaycia.com\/index.php?rest_route=%2Fwp%2Fv2%2Fcategories&post=19838"},{"taxonomy":"post_tag","embeddable":true,"href":"https:\/\/www.manologarciaycia.com\/index.php?rest_route=%2Fwp%2Fv2%2Ftags&post=19838"}],"curies":[{"name":"wp","href":"https:\/\/api.w.org\/{rel}","templated":true}]}}