{"id":19835,"date":"2019-10-03T18:36:10","date_gmt":"2019-10-03T16:36:10","guid":{"rendered":"https:\/\/www.manologarciaycia.com\/?p=19835"},"modified":"2019-10-03T18:36:18","modified_gmt":"2019-10-03T16:36:18","slug":"manolo-garcia-reanuda-hoy-en-gijon-su-gira-acustica","status":"publish","type":"post","link":"https:\/\/www.manologarciaycia.com\/?p=19835","title":{"rendered":"Manolo Garc\u00eda reanuda hoy en Gij\u00f3n su gira ac\u00fastica"},"content":{"rendered":"\n<p>Tras la intensa y aclamada gira del pasado a\u00f1o, de alto voltaje y con doble banda, y los dos premios cosechados el pasado oto\u00f1o, el Premio Ondas a la Trayectoria y el Latin Grammy 2018 al mejor \u00e1lbum Pop Rock por Geometr\u00eda del Rayo, Manolo Garc\u00eda ha salido este a\u00f1o a la carretera para hacer la primera gira ac\u00fastica de toda su extensa carrera art\u00edstica.<\/p>\n\n\n\n<p>Gira de conciertos ac\u00fasticos pero con todo el despliegue y la entrega a la que acostumbra el m\u00fasico barcelon\u00e9s, acompa\u00f1ado por siete m\u00fasicos en el escenario, el mejor sonido de directo y un magn\u00edfico dise\u00f1o de luces; adem\u00e1s de la envolvente escenograf\u00eda, dise\u00f1ada por el propio Garc\u00eda.<\/p>\n\n\n\n<p>Una gira de cincuenta y cinco conciertos con los que Manolo Garc\u00eda ha querido llevar sus conciertos a ciudades donde hac\u00eda a\u00f1os que sus giras no hab\u00edan podido recalar.<br>Tras unas semanas, Manolo Garc\u00eda empieza la recta final de gira, que dar\u00e1 su fin en diciembre con cinco conciertos en Madrid y otros siete en Barcelona.<\/p>\n\n\n\n<p>Fuente: Manolo Garc\u00eda &#8211; https:\/\/www.manolo-garcia.com\/2019\/10\/03\/manolo-garcia-reanuda-hoy-en-gijon-su-gira-acustica\/ <\/p>\n","protected":false},"excerpt":{"rendered":"<p>Tras la intensa y aclamada gira del pasado a\u00f1o, de alto voltaje y con doble banda, y los dos premios cosechados el pasado oto\u00f1o, el Premio Ondas a la Trayectoria y el Latin Grammy 2018 al mejor \u00e1lbum Pop Rock por Geometr\u00eda del Rayo, Manolo Garc\u00eda ha salido este a\u00f1o a la carretera para hacer<a class=\"moretag\" href=\"https:\/\/www.manologarciaycia.com\/?p=19835\" title=\"Manolo Garc\u00eda reanuda hoy en Gij\u00f3n su gira ac\u00fastica\" target=\"_self\" rel=\"follow\"> <font face=arial size=2>[Leer m\u00e1s]<\/font> <\/a><\/p>\n","protected":false},"author":2,"featured_media":19836,"comment_status":"closed","ping_status":"closed","sticky":false,"template":"","format":"standard","meta":{"footnotes":""},"categories":[1],"tags":[],"class_list":["post-19835","post","type-post","status-publish","format-standard","has-post-thumbnail","hentry","category-manolo-garcia"],"_links":{"self":[{"href":"https:\/\/www.manologarciaycia.com\/index.php?rest_route=\/wp\/v2\/posts\/19835","targetHints":{"allow":["GET"]}}],"collection":[{"href":"https:\/\/www.manologarciaycia.com\/index.php?rest_route=\/wp\/v2\/posts"}],"about":[{"href":"https:\/\/www.manologarciaycia.com\/index.php?rest_route=\/wp\/v2\/types\/post"}],"author":[{"embeddable":true,"href":"https:\/\/www.manologarciaycia.com\/index.php?rest_route=\/wp\/v2\/users\/2"}],"replies":[{"embeddable":true,"href":"https:\/\/www.manologarciaycia.com\/index.php?rest_route=%2Fwp%2Fv2%2Fcomments&post=19835"}],"version-history":[{"count":1,"href":"https:\/\/www.manologarciaycia.com\/index.php?rest_route=\/wp\/v2\/posts\/19835\/revisions"}],"predecessor-version":[{"id":19837,"href":"https:\/\/www.manologarciaycia.com\/index.php?rest_route=\/wp\/v2\/posts\/19835\/revisions\/19837"}],"wp:featuredmedia":[{"embeddable":true,"href":"https:\/\/www.manologarciaycia.com\/index.php?rest_route=\/wp\/v2\/media\/19836"}],"wp:attachment":[{"href":"https:\/\/www.manologarciaycia.com\/index.php?rest_route=%2Fwp%2Fv2%2Fmedia&parent=19835"}],"wp:term":[{"taxonomy":"category","embeddable":true,"href":"https:\/\/www.manologarciaycia.com\/index.php?rest_route=%2Fwp%2Fv2%2Fcategories&post=19835"},{"taxonomy":"post_tag","embeddable":true,"href":"https:\/\/www.manologarciaycia.com\/index.php?rest_route=%2Fwp%2Fv2%2Ftags&post=19835"}],"curies":[{"name":"wp","href":"https:\/\/api.w.org\/{rel}","templated":true}]}}