{"id":19832,"date":"2019-10-03T14:00:36","date_gmt":"2019-10-03T12:00:36","guid":{"rendered":"https:\/\/www.manologarciaycia.com\/?p=19832"},"modified":"2019-10-03T14:01:06","modified_gmt":"2019-10-03T12:01:06","slug":"manolo-garcia-en-acustico-llenara-el-jovellanos","status":"publish","type":"post","link":"https:\/\/www.manologarciaycia.com\/?p=19832","title":{"rendered":"Manolo Garc\u00eda, en ac\u00fastico, llenar\u00e1 el Jovellanos"},"content":{"rendered":"\n<h2 class=\"wp-block-heading\">\u00abEs el premio que me he dado a m\u00e1s de tres d\u00e9cadas en la carretera\u00bb, asegura el cantautor, que est\u00e1 \u00abdisfrutando much\u00edsimo\u00bb con este formato<\/h2>\n\n\n\n<p><\/p>\n\n\n\n<p>Tard\u00f3 tres a\u00f1os, pero ya est\u00e1 de vuelta, y por todo lo alto. Manolo Garc\u00eda actuar\u00e1 hoy y ma\u00f1ana (20.30 horas) en un&nbsp;<a href=\"https:\/\/ocio.lne.es\/agenda\/ocio-asturias\/teatros\/gijon\/lug-15-teatro-jovellanos.html\">teatro Jovellanos<\/a>&nbsp;de Gij\u00f3n sin butacas libres, en un concierto ac\u00fastico que, como \u00e9l mismo asegura, \u00abes el premio que me he dado tras m\u00e1s de tres d\u00e9cadas en la carretera\u00bb. Ser\u00e1 un recital m\u00e1s \u00edntimo donde \u00abpor fin me dejan cantar\u00bb y en el que, confiesa, \u00abestoy disfrutando much\u00edsimo porque puedo trabajar mejor la voz y las miradas se encuentran m\u00e1s f\u00e1cilmente\u00bb.<\/p>\n\n\n\n<p>Bromea Manolo Garc\u00eda asegurando que si el Jovellanos est\u00e1 lleno dos d\u00edas seguidos para verle es porque \u00abme lo he ganado, he trabajado mucho siempre y con mucho cari\u00f1o, cuidando a la gente, he sido muy currante\u00bb. Y es que, para quien es de forma un\u00e1nime uno de los mejores cantautores espa\u00f1oles de la historia, \u00ablo dif\u00edcil no es llegar, es mantenerse, y para ello lo primero tiene que ser respetar al p\u00fablico y mantener una obra coherente, cautivadora, que llegue\u00bb. Los conciertos, promete, ser\u00e1n \u00abuna suerte por poder echar un rato de m\u00fasica, cultura, poes\u00eda, ganas, emoci\u00f3n y pasi\u00f3n\u00bb.<\/p>\n\n\n\n<p>Fuente: LNE- Foto Angel Gonzalez &#8211; <a rel=\"noreferrer noopener\" aria-label=\"Enlace  (abre en una nueva pesta\u00f1a)\" href=\"https:\/\/www.lne.es\/vida-y-estilo\/gente\/2019\/10\/03\/manolo-garcia-acustico-llenara-jovellanos\/2538102.html\" target=\"_blank\">Enlace <\/a><\/p>\n","protected":false},"excerpt":{"rendered":"<p>\u00abEs el premio que me he dado a m\u00e1s de tres d\u00e9cadas en la carretera\u00bb, asegura el cantautor, que est\u00e1 \u00abdisfrutando much\u00edsimo\u00bb con este formato Tard\u00f3 tres a\u00f1os, pero ya est\u00e1 de vuelta, y por todo lo alto. Manolo Garc\u00eda actuar\u00e1 hoy y ma\u00f1ana (20.30 horas) en un&nbsp;teatro Jovellanos&nbsp;de Gij\u00f3n sin butacas libres, en un<a class=\"moretag\" href=\"https:\/\/www.manologarciaycia.com\/?p=19832\" title=\"Manolo Garc\u00eda, en ac\u00fastico, llenar\u00e1 el Jovellanos\" target=\"_self\" rel=\"follow\"> <font face=arial size=2>[Leer m\u00e1s]<\/font> <\/a><\/p>\n","protected":false},"author":2,"featured_media":19833,"comment_status":"closed","ping_status":"closed","sticky":false,"template":"","format":"standard","meta":{"footnotes":""},"categories":[1],"tags":[],"class_list":["post-19832","post","type-post","status-publish","format-standard","has-post-thumbnail","hentry","category-manolo-garcia"],"_links":{"self":[{"href":"https:\/\/www.manologarciaycia.com\/index.php?rest_route=\/wp\/v2\/posts\/19832","targetHints":{"allow":["GET"]}}],"collection":[{"href":"https:\/\/www.manologarciaycia.com\/index.php?rest_route=\/wp\/v2\/posts"}],"about":[{"href":"https:\/\/www.manologarciaycia.com\/index.php?rest_route=\/wp\/v2\/types\/post"}],"author":[{"embeddable":true,"href":"https:\/\/www.manologarciaycia.com\/index.php?rest_route=\/wp\/v2\/users\/2"}],"replies":[{"embeddable":true,"href":"https:\/\/www.manologarciaycia.com\/index.php?rest_route=%2Fwp%2Fv2%2Fcomments&post=19832"}],"version-history":[{"count":1,"href":"https:\/\/www.manologarciaycia.com\/index.php?rest_route=\/wp\/v2\/posts\/19832\/revisions"}],"predecessor-version":[{"id":19834,"href":"https:\/\/www.manologarciaycia.com\/index.php?rest_route=\/wp\/v2\/posts\/19832\/revisions\/19834"}],"wp:featuredmedia":[{"embeddable":true,"href":"https:\/\/www.manologarciaycia.com\/index.php?rest_route=\/wp\/v2\/media\/19833"}],"wp:attachment":[{"href":"https:\/\/www.manologarciaycia.com\/index.php?rest_route=%2Fwp%2Fv2%2Fmedia&parent=19832"}],"wp:term":[{"taxonomy":"category","embeddable":true,"href":"https:\/\/www.manologarciaycia.com\/index.php?rest_route=%2Fwp%2Fv2%2Fcategories&post=19832"},{"taxonomy":"post_tag","embeddable":true,"href":"https:\/\/www.manologarciaycia.com\/index.php?rest_route=%2Fwp%2Fv2%2Ftags&post=19832"}],"curies":[{"name":"wp","href":"https:\/\/api.w.org\/{rel}","templated":true}]}}