{"id":19826,"date":"2019-10-03T09:10:14","date_gmt":"2019-10-03T07:10:14","guid":{"rendered":"https:\/\/www.manologarciaycia.com\/?p=19826"},"modified":"2019-10-03T09:13:13","modified_gmt":"2019-10-03T07:13:13","slug":"los-acusticos-me-hacen-un-poco-mas-feliz","status":"publish","type":"post","link":"https:\/\/www.manologarciaycia.com\/?p=19826","title":{"rendered":"Manolo Garc\u00eda: \u00abLos ac\u00fasticos me hacen un poco m\u00e1s feliz\u00bb"},"content":{"rendered":"\n<h2 class=\"wp-block-heading\">Manolo Garc\u00eda llenar\u00e1 hoy y ma\u00f1ana el Jovellanos de Gij\u00f3n dentro de su gira nacional<\/h2>\n\n\n\n<p>Manolo Garc\u00eda retomar\u00e1 esta noche en Gij\u00f3n su gira ac\u00fastica. Hoy y ma\u00f1ana el artista catal\u00e1n ha colgado el cartel de no hay billetes en el Teatro Jovellanos, un hecho que se est\u00e1 convirtiendo en habitual desde que comenzara su gira el pasado mes de abril. En los veintis\u00e9is conciertos que ha dado este a\u00f1o, Garc\u00eda ha llenado en diecinueve de ellos para seguir demostrando lo incombustible de su car\u00e1cter y talento. Nada nuevo para un artista que inici\u00f3 su carrera musical en 1980 con el grupo Los R\u00e1pidos.<\/p>\n\n\n\n<p>Hac\u00eda m\u00e1s de tres a\u00f1os que no actuaba en Gij\u00f3n porque dice no querer cansar al p\u00fablico y \u00abhacerme pesado\u00bb. En su nueva gira, el catal\u00e1n saca a relucir su lado m\u00e1s \u00edntimo con los conciertos ac\u00fasticos, \u00abpor fin me dejan cantar y escuchar mi voz\u00bb, asegura el cantante sobre su nueva faceta. Aunque no reniega del rock que le ha acompa\u00f1ado durante toda su carrera, cree que en esta nueva tanda de conciertos es \u00abun poco m\u00e1s feliz\u00bb porque trabaja mejor la voz acompa\u00f1ado guitarras espa\u00f1olas, ac\u00fasticas, pianos, la\u00fades y violines. Instrumentos suaves en el nuevo \u00e1ngulo que est\u00e1 mostrando este a\u00f1o el hist\u00f3rico cantante barcelon\u00e9s. Acostumbrado a grandes recintos, ahora asegura que \u00ablos conciertos grandes son un ejercicio de sacar m\u00fasculo. En este ambiente m\u00e1s reducido encuentras las miradas del p\u00fablico, y vivimos juntos la emoci\u00f3n de un concierto limpio y lleno de matices\u00bb. A su gira &#8216;Ac\u00fastico, Ac\u00fastico, Ac\u00fastico&#8217; la considera un \u00abpremio a la constancia y el trabajo\u00bb donde insuflar\u00e1 nuevas sonoridades a las canciones de \u00e1lbumes tan aclamados como &#8216;Arena en los bolsillos&#8217;, &#8216;Para que no se duerman mis sentidos&#8217; o &#8216;Geometr\u00eda del rayo&#8217;. Este \u00faltimo fue publicado el a\u00f1o pasado, y recibi\u00f3 el Grammy Latino al mejor \u00e1lbum Pop Rock.PUBLICIDAD<\/p>\n\n\n\n<p>Manolo Garc\u00eda m\u00e1s pr\u00f3ximo que nunca, asume nuevos retos en su gira que tiene programados cincuenta y cuatro conciertos en el territorio nacional. Ha llenado en muchos, y llenar\u00e1 en otros tantos en los que desde hace semanas ya no hay localidades libres. Un lleno tras otro que dice se merece porque \u00abme lo he ganado. Mi trabajo est\u00e1 lleno de cari\u00f1o, y siempre he tenido en cuenta a mi p\u00fablico. He llegado al \u00e9xito, y me he sabido mantener porque he respetado a mi gente y he ofrecido una obra cautivadora que ha llegado al p\u00fablico durante m\u00e1s de treinta a\u00f1os\u00bb.<\/p>\n\n\n\n<p>Artista camale\u00f3nico, Manolo Garc\u00eda siempre ha mantenido en paralelo una prol\u00edfica creaci\u00f3n pict\u00f3rica. Sobre su obra asegura que \u00able encantar\u00eda\u00bb que Gij\u00f3n encontrara un espacio para poder exponerla. Aunque ya expuso en Pola de Siero hace siete a\u00f1os, no pierde la esperanza de mostrar sin \u00e1nimo de lucro su nueva colecci\u00f3n en Asturias.<\/p>\n\n\n\n<p>Asimismo, tambi\u00e9n han sido publicados tres libros sobre sus dibujos y pinturas. De arrebatadora vida, una recopilaci\u00f3n de sus cuadros pintados entre 1985 y 1992; Vacaciones de m\u00ed mismo (2004) con un largo recorrido por toda su obra pict\u00f3rica y El Fruto de la rama m\u00e1s alta (2011).<\/p>\n\n\n\n<p>Fuente: El Comercio &#8211; Guillermo Maese &#8211; Foto Arnaldo Garc\u00eda &#8211; <a rel=\"noreferrer noopener\" aria-label=\"ENLACE (abre en una nueva pesta\u00f1a)\" href=\"https:\/\/www.elcomercio.es\/culturas\/musica\/acusticos-poco-feliz-20191003002638-ntvo.html\" target=\"_blank\">ENLACE<\/a><\/p>\n","protected":false},"excerpt":{"rendered":"<p>Manolo Garc\u00eda llenar\u00e1 hoy y ma\u00f1ana el Jovellanos de Gij\u00f3n dentro de su gira nacional Manolo Garc\u00eda retomar\u00e1 esta noche en Gij\u00f3n su gira ac\u00fastica. Hoy y ma\u00f1ana el artista catal\u00e1n ha colgado el cartel de no hay billetes en el Teatro Jovellanos, un hecho que se est\u00e1 convirtiendo en habitual desde que comenzara su<a class=\"moretag\" href=\"https:\/\/www.manologarciaycia.com\/?p=19826\" title=\"Manolo Garc\u00eda: \u00abLos ac\u00fasticos me hacen un poco m\u00e1s feliz\u00bb\" target=\"_self\" rel=\"follow\"> <font face=arial size=2>[Leer m\u00e1s]<\/font> <\/a><\/p>\n","protected":false},"author":2,"featured_media":19828,"comment_status":"closed","ping_status":"closed","sticky":false,"template":"","format":"standard","meta":{"footnotes":""},"categories":[1],"tags":[],"class_list":["post-19826","post","type-post","status-publish","format-standard","has-post-thumbnail","hentry","category-manolo-garcia"],"_links":{"self":[{"href":"https:\/\/www.manologarciaycia.com\/index.php?rest_route=\/wp\/v2\/posts\/19826","targetHints":{"allow":["GET"]}}],"collection":[{"href":"https:\/\/www.manologarciaycia.com\/index.php?rest_route=\/wp\/v2\/posts"}],"about":[{"href":"https:\/\/www.manologarciaycia.com\/index.php?rest_route=\/wp\/v2\/types\/post"}],"author":[{"embeddable":true,"href":"https:\/\/www.manologarciaycia.com\/index.php?rest_route=\/wp\/v2\/users\/2"}],"replies":[{"embeddable":true,"href":"https:\/\/www.manologarciaycia.com\/index.php?rest_route=%2Fwp%2Fv2%2Fcomments&post=19826"}],"version-history":[{"count":2,"href":"https:\/\/www.manologarciaycia.com\/index.php?rest_route=\/wp\/v2\/posts\/19826\/revisions"}],"predecessor-version":[{"id":19829,"href":"https:\/\/www.manologarciaycia.com\/index.php?rest_route=\/wp\/v2\/posts\/19826\/revisions\/19829"}],"wp:featuredmedia":[{"embeddable":true,"href":"https:\/\/www.manologarciaycia.com\/index.php?rest_route=\/wp\/v2\/media\/19828"}],"wp:attachment":[{"href":"https:\/\/www.manologarciaycia.com\/index.php?rest_route=%2Fwp%2Fv2%2Fmedia&parent=19826"}],"wp:term":[{"taxonomy":"category","embeddable":true,"href":"https:\/\/www.manologarciaycia.com\/index.php?rest_route=%2Fwp%2Fv2%2Fcategories&post=19826"},{"taxonomy":"post_tag","embeddable":true,"href":"https:\/\/www.manologarciaycia.com\/index.php?rest_route=%2Fwp%2Fv2%2Ftags&post=19826"}],"curies":[{"name":"wp","href":"https:\/\/api.w.org\/{rel}","templated":true}]}}