{"id":19819,"date":"2019-09-30T09:20:31","date_gmt":"2019-09-30T07:20:31","guid":{"rendered":"https:\/\/www.manologarciaycia.com\/?p=19819"},"modified":"2019-09-30T09:21:39","modified_gmt":"2019-09-30T07:21:39","slug":"maria-pages-manolo-garcia-david-russell-y-la-cubana-sobre-las-tablas-del-jovellanos","status":"publish","type":"post","link":"https:\/\/www.manologarciaycia.com\/?p=19819","title":{"rendered":"Mar\u00eda Pag\u00e9s, Manolo Garc\u00eda, David Russell y \u201cLa Cubana\u201d, sobre las tablas del Jovellanos"},"content":{"rendered":"\n<p> El teatro protagoniza la oferta de programaci\u00f3n del coliseo gijon\u00e9s para el segundo semestre del a\u00f1o con una destacada presencia de grupos asturianos <\/p>\n\n\n\n<p>La puesta en escena el 6 de julio de<strong>&nbsp;\u201cHorror. El show que nunca se debi\u00f3 hacer\u201d, el ya conocido homenaje asturiano a la incombustible \u201cRocky Horror Picture Show\u201d con la presencia del medi\u00e1tico Rodrigo Cuevas<\/strong>, es s\u00f3lo la primera de las casi cuarenta propuestas que tienen ya hueco en la programaci\u00f3n del&nbsp;<strong>teatro Jovellanos<\/strong>&nbsp;para el segundo semestre de este a\u00f1o. Una programaci\u00f3n que debe pasar el lunes el filtro del consejo de administraci\u00f3n de la empresa municipal Divertia, como responsable del coliseo gijon\u00e9s, y que resulta menos rimbombante que en otras ediciones por la situaci\u00f3n de un Ayuntamiento afectado por el proceso electoral y las limitaciones de gasto por el incumplimiento de la ley de estabilidad.<\/p>\n\n\n\n<p><strong>Danza, circo, m\u00fasica y teatro -sobre todo teatro-<\/strong>&nbsp;conforman la apuesta de un semestre con mucho sabor asturiano. Desde la comedia astur-pop&nbsp;<strong>\u201cSidra en vena\u201d<\/strong>&nbsp;a la siempre exitosa Compa\u00f1\u00eda Asturiana de Comedias pasando por&nbsp;<strong>\u201cJ\u2019attendrai\u201d de Jos\u00e9 Ram\u00f3n Fern\u00e1ndez<\/strong>&nbsp;<strong>con \u00c1nimo de Lucro<\/strong>&nbsp;como ganadores del premio Jovellanos a la producci\u00f3n esc\u00e9nica.<\/p>\n\n\n\n<p>Entre los rostros reconocibles del teatro, cine y televisi\u00f3n que pasaron por el Jovellanos est\u00e1n Ana Marzoa y Mar\u00eda Ad\u00e1nez con&nbsp;<strong>\u201cDivinas Palabras\u201d<\/strong>&nbsp;de Valle-Incl\u00e1n, Kiti M\u00e1nver, Mar\u00eda Casto y Gorka Otxoa con<strong>&nbsp;\u201cJuntos\u201d<\/strong>, Roberto \u00c1lvarez con&nbsp;<strong>\u201cIntocables\u201d<\/strong>; Miguel Rell\u00e1n, Carmen Ru\u00edz y Eloy Azor\u00edn con&nbsp;<strong>\u201cSiete a\u00f1os\u201d<\/strong>&nbsp;y Emilio Guti\u00e9rrez Caba y Carlos Hip\u00f3lito con&nbsp;<strong>\u201cCopenhague\u201d<\/strong>.<\/p>\n\n\n\n<p>Uno de los platos fuertes del verano, con catorce representaciones al empezar agosto, ser\u00e1 La Cubana con su<strong>&nbsp;\u201cAdi\u00f3s Arturo\u201d<\/strong>&nbsp;y, desde otros registros, la Compa\u00f1\u00eda Nacional de Teatro Cl\u00e1sico traer\u00e1&nbsp;<strong>\u201cComedia Aquilana\u201d<\/strong>&nbsp;y el Centro Dram\u00e1tico Nacional viene con<strong>&nbsp;\u201cEl Mago\u201d<\/strong>. La danza tiene como nombres propios a Mar\u00eda Pag\u00e9s que llega con&nbsp;<strong>\u201cYo, Carmen\u201d<\/strong>&nbsp;y al V\u00edctor Ullate Ballet con su&nbsp;<strong>\u201cAnt\u00edgona\u201d<\/strong>. Y el \u201cAc\u00fastico\u201d de Manolo Garc\u00eda es la propuesta de m\u00fasica popular m\u00e1s rese\u00f1able de la programaci\u00f3n del Jovellanos. Igual que en cl\u00e1sica destaca el guitarrista David Russell, ganador de un Grammy en 2005.<\/p>\n\n\n\n<p>Fuente: La Nueva Espa\u00f1a &#8211; <a href=\"https:\/\/afondo.lne.es\/gijon\/maria-pages-manolo-garcia-david-russell-y-la-cubana-sobre-las-tablas-del-jovellanos.html\" target=\"_blank\" rel=\"noreferrer noopener\" aria-label=\"ENLACE (abre en una nueva pesta\u00f1a)\">ENLACE<\/a><\/p>\n","protected":false},"excerpt":{"rendered":"<p>El teatro protagoniza la oferta de programaci\u00f3n del coliseo gijon\u00e9s para el segundo semestre del a\u00f1o con una destacada presencia de grupos asturianos La puesta en escena el 6 de julio de&nbsp;\u201cHorror. El show que nunca se debi\u00f3 hacer\u201d, el ya conocido homenaje asturiano a la incombustible \u201cRocky Horror Picture Show\u201d con la presencia del<a class=\"moretag\" href=\"https:\/\/www.manologarciaycia.com\/?p=19819\" title=\"Mar\u00eda Pag\u00e9s, Manolo Garc\u00eda, David Russell y \u201cLa Cubana\u201d, sobre las tablas del Jovellanos\" target=\"_self\" rel=\"follow\"> <font face=arial size=2>[Leer m\u00e1s]<\/font> <\/a><\/p>\n","protected":false},"author":2,"featured_media":19820,"comment_status":"closed","ping_status":"closed","sticky":false,"template":"","format":"standard","meta":{"footnotes":""},"categories":[1],"tags":[],"class_list":["post-19819","post","type-post","status-publish","format-standard","has-post-thumbnail","hentry","category-manolo-garcia"],"_links":{"self":[{"href":"https:\/\/www.manologarciaycia.com\/index.php?rest_route=\/wp\/v2\/posts\/19819","targetHints":{"allow":["GET"]}}],"collection":[{"href":"https:\/\/www.manologarciaycia.com\/index.php?rest_route=\/wp\/v2\/posts"}],"about":[{"href":"https:\/\/www.manologarciaycia.com\/index.php?rest_route=\/wp\/v2\/types\/post"}],"author":[{"embeddable":true,"href":"https:\/\/www.manologarciaycia.com\/index.php?rest_route=\/wp\/v2\/users\/2"}],"replies":[{"embeddable":true,"href":"https:\/\/www.manologarciaycia.com\/index.php?rest_route=%2Fwp%2Fv2%2Fcomments&post=19819"}],"version-history":[{"count":2,"href":"https:\/\/www.manologarciaycia.com\/index.php?rest_route=\/wp\/v2\/posts\/19819\/revisions"}],"predecessor-version":[{"id":19822,"href":"https:\/\/www.manologarciaycia.com\/index.php?rest_route=\/wp\/v2\/posts\/19819\/revisions\/19822"}],"wp:featuredmedia":[{"embeddable":true,"href":"https:\/\/www.manologarciaycia.com\/index.php?rest_route=\/wp\/v2\/media\/19820"}],"wp:attachment":[{"href":"https:\/\/www.manologarciaycia.com\/index.php?rest_route=%2Fwp%2Fv2%2Fmedia&parent=19819"}],"wp:term":[{"taxonomy":"category","embeddable":true,"href":"https:\/\/www.manologarciaycia.com\/index.php?rest_route=%2Fwp%2Fv2%2Fcategories&post=19819"},{"taxonomy":"post_tag","embeddable":true,"href":"https:\/\/www.manologarciaycia.com\/index.php?rest_route=%2Fwp%2Fv2%2Ftags&post=19819"}],"curies":[{"name":"wp","href":"https:\/\/api.w.org\/{rel}","templated":true}]}}