{"id":19814,"date":"2019-09-17T10:01:06","date_gmt":"2019-09-17T08:01:06","guid":{"rendered":"https:\/\/www.manologarciaycia.com\/?p=19814"},"modified":"2019-09-17T10:01:10","modified_gmt":"2019-09-17T08:01:10","slug":"entradas-valladolid-16-11-a-la-venta-el-19-9-a-las-1000h","status":"publish","type":"post","link":"https:\/\/www.manologarciaycia.com\/?p=19814","title":{"rendered":"Entradas Valladolid 16\/11 a la venta el 19\/9 a las 10:00h"},"content":{"rendered":"\n<p>Las entradas para el concierto de Manolo Garc\u00eda del s\u00e1bado 16 de noviembre en el polideportivo Huerta del Rey en Valladolid, saldr\u00e1n a la venta el 19 de septiembre a partir de las 10.00 horas, en <a href=\"https:\/\/www.manolo-garcia.com\/\" target=\"_blank\" rel=\"noreferrer noopener\" aria-label=\"https:\/\/www.manolo-garcia.com\/ (abre en una nueva pesta\u00f1a)\">https:\/\/www.manolo-garcia.com\/<\/a><br>Fuente: <a rel=\"noreferrer noopener\" aria-label=\"https:\/\/www.elnortedecastilla.es\/culturas\/musica\/entradas-concierto-manolo-20190916123718-nt.html\n (abre en una nueva pesta\u00f1a)\" href=\"https:\/\/www.elnortedecastilla.es\/culturas\/musica\/entradas-concierto-manolo-20190916123718-nt.html\" target=\"_blank\">https:\/\/www.elnortedecastilla.es\/culturas\/musica\/entradas-concierto-manolo-20190916123718-nt.html<br><\/a>#ManoloGarc\u00eda #Valladolid #Ac\u00fastico #Gira2019 <\/p>\n","protected":false},"excerpt":{"rendered":"<p>Las entradas para el concierto de Manolo Garc\u00eda del s\u00e1bado 16 de noviembre en el polideportivo Huerta del Rey en Valladolid, saldr\u00e1n a la venta el 19 de septiembre a partir de las 10.00 horas, en https:\/\/www.manolo-garcia.com\/Fuente: https:\/\/www.elnortedecastilla.es\/culturas\/musica\/entradas-concierto-manolo-20190916123718-nt.html#ManoloGarc\u00eda #Valladolid #Ac\u00fastico #Gira2019<a class=\"moretag\" href=\"https:\/\/www.manologarciaycia.com\/?p=19814\" title=\"Entradas Valladolid 16\/11 a la venta el 19\/9 a las 10:00h\" target=\"_self\" rel=\"follow\"> <font face=arial size=2>[Leer m\u00e1s]<\/font> <\/a><\/p>\n","protected":false},"author":2,"featured_media":0,"comment_status":"closed","ping_status":"closed","sticky":false,"template":"","format":"standard","meta":{"footnotes":""},"categories":[1],"tags":[],"class_list":["post-19814","post","type-post","status-publish","format-standard","hentry","category-manolo-garcia"],"_links":{"self":[{"href":"https:\/\/www.manologarciaycia.com\/index.php?rest_route=\/wp\/v2\/posts\/19814","targetHints":{"allow":["GET"]}}],"collection":[{"href":"https:\/\/www.manologarciaycia.com\/index.php?rest_route=\/wp\/v2\/posts"}],"about":[{"href":"https:\/\/www.manologarciaycia.com\/index.php?rest_route=\/wp\/v2\/types\/post"}],"author":[{"embeddable":true,"href":"https:\/\/www.manologarciaycia.com\/index.php?rest_route=\/wp\/v2\/users\/2"}],"replies":[{"embeddable":true,"href":"https:\/\/www.manologarciaycia.com\/index.php?rest_route=%2Fwp%2Fv2%2Fcomments&post=19814"}],"version-history":[{"count":1,"href":"https:\/\/www.manologarciaycia.com\/index.php?rest_route=\/wp\/v2\/posts\/19814\/revisions"}],"predecessor-version":[{"id":19815,"href":"https:\/\/www.manologarciaycia.com\/index.php?rest_route=\/wp\/v2\/posts\/19814\/revisions\/19815"}],"wp:attachment":[{"href":"https:\/\/www.manologarciaycia.com\/index.php?rest_route=%2Fwp%2Fv2%2Fmedia&parent=19814"}],"wp:term":[{"taxonomy":"category","embeddable":true,"href":"https:\/\/www.manologarciaycia.com\/index.php?rest_route=%2Fwp%2Fv2%2Fcategories&post=19814"},{"taxonomy":"post_tag","embeddable":true,"href":"https:\/\/www.manologarciaycia.com\/index.php?rest_route=%2Fwp%2Fv2%2Ftags&post=19814"}],"curies":[{"name":"wp","href":"https:\/\/api.w.org\/{rel}","templated":true}]}}