{"id":19791,"date":"2019-08-26T14:33:54","date_gmt":"2019-08-26T12:33:54","guid":{"rendered":"https:\/\/www.manologarciaycia.com\/?p=19791"},"modified":"2019-09-05T20:18:54","modified_gmt":"2019-09-05T18:18:54","slug":"exposicion-prorrogada-hasta-el-12-de-septiembre-monestir-de-sant-feliu-de-guixols","status":"publish","type":"post","link":"https:\/\/www.manologarciaycia.com\/?p=19791","title":{"rendered":"EXPOSICI\u00d3N PRORROGADA HASTA EL 12 DE SEPTIEMBRE &#8211; MONESTIR DE SANT FELIU DE GU\u00cdXOLS"},"content":{"rendered":"\n<p>GRACIAS A LA GRAN ACOGIDA LA EXPOSICI\u00d3N DE PINTURA, DIBUJOS Y ESCULTURAS DE MANOLO GARC\u00cdA SE PRORROGA HASTA EL PR\u00d3XIMO 12 DE SEPTIEMBRE EN EL MONESTIR DE SANT FELIU DE GU\u00cdXOLS<\/p>\n\n\n\n<p>Bajo el t\u00edtulo&nbsp;<em>Poetas desafectos, exc\u00e9ntricos remeros<\/em>, la&nbsp;exposici\u00f3n re\u00fane&nbsp;una muestra de la producci\u00f3n m\u00e1s reciente del&nbsp;artista en pintura y dibujos. Se podr\u00e1n ver venticuatro pinturas, treinta y cinco dibujos en papel as\u00ed como tambi\u00e9n algunas esculturas en madera y hierro.<\/p>\n\n\n\n<p><strong>Manolo Garc\u00eda<\/strong><\/p>\n\n\n\n<p><strong><em>Poetas desafectos, exc\u00e9ntricos remeros<\/em><\/strong><\/p>\n\n\n\n<p><strong>Monestir de Sant Feliu de Gu\u00edxols<\/strong><\/p>\n\n\n\n<p><strong>11 julio&nbsp;al 12 de&nbsp;septiembre *fecha prorrogada<\/strong><\/p>\n\n\n\n<p><strong>Pla\u00e7a Monestir, s\/n. 17220 Sant Feliu de Gu\u00edxols<\/strong><\/p>\n\n\n\n<p>La entrada al Monestir al Espacio Thyssen es conjunta y da acceso a todas las exposiciones.<\/p>\n\n\n\n<p><strong>Horarios<\/strong><\/p>\n\n\n\n<p>30 de junio al 14 de julio<\/p>\n\n\n\n<p>Lunes a viernes de 10.00h a 13.00h y&nbsp;de 16.00h a 19.00h<\/p>\n\n\n\n<p>S\u00e1bados, domingos y festivos&nbsp;de 10.00h a 20.00h<\/p>\n\n\n\n<p>15 de julio al 12 de septembre<\/p>\n\n\n\n<p>Lunes a domingo de 11:00h a 21.00h<\/p>\n\n\n\n<p>Fuente:  <a href=\"https:\/\/www.manolo-garcia.com\/2019\/08\/23\/gracias-a-la-gran-acogida-la-exposicion-de-pintura-dibujos-y-esculturas-de-manolo-garcia-se-prorroga-hasta-el-proximo-12-de-septiembre-en-el-monestir-de-sant-feliu-de-guixols\/\">https:\/\/www.manolo-garcia.com\/2019\/08\/23\/gracias-a-la-gran-acogida-la-exposicion-de-pintura-dibujos-y-esculturas-de-manolo-garcia-se-prorroga-hasta-el-proximo-12-de-septiembre-en-el-monestir-de-sant-feliu-de-guixols\/<\/a> <\/p>\n","protected":false},"excerpt":{"rendered":"<p>GRACIAS A LA GRAN ACOGIDA LA EXPOSICI\u00d3N DE PINTURA, DIBUJOS Y ESCULTURAS DE MANOLO GARC\u00cdA SE PRORROGA HASTA EL PR\u00d3XIMO 12 DE SEPTIEMBRE EN EL MONESTIR DE SANT FELIU DE GU\u00cdXOLS Bajo el t\u00edtulo&nbsp;Poetas desafectos, exc\u00e9ntricos remeros, la&nbsp;exposici\u00f3n re\u00fane&nbsp;una muestra de la producci\u00f3n m\u00e1s reciente del&nbsp;artista en pintura y dibujos. Se podr\u00e1n ver venticuatro pinturas,<a class=\"moretag\" href=\"https:\/\/www.manologarciaycia.com\/?p=19791\" title=\"EXPOSICI\u00d3N PRORROGADA HASTA EL 12 DE SEPTIEMBRE &#8211; MONESTIR DE SANT FELIU DE GU\u00cdXOLS\" target=\"_self\" rel=\"follow\"> <font face=arial size=2>[Leer m\u00e1s]<\/font> <\/a><\/p>\n","protected":false},"author":2,"featured_media":19726,"comment_status":"closed","ping_status":"closed","sticky":false,"template":"","format":"standard","meta":{"footnotes":""},"categories":[1],"tags":[],"class_list":["post-19791","post","type-post","status-publish","format-standard","has-post-thumbnail","hentry","category-manolo-garcia"],"_links":{"self":[{"href":"https:\/\/www.manologarciaycia.com\/index.php?rest_route=\/wp\/v2\/posts\/19791","targetHints":{"allow":["GET"]}}],"collection":[{"href":"https:\/\/www.manologarciaycia.com\/index.php?rest_route=\/wp\/v2\/posts"}],"about":[{"href":"https:\/\/www.manologarciaycia.com\/index.php?rest_route=\/wp\/v2\/types\/post"}],"author":[{"embeddable":true,"href":"https:\/\/www.manologarciaycia.com\/index.php?rest_route=\/wp\/v2\/users\/2"}],"replies":[{"embeddable":true,"href":"https:\/\/www.manologarciaycia.com\/index.php?rest_route=%2Fwp%2Fv2%2Fcomments&post=19791"}],"version-history":[{"count":2,"href":"https:\/\/www.manologarciaycia.com\/index.php?rest_route=\/wp\/v2\/posts\/19791\/revisions"}],"predecessor-version":[{"id":19803,"href":"https:\/\/www.manologarciaycia.com\/index.php?rest_route=\/wp\/v2\/posts\/19791\/revisions\/19803"}],"wp:featuredmedia":[{"embeddable":true,"href":"https:\/\/www.manologarciaycia.com\/index.php?rest_route=\/wp\/v2\/media\/19726"}],"wp:attachment":[{"href":"https:\/\/www.manologarciaycia.com\/index.php?rest_route=%2Fwp%2Fv2%2Fmedia&parent=19791"}],"wp:term":[{"taxonomy":"category","embeddable":true,"href":"https:\/\/www.manologarciaycia.com\/index.php?rest_route=%2Fwp%2Fv2%2Fcategories&post=19791"},{"taxonomy":"post_tag","embeddable":true,"href":"https:\/\/www.manologarciaycia.com\/index.php?rest_route=%2Fwp%2Fv2%2Ftags&post=19791"}],"curies":[{"name":"wp","href":"https:\/\/api.w.org\/{rel}","templated":true}]}}