{"id":19773,"date":"2019-08-05T11:54:24","date_gmt":"2019-08-05T09:54:24","guid":{"rendered":"https:\/\/www.manologarciaycia.com\/?p=19773"},"modified":"2019-08-05T11:54:30","modified_gmt":"2019-08-05T09:54:30","slug":"agua-la-cancion-de-elefantes-y-manolo-garcia-para-oxfam-supera-las-860-000-visualizaciones-es-una-mosca-cojonera","status":"publish","type":"post","link":"https:\/\/www.manologarciaycia.com\/?p=19773","title":{"rendered":"&#8216;Agua&#8217;, la canci\u00f3n de Elefantes y Manolo Garc\u00eda para Oxfam, supera las 860.000 visualizaciones: \u00abEs una mosca cojonera\u00bb"},"content":{"rendered":"\n<p>\u00abNo hace falta irse a \u00c1frica para colaborar, en Murcia tambi\u00e9n hay falta de agua\u00bb afirma Shuarma, <\/p>\n\n\n\n<p>La canci\u00f3n &#8216;Agua&#8217;, elaborada por Elefantes y Manolo Garc\u00eda para ayudar a Interm\u00f3n Oxfam a llevar agua a las poblaciones del cuerno de \u00c1frica (Somalia, Yobuti, Eritrea y Etiop\u00eda), ha superado ya las 860.000 visualizaciones en Youtube desde su lanzamiento a mediados de julio con el objetivo de ser \u00abcomo una mosca cojonera que denuncia y recuerda que sucede algo grave\u00bb. En cuanto se supere el mill\u00f3n, alcanzar\u00e1n el reto fijado para llevar a estas zonas nueve camiones cisterna de agua. Actualmente, est\u00e1n a punto de llegar al s\u00e9ptimo. \u00a0\u00a0\u00a0En una entrevista a Europa Press el vocalista de Elefantes, Shuarma, ha detallado su colaboraci\u00f3n en el proyecto, al tiempo que ha defendido que \u00abhay muchas opciones\u00bb para participar en acciones solidarias y que \u00abno hace falta irse a \u00c1frica\u00bb para colaborar en la problem\u00e1tica de la escasez de agua porque \u00aben Murcia, por ejemplo, tambi\u00e9n hay sequ\u00eda\u00bb.<\/p>\n\n\n\n<p>Fuente y art\u00edculo completo en: Europa Press &#8211; ENLACE<\/p>\n","protected":false},"excerpt":{"rendered":"<p>\u00abNo hace falta irse a \u00c1frica para colaborar, en Murcia tambi\u00e9n hay falta de agua\u00bb afirma Shuarma, La canci\u00f3n &#8216;Agua&#8217;, elaborada por Elefantes y Manolo Garc\u00eda para ayudar a Interm\u00f3n Oxfam a llevar agua a las poblaciones del cuerno de \u00c1frica (Somalia, Yobuti, Eritrea y Etiop\u00eda), ha superado ya las 860.000 visualizaciones en Youtube desde<a class=\"moretag\" href=\"https:\/\/www.manologarciaycia.com\/?p=19773\" title=\"&#8216;Agua&#8217;, la canci\u00f3n de Elefantes y Manolo Garc\u00eda para Oxfam, supera las 860.000 visualizaciones: \u00abEs una mosca cojonera\u00bb\" target=\"_self\" rel=\"follow\"> <font face=arial size=2>[Leer m\u00e1s]<\/font> <\/a><\/p>\n","protected":false},"author":2,"featured_media":19774,"comment_status":"closed","ping_status":"closed","sticky":false,"template":"","format":"standard","meta":{"footnotes":""},"categories":[1],"tags":[],"class_list":["post-19773","post","type-post","status-publish","format-standard","has-post-thumbnail","hentry","category-manolo-garcia"],"_links":{"self":[{"href":"https:\/\/www.manologarciaycia.com\/index.php?rest_route=\/wp\/v2\/posts\/19773","targetHints":{"allow":["GET"]}}],"collection":[{"href":"https:\/\/www.manologarciaycia.com\/index.php?rest_route=\/wp\/v2\/posts"}],"about":[{"href":"https:\/\/www.manologarciaycia.com\/index.php?rest_route=\/wp\/v2\/types\/post"}],"author":[{"embeddable":true,"href":"https:\/\/www.manologarciaycia.com\/index.php?rest_route=\/wp\/v2\/users\/2"}],"replies":[{"embeddable":true,"href":"https:\/\/www.manologarciaycia.com\/index.php?rest_route=%2Fwp%2Fv2%2Fcomments&post=19773"}],"version-history":[{"count":1,"href":"https:\/\/www.manologarciaycia.com\/index.php?rest_route=\/wp\/v2\/posts\/19773\/revisions"}],"predecessor-version":[{"id":19775,"href":"https:\/\/www.manologarciaycia.com\/index.php?rest_route=\/wp\/v2\/posts\/19773\/revisions\/19775"}],"wp:featuredmedia":[{"embeddable":true,"href":"https:\/\/www.manologarciaycia.com\/index.php?rest_route=\/wp\/v2\/media\/19774"}],"wp:attachment":[{"href":"https:\/\/www.manologarciaycia.com\/index.php?rest_route=%2Fwp%2Fv2%2Fmedia&parent=19773"}],"wp:term":[{"taxonomy":"category","embeddable":true,"href":"https:\/\/www.manologarciaycia.com\/index.php?rest_route=%2Fwp%2Fv2%2Fcategories&post=19773"},{"taxonomy":"post_tag","embeddable":true,"href":"https:\/\/www.manologarciaycia.com\/index.php?rest_route=%2Fwp%2Fv2%2Ftags&post=19773"}],"curies":[{"name":"wp","href":"https:\/\/api.w.org\/{rel}","templated":true}]}}