{"id":19769,"date":"2019-07-31T14:55:51","date_gmt":"2019-07-31T12:55:51","guid":{"rendered":"https:\/\/www.manologarciaycia.com\/?p=19769"},"modified":"2019-07-31T14:55:53","modified_gmt":"2019-07-31T12:55:53","slug":"manolo-garcia-hace-vibrar-al-auditorio-alcalde-juan-munoz","status":"publish","type":"post","link":"https:\/\/www.manologarciaycia.com\/?p=19769","title":{"rendered":"Manolo Garc\u00eda hace vibrar al Auditorio Alcalde Juan Mu\u00f1oz"},"content":{"rendered":"\n<h2 class=\"wp-block-heading\">El artista abri\u00f3 el calendario de conciertos con su ac\u00fastico \u2018Geometr\u00eda del rayo\u2019<\/h2>\n\n\n\n<p>Un Manolo Garc\u00eda totalmente entregado a una legi\u00f3n de fieles llegados no s\u00f3lo de distintos puntos de Andaluc\u00eda, sino tambi\u00e9n de otros de la geograf\u00eda espa\u00f1ola, puso el list\u00f3n en lo m\u00e1s alto de la programaci\u00f3n Donde brillan las estrellas en la noche del 5 de julio en el Auditorio Municipal Alcalde Juan Mu\u00f1oz de Cabra, tras haberlo hecho por vez primera el 4 de julio del 2009.<\/p>\n\n\n\n<p>Algo m\u00e1s de tres horas de un concierto ac\u00fastico enmarcado en su gira Geometr\u00eda del rayo, donde hizo vibrar a los algo m\u00e1s de 2.000 personas que se congregaron en el mencionado gran espacio esc\u00e9nico al aire libre del sur de C\u00f3rdoba que el pr\u00f3ximo a\u00f1o cumplir\u00e1 su 30 aniversario y para lo que ya el Ayuntamiento comienza a tomar notas e ideas para su celebraci\u00f3n en el 2020, seg\u00fan ha podido conocer La Cr\u00f3nica de Cabra.<\/p>\n\n\n\n<figure class=\"wp-block-image\"><a href=\"https:\/\/est.zetaestaticos.com\/cordoba\/img\/noticias\/1\/315\/1315539_1.jpg\"><img decoding=\"async\" src=\"https:\/\/est.zetaestaticos.com\/cordoba\/img\/noticias\/1\/315\/1315539_1.jpg\" alt=\"Un momento del concierto de Manolo Garc\u00eda en el auditorio egabrense. - MORENO\"\/><\/a><\/figure>\n\n\n\n<p><a href=\"https:\/\/est.zetaestaticos.com\/cordoba\/img\/noticias\/1\/315\/1315539_1.jpg\"><\/a><\/p>\n\n\n\n<figure class=\"wp-block-image\"><a href=\"https:\/\/www.linicom.com\/\" target=\"_blank\" rel=\"noreferrer noopener\"><img decoding=\"async\" src=\"https:\/\/static.linicom.com\/media\/img\/pow_by_lini_wh.png\" alt=\"\"\/><\/a><\/figure>\n\n\n\n<figure><iframe width=\"468\" height=\"0\"><\/iframe><\/figure>\n\n\n\n<p>Un momento del concierto de Manolo Garc\u00eda en el auditorio egabrense. &#8211; MORENO<\/p>\n\n\n\n<ul class=\"wp-block-list\"><li><a href=\"https:\/\/www.diariocordoba.com\/noticias\/cabra\/manolo-garcia-hace-vibrar-auditorio-alcalde-juan-munoz_1315539.html#AltaOpinion\">0<\/a><\/li><li><\/li><li><\/li><li><\/li><li><\/li><\/ul>\n\n\n\n<p><strong>JOS\u00c9 MORENO CABRA<\/strong><br>31\/07\/2019<\/p>\n\n\n\n<p>Un Manolo Garc\u00eda totalmente entregado a una legi\u00f3n de fieles llegados no s\u00f3lo de distintos puntos de Andaluc\u00eda, sino tambi\u00e9n de otros de la geograf\u00eda espa\u00f1ola, puso el list\u00f3n en lo m\u00e1s alto de la programaci\u00f3n Donde brillan las estrellas en la noche del 5 de julio en el Auditorio Municipal Alcalde Juan Mu\u00f1oz de Cabra, tras haberlo hecho por vez primera el 4 de julio del 2009.<\/p>\n\n\n\n<p>Algo m\u00e1s de tres horas de un concierto ac\u00fastico enmarcado en su gira Geometr\u00eda del rayo, donde hizo vibrar a los algo m\u00e1s de 2.000 personas que se congregaron en el mencionado gran espacio esc\u00e9nico al aire libre del sur de C\u00f3rdoba que el pr\u00f3ximo a\u00f1o cumplir\u00e1 su 30 aniversario y para lo que ya el Ayuntamiento comienza a tomar notas e ideas para su celebraci\u00f3n en el 2020, seg\u00fan ha podido conocer La Cr\u00f3nica de Cabra.PUBLICIDAD<\/p>\n\n\n\n<figure><iframe><\/iframe><\/figure>\n\n\n\n<figure><iframe><\/iframe><\/figure>\n\n\n\n<p>Garc\u00eda, acompa\u00f1ado por una gran banda de guitarras ac\u00fasticas, espa\u00f1olas, pianos, la\u00fades y violines, puso en escena la magia de su larga y dilatada experiencia atesorada desde los primeros a\u00f1os de la d\u00e9cada de los ochenta del pasado siglo con Los R\u00e1pidos y Los Burros, lleg\u00e1ndole el \u00e9xito comercial con El \u00daltimo de la Fila, antes de iniciar su carrera en solitario en 1998. Para ello y con un directo sorprendente, temas ya cl\u00e1sicos como Sara, Insurrecci\u00f3n y P\u00e1jaros de Barro, se unieron a canciones de sus primeras \u00e9pocas y otros de su \u00faltimo disco que da t\u00edtulo a la actual gira.<\/p>\n\n\n\n<p>El PROGRAMA<\/p>\n\n\n\n<p>Un concierto muy esperado y para recordar por mucho tiempo, para el que sus entradas se agotaron a las poca horas de ponerse a la venta el pasado 9 de enero y al que se ir\u00e1n sucediendo en estas semanas de julio y en los meses de agosto y primeros d\u00edas de septiembre los de Ni\u00f1a Pastori; I Want u back un tributo a Michael Jackson; Cepeda; Dorantes, Marina Heredia y Farruquito con el espect\u00e1culo flamenco Esencias, el Festival Cabra Sound con los finalistas del concurso y la banda madrile\u00f1a Sidecars; el Festival Egarock y Paco Candela.<\/p>\n\n\n\n<p>Una programaci\u00f3n para el verano cultureal egabrense en la que tambi\u00e9n estar\u00e1n presentes otras citas carnavalescas y humor\u00edsticas junto a galas ben\u00e9ficas de distintos colectivos.<\/p>\n\n\n\n<p>Fuente: Diario de C\u00f3rdoba &#8211; Jos\u00e9 Moreno Cabra &#8211; <a rel=\"noreferrer noopener\" aria-label=\"ENLACE (abre en una nueva pesta\u00f1a)\" href=\"https:\/\/www.diariocordoba.com\/noticias\/cabra\/manolo-garcia-hace-vibrar-auditorio-alcalde-juan-munoz_1315539.html\" target=\"_blank\">ENLACE<\/a><\/p>\n","protected":false},"excerpt":{"rendered":"<p>El artista abri\u00f3 el calendario de conciertos con su ac\u00fastico \u2018Geometr\u00eda del rayo\u2019 Un Manolo Garc\u00eda totalmente entregado a una legi\u00f3n de fieles llegados no s\u00f3lo de distintos puntos de Andaluc\u00eda, sino tambi\u00e9n de otros de la geograf\u00eda espa\u00f1ola, puso el list\u00f3n en lo m\u00e1s alto de la programaci\u00f3n Donde brillan las estrellas en la<a class=\"moretag\" href=\"https:\/\/www.manologarciaycia.com\/?p=19769\" title=\"Manolo Garc\u00eda hace vibrar al Auditorio Alcalde Juan Mu\u00f1oz\" target=\"_self\" rel=\"follow\"> <font face=arial size=2>[Leer m\u00e1s]<\/font> <\/a><\/p>\n","protected":false},"author":2,"featured_media":19770,"comment_status":"closed","ping_status":"closed","sticky":false,"template":"","format":"standard","meta":{"footnotes":""},"categories":[1],"tags":[],"class_list":["post-19769","post","type-post","status-publish","format-standard","has-post-thumbnail","hentry","category-manolo-garcia"],"_links":{"self":[{"href":"https:\/\/www.manologarciaycia.com\/index.php?rest_route=\/wp\/v2\/posts\/19769","targetHints":{"allow":["GET"]}}],"collection":[{"href":"https:\/\/www.manologarciaycia.com\/index.php?rest_route=\/wp\/v2\/posts"}],"about":[{"href":"https:\/\/www.manologarciaycia.com\/index.php?rest_route=\/wp\/v2\/types\/post"}],"author":[{"embeddable":true,"href":"https:\/\/www.manologarciaycia.com\/index.php?rest_route=\/wp\/v2\/users\/2"}],"replies":[{"embeddable":true,"href":"https:\/\/www.manologarciaycia.com\/index.php?rest_route=%2Fwp%2Fv2%2Fcomments&post=19769"}],"version-history":[{"count":1,"href":"https:\/\/www.manologarciaycia.com\/index.php?rest_route=\/wp\/v2\/posts\/19769\/revisions"}],"predecessor-version":[{"id":19771,"href":"https:\/\/www.manologarciaycia.com\/index.php?rest_route=\/wp\/v2\/posts\/19769\/revisions\/19771"}],"wp:featuredmedia":[{"embeddable":true,"href":"https:\/\/www.manologarciaycia.com\/index.php?rest_route=\/wp\/v2\/media\/19770"}],"wp:attachment":[{"href":"https:\/\/www.manologarciaycia.com\/index.php?rest_route=%2Fwp%2Fv2%2Fmedia&parent=19769"}],"wp:term":[{"taxonomy":"category","embeddable":true,"href":"https:\/\/www.manologarciaycia.com\/index.php?rest_route=%2Fwp%2Fv2%2Fcategories&post=19769"},{"taxonomy":"post_tag","embeddable":true,"href":"https:\/\/www.manologarciaycia.com\/index.php?rest_route=%2Fwp%2Fv2%2Ftags&post=19769"}],"curies":[{"name":"wp","href":"https:\/\/api.w.org\/{rel}","templated":true}]}}