{"id":19765,"date":"2019-07-27T17:12:35","date_gmt":"2019-07-27T15:12:35","guid":{"rendered":"https:\/\/www.manologarciaycia.com\/?p=19765"},"modified":"2019-07-27T17:13:06","modified_gmt":"2019-07-27T15:13:06","slug":"el-pop-duna-nit-destiu-sinfonismo-magico-en-el-grec","status":"publish","type":"post","link":"https:\/\/www.manologarciaycia.com\/?p=19765","title":{"rendered":"&#8216;El pop d&#8217;una nit d&#8217;estiu&#8217;: sinfonismo m\u00e1gico en el Grec"},"content":{"rendered":"\n<h2 class=\"wp-block-heading\">El desaf\u00edo de la GIOrquestra, dirigida por Marc Tim\u00f3n, dej\u00f3 un rastro de adaptaciones luminosas y con carga \u00e9pica de canciones defendidas por int\u00e9rpretes como Maria Arnal, El Petit de Cal Eril, David Carab\u00e9n, Clara Peya o Judit Neddermann<\/h2>\n\n\n\n<p>Buena parte del pop catal\u00e1n de la era moderna ha practicado una est\u00e9tica m\u00e1s bien humilde y minimalista, de guitarra (o ukelele) y verso recogido, ante la cual las&nbsp;<strong>exuberantes instrumentaciones de Marc Tim\u00f3n con su GIOrquestra&nbsp;<\/strong>podr\u00edan ser casi una provocaci\u00f3n. Pero al compositor y arreglista ampurdan\u00e9s le sobran recursos para llevar las canciones a otro plano, sin pervertirlas y demostrando que la \u00e9pica no tiene porqu\u00e9&nbsp;estar re\u00f1ida con la sensibilidad.<\/p>\n\n\n\n<p>As\u00ed fue&nbsp;<strong>este jueves en el Teatre Grec,<\/strong>&nbsp;donde el concierto&nbsp;<strong>\u2018El pop d\u2019una nit d\u2019estiu\u2019<\/strong>&nbsp;(con 13 int\u00e9rpretes por cada uno de los a\u00f1os que cumple el club TR3SC) ofreci\u00f3 otro enfoque de canciones destacadas de la \u00faltima d\u00e9cada. Temas, algunos, aptos para el tratamiento majestuoso, como&nbsp;<strong>\u2018T\u00fa que vienes a rondarme\u2019, de Maria Arnal i Marcel Bag\u00e9s,<\/strong>&nbsp;con su m\u00edstica po\u00e9tica con vistas al cosmos y a la sonda &#8216;Voyager 1&#8217;, un alto punto de partida de la noche. Otros, de encaje m\u00e1s incierto pero resueltos con imaginaci\u00f3n:<strong>&nbsp;\u2018Sento\u2019, con Joan Pons, El Petit de Cal Eril,&nbsp;<\/strong>visiblemente a sus anchas entre din\u00e1micas orquestales con ecos del cl\u00e1sico \u2018easy listening\u2019 de un Burt Bacharach.<\/p>\n\n\n\n<h3 class=\"wp-block-heading\">Trajes a medida<\/h3>\n\n\n\n<p>El sue\u00f1o shakespeariano&nbsp;luci\u00f3 una&nbsp;<strong>pigmentaci\u00f3n viva, centelleante y m\u00e1gica,&nbsp;<\/strong>de la mano de esos \u201c30 m\u00fasicos que suenan como un trueno\u201d, como apunt\u00f3 la conductora,&nbsp;<strong>Sara Loscos.<\/strong>&nbsp;Trajes hechos a medida de figuras tan dif\u00edciles de encuadrar como<strong>&nbsp;Joan Colomo,<\/strong>&nbsp;con su buc\u00f3lica \u2018Els amigos\u2019, o&nbsp;<strong>Ferran Palau,&nbsp;<\/strong>cuya magn\u00e9tica pieza \u2018Ser\u00e0 un abisme\u2019 son\u00f3 menos cr\u00edptica, m\u00e1s de puertas abiertas.&nbsp;<strong>David Carab\u00e9n (Mishima)<\/strong>&nbsp;disfrut\u00f3 de un empaque frondoso, muy a lo The Divine Comedy, para \u2018Un tros de fang\u2019, y dos creadoras de la \u00faltima ola marcaron perfil:&nbsp;<strong>N\u00faria Graham,&nbsp;<\/strong>narrando su \u2018Cloud fifteen\u2019 entre oleajes on\u00edricos, y<strong>&nbsp;Pavvla,&nbsp;<\/strong>flotando en el aventurado vals de \u2018Planets and stars\u2019.<\/p>\n\n\n\n<p>El concierto tuvo algo de<strong>&nbsp;afirmaci\u00f3n de una escena&nbsp;<\/strong>y del compadreo entre los artistas, que entraban en di\u00e1logos informales espoleados con ingenio por Sara Loscos. Entre canci\u00f3n y canci\u00f3n todos fueron dando despacho a un plato de \u2018<strong>pulpo a feira\u2019,&nbsp;<\/strong>otra (tan o m\u00e1s bienvenida) clase de \u2018pop\u2019, servida esta por el restaurante R\u00edas de Galicia.<\/p>\n\n\n\n<h3 class=\"wp-block-heading\">La otra cara del verano<\/h3>\n\n\n\n<p>Un pop que hizo suyas&nbsp;<strong>inflexiones flamencas con Alba Carmona (Las Migas),<\/strong>&nbsp;que abord\u00f3 \u2018Los rincones de tu casa\u2019 con poder vocal, guitarra cl\u00e1sica de fondo y un poderoso riego de rumba-swing. El concierto permiti\u00f3 a&nbsp;<strong>Quimi Portet sublimar su rol de \u2018crooner\u2019 antiheroico y \u2018socarrimat\u2019,<\/strong>&nbsp;describiendo una calamitosa playa dominguera en \u2018Sunny day\u2019, y sirvi\u00f3 un arreglo de lujo para una canci\u00f3n sencilla y cautivadora, \u2018Vinc d\u2019un poble\u2019, que recorri\u00f3 a placer<strong>&nbsp;Judit Neddermann.<\/strong><\/p>\n\n\n\n<p>La noche de verano, le\u00edda a la carta, ya fuera a trav\u00e9s de un\u00a0<strong>carril enso\u00f1ador, c\u00e1ustico o sensual.\u00a0<\/strong>O turbulento, con las emociones desatadas y\u00a0<strong>un punto de v\u00e9rtigo, en el piano de Clara Peya.<\/strong>\u00a0P\u00f3rtico de las \u00faltimas intervenciones, canciones estas que quiz\u00e1 fueron pensadas para ser \u00e9picas: \u2018Home is where the heart is\u2019, con un\u00a0<strong>Ramon Mirabet<\/strong>\u00a0de horizontes amplios y un poco \u2018springsteenianos\u2019, y \u2018Caure no feia mal\u2019, elevando el minimalismo narrativo a una categor\u00eda exponencial seg\u00fan el m\u00e9todo de<strong>\u00a0Joan Daus\u00e0.<\/strong>\u00a0Este tuvo el privilegio de repetir y cerrar la noche con un tema, \u2018La gran euf\u00f2ria\u2019, cuyo t\u00edtulo lo dijo todo en esta noche entregada a la evocaci\u00f3n del verano como idea invencible.<\/p>\n\n\n\n<p>Fuente: El Peri\u00f3dico &#8211; Jordi Bianciotto &#8211; ENLACE &#8211; Foto Xavi Mercad\u00e9 (Enderrock \/ Rock Viu)<\/p>\n","protected":false},"excerpt":{"rendered":"<p>El desaf\u00edo de la GIOrquestra, dirigida por Marc Tim\u00f3n, dej\u00f3 un rastro de adaptaciones luminosas y con carga \u00e9pica de canciones defendidas por int\u00e9rpretes como Maria Arnal, El Petit de Cal Eril, David Carab\u00e9n, Clara Peya o Judit Neddermann Buena parte del pop catal\u00e1n de la era moderna ha practicado una est\u00e9tica m\u00e1s bien humilde<a class=\"moretag\" href=\"https:\/\/www.manologarciaycia.com\/?p=19765\" title=\"&#8216;El pop d&#8217;una nit d&#8217;estiu&#8217;: sinfonismo m\u00e1gico en el Grec\" target=\"_self\" rel=\"follow\"> <font face=arial size=2>[Leer m\u00e1s]<\/font> <\/a><\/p>\n","protected":false},"author":2,"featured_media":19766,"comment_status":"closed","ping_status":"closed","sticky":false,"template":"","format":"standard","meta":{"footnotes":""},"categories":[1],"tags":[],"class_list":["post-19765","post","type-post","status-publish","format-standard","has-post-thumbnail","hentry","category-manolo-garcia"],"_links":{"self":[{"href":"https:\/\/www.manologarciaycia.com\/index.php?rest_route=\/wp\/v2\/posts\/19765","targetHints":{"allow":["GET"]}}],"collection":[{"href":"https:\/\/www.manologarciaycia.com\/index.php?rest_route=\/wp\/v2\/posts"}],"about":[{"href":"https:\/\/www.manologarciaycia.com\/index.php?rest_route=\/wp\/v2\/types\/post"}],"author":[{"embeddable":true,"href":"https:\/\/www.manologarciaycia.com\/index.php?rest_route=\/wp\/v2\/users\/2"}],"replies":[{"embeddable":true,"href":"https:\/\/www.manologarciaycia.com\/index.php?rest_route=%2Fwp%2Fv2%2Fcomments&post=19765"}],"version-history":[{"count":2,"href":"https:\/\/www.manologarciaycia.com\/index.php?rest_route=\/wp\/v2\/posts\/19765\/revisions"}],"predecessor-version":[{"id":19768,"href":"https:\/\/www.manologarciaycia.com\/index.php?rest_route=\/wp\/v2\/posts\/19765\/revisions\/19768"}],"wp:featuredmedia":[{"embeddable":true,"href":"https:\/\/www.manologarciaycia.com\/index.php?rest_route=\/wp\/v2\/media\/19766"}],"wp:attachment":[{"href":"https:\/\/www.manologarciaycia.com\/index.php?rest_route=%2Fwp%2Fv2%2Fmedia&parent=19765"}],"wp:term":[{"taxonomy":"category","embeddable":true,"href":"https:\/\/www.manologarciaycia.com\/index.php?rest_route=%2Fwp%2Fv2%2Fcategories&post=19765"},{"taxonomy":"post_tag","embeddable":true,"href":"https:\/\/www.manologarciaycia.com\/index.php?rest_route=%2Fwp%2Fv2%2Ftags&post=19765"}],"curies":[{"name":"wp","href":"https:\/\/api.w.org\/{rel}","templated":true}]}}