{"id":19761,"date":"2019-07-18T16:48:22","date_gmt":"2019-07-18T14:48:22","guid":{"rendered":"https:\/\/www.manologarciaycia.com\/?p=19761"},"modified":"2019-07-18T17:02:48","modified_gmt":"2019-07-18T15:02:48","slug":"atencion-cambio-fecha-de-manolo-garcia-acustico-en-granada-del-15-11-pasa-al-1-11","status":"publish","type":"post","link":"https:\/\/www.manologarciaycia.com\/?p=19761","title":{"rendered":"ATENCI\u00d3N cambio fecha de Manolo Garc\u00eda Ac\u00fastico en Granada. Del 15\/11 pasa al 1\/11."},"content":{"rendered":"\n<p>Confirmado cambio fecha de Manolo Garc\u00eda Ac\u00fastico en Granada. Del 15\/11 pasa al 1\/11. <\/p>\n\n\n\n<p>Recibir\u00e1s aviso de canal de venta oficial, pero os adelantamos que las entradas SON VALIDAS para la nueva fecha. Si no puedes asistir sigue instrucciones recibidas en dicho aviso,  , por que se devolver\u00e1 hasta los gastos de gesti\u00f3n (evidentemente).<br>Gracias Sandra Fernandez de Manolo Garc\u00eda Fans Club (No Oficial). por el aviso!<br><\/p>\n","protected":false},"excerpt":{"rendered":"<p>Confirmado cambio fecha de Manolo Garc\u00eda Ac\u00fastico en Granada. Del 15\/11 pasa al 1\/11. Recibir\u00e1s aviso de canal de venta oficial, pero os adelantamos que las entradas SON VALIDAS para la nueva fecha. Si no puedes asistir sigue instrucciones recibidas en dicho aviso, , por que se devolver\u00e1 hasta los gastos de gesti\u00f3n (evidentemente).Gracias Sandra<a class=\"moretag\" href=\"https:\/\/www.manologarciaycia.com\/?p=19761\" title=\"ATENCI\u00d3N cambio fecha de Manolo Garc\u00eda Ac\u00fastico en Granada. Del 15\/11 pasa al 1\/11.\" target=\"_self\" rel=\"follow\"> <font face=arial size=2>[Leer m\u00e1s]<\/font> <\/a><\/p>\n","protected":false},"author":2,"featured_media":0,"comment_status":"closed","ping_status":"closed","sticky":false,"template":"","format":"standard","meta":{"footnotes":""},"categories":[1],"tags":[],"class_list":["post-19761","post","type-post","status-publish","format-standard","hentry","category-manolo-garcia"],"_links":{"self":[{"href":"https:\/\/www.manologarciaycia.com\/index.php?rest_route=\/wp\/v2\/posts\/19761","targetHints":{"allow":["GET"]}}],"collection":[{"href":"https:\/\/www.manologarciaycia.com\/index.php?rest_route=\/wp\/v2\/posts"}],"about":[{"href":"https:\/\/www.manologarciaycia.com\/index.php?rest_route=\/wp\/v2\/types\/post"}],"author":[{"embeddable":true,"href":"https:\/\/www.manologarciaycia.com\/index.php?rest_route=\/wp\/v2\/users\/2"}],"replies":[{"embeddable":true,"href":"https:\/\/www.manologarciaycia.com\/index.php?rest_route=%2Fwp%2Fv2%2Fcomments&post=19761"}],"version-history":[{"count":2,"href":"https:\/\/www.manologarciaycia.com\/index.php?rest_route=\/wp\/v2\/posts\/19761\/revisions"}],"predecessor-version":[{"id":19763,"href":"https:\/\/www.manologarciaycia.com\/index.php?rest_route=\/wp\/v2\/posts\/19761\/revisions\/19763"}],"wp:attachment":[{"href":"https:\/\/www.manologarciaycia.com\/index.php?rest_route=%2Fwp%2Fv2%2Fmedia&parent=19761"}],"wp:term":[{"taxonomy":"category","embeddable":true,"href":"https:\/\/www.manologarciaycia.com\/index.php?rest_route=%2Fwp%2Fv2%2Fcategories&post=19761"},{"taxonomy":"post_tag","embeddable":true,"href":"https:\/\/www.manologarciaycia.com\/index.php?rest_route=%2Fwp%2Fv2%2Ftags&post=19761"}],"curies":[{"name":"wp","href":"https:\/\/api.w.org\/{rel}","templated":true}]}}