{"id":19755,"date":"2019-07-17T12:56:01","date_gmt":"2019-07-17T10:56:01","guid":{"rendered":"https:\/\/www.manologarciaycia.com\/?p=19755"},"modified":"2019-07-17T12:59:26","modified_gmt":"2019-07-17T10:59:26","slug":"poder-acustico","status":"publish","type":"post","link":"https:\/\/www.manologarciaycia.com\/?p=19755","title":{"rendered":"Poder Ac\u00fastico"},"content":{"rendered":"\n<p>Como siempre, como nunca. Manolo Garc\u00eda recal\u00f3 anoche en el Festival de la Porta Ferrada, en Sant Feliu de Gu\u00edxols, como siempre que estrena proyecto, y en esta ocasi\u00f3n dando pistoletazo de salida al festival marinero.<\/p>\n\n\n\n<p>En este caso, con la gira iniciada el 5 de abril en Ciudad Realque es nombre y formato: Ac\u00fastico. Todos los proyectos de Manolo Garc\u00eda (desde que se bifurc\u00f3 de El \u00daltimo de la Fila y comenz\u00f3 a transitar en solitario) han podido catarse en el cl\u00e1sico festival de la Porta Ferrada, que con 57 ediciones casi alcanza en edad al artista barcelon\u00e9s. <\/p>\n\n\n\n<p>63 tacos pero, como siempre, en un estado de forma envidiable. Preve\u00eda, arrancando a las 22.35 (con la visita del alcalde local, Caries Motas), tres horas de show. Y hoy, otras tres. De hecho, Porta Ferrada deb\u00eda empezar este s\u00e1bado, pero el arre\u00f3n de entradas que vendi\u00f3 Garc\u00eda en un ratito llev\u00f3 a abrir otra fecha, la de anoche, con un total de 3.000 tickets a la venta. <\/p>\n\n\n\n<p>Para quien se haya quedado sin, puede degustar al artista en su segundo formato. Desde el jueves y hasta el 3 de agosto puede visitarse en el Monestir de Sant Feliu la exposici\u00f3n Poetes desafectes, exc\u00e9ntrics remers, con 24 piezas de la producci\u00f3n pict\u00f3rica m\u00e1s reciente de Garc\u00eda, entre \u00f3leos y acr\u00edlicos. El cantante expone sus pinturas desde 1992.<\/p>\n\n\n\n<p>Pero volvamos a la m\u00fasica. Arropado por una banda compuesta por Ricardo Mar\u00edn, V\u00edctor Iniesta y Josete Ordo\u00f1ez en las guitarras ac\u00fasticas, espa\u00f1olas y el la\u00fad, Juan Carlos Garc\u00eda al piano, percusiones y voces, Charly Sard\u00e1 a la percusi\u00f3n, Olvido Lanza a las cuerdas definitivas de viol\u00edn y violonchelo e Ifligo Goldaracena al contrabajo y acorde\u00f3n, Manolo Garc\u00eda arranc\u00f3 apelando a ese mundo deseado de Del bosque de tu alegr\u00eda: \u00abPorque de ti volv\u00ed a aprender lo necesario. Pan, casa, destino, camino\u2026 quedaba mucho por hacer: arreglar la huerta\u2026\u00bb. Prosigui\u00f3 tras lanzar un alegato en favor de la cultura y el arte, y tras maldecir la dictadura del m\u00f3vil: muchos le grababan\u2026 con Exprimir la vida, Cierro la noche, Solo amar, Sombra de la sombra\u2026 Todas acompa\u00f1adas por el entusiasta batir de palmas de la concurrencia. De la que ten\u00eda las manos libres, naturalmente.<\/p>\n\n\n\n<p>En un par de momentos preve\u00eda Garc\u00eda enlazar su presente y su pasado, con el mix que ha venido ensayando con Navaja de papel, un tema de su legendaria banda de los 80, Los R\u00e1pidos, con otras de aquella otra formaci\u00f3n que le dio fama (mundial?) junto al admirado Quimi Portet: En los \u00e1rboles, Ya no danzo al son de los tambores y Brague, todas ellas de El \u00daltimo de la Fila. Las cuatro entrelazadas, en una h\u00e1bil muestra de lo que fue: a Roger Hogson le exigen temas de Supertramp, a Sting de The Police. Hay que saber convivir con el pasado, tambi\u00e9n el musical. En uno de los conciertos de esta gira, Garc\u00eda exigi\u00f3 al p\u00fablico de un auditorio manchego el mismo entusiasmo con Manolo Garc\u00eda que con El Ultimo de la Fila\u2026 Hacia la segunda mitad, preve\u00eda volver a aquella banda con otro mix de Sara, A veces se enciende y L\u00e1piz y tinta. Habr\u00e1 nuevas oportunidades, pero en otros escenarios menos veraniegos, menos bellos. No es lo mismo un concierto a veinte metros de una barca.. <\/p>\n\n\n\n<p>Fuente: La Vanguardia &#8211; Ignacio Orov\u00edo<\/p>\n","protected":false},"excerpt":{"rendered":"<p>Como siempre, como nunca. Manolo Garc\u00eda recal\u00f3 anoche en el Festival de la Porta Ferrada, en Sant Feliu de Gu\u00edxols, como siempre que estrena proyecto, y en esta ocasi\u00f3n dando pistoletazo de salida al festival marinero. En este caso, con la gira iniciada el 5 de abril en Ciudad Realque es nombre y formato: Ac\u00fastico.<a class=\"moretag\" href=\"https:\/\/www.manologarciaycia.com\/?p=19755\" title=\"Poder Ac\u00fastico\" target=\"_self\" rel=\"follow\"> <font face=arial size=2>[Leer m\u00e1s]<\/font> <\/a><\/p>\n","protected":false},"author":2,"featured_media":19756,"comment_status":"closed","ping_status":"closed","sticky":false,"template":"","format":"standard","meta":{"footnotes":""},"categories":[1],"tags":[],"class_list":["post-19755","post","type-post","status-publish","format-standard","has-post-thumbnail","hentry","category-manolo-garcia"],"_links":{"self":[{"href":"https:\/\/www.manologarciaycia.com\/index.php?rest_route=\/wp\/v2\/posts\/19755","targetHints":{"allow":["GET"]}}],"collection":[{"href":"https:\/\/www.manologarciaycia.com\/index.php?rest_route=\/wp\/v2\/posts"}],"about":[{"href":"https:\/\/www.manologarciaycia.com\/index.php?rest_route=\/wp\/v2\/types\/post"}],"author":[{"embeddable":true,"href":"https:\/\/www.manologarciaycia.com\/index.php?rest_route=\/wp\/v2\/users\/2"}],"replies":[{"embeddable":true,"href":"https:\/\/www.manologarciaycia.com\/index.php?rest_route=%2Fwp%2Fv2%2Fcomments&post=19755"}],"version-history":[{"count":1,"href":"https:\/\/www.manologarciaycia.com\/index.php?rest_route=\/wp\/v2\/posts\/19755\/revisions"}],"predecessor-version":[{"id":19757,"href":"https:\/\/www.manologarciaycia.com\/index.php?rest_route=\/wp\/v2\/posts\/19755\/revisions\/19757"}],"wp:featuredmedia":[{"embeddable":true,"href":"https:\/\/www.manologarciaycia.com\/index.php?rest_route=\/wp\/v2\/media\/19756"}],"wp:attachment":[{"href":"https:\/\/www.manologarciaycia.com\/index.php?rest_route=%2Fwp%2Fv2%2Fmedia&parent=19755"}],"wp:term":[{"taxonomy":"category","embeddable":true,"href":"https:\/\/www.manologarciaycia.com\/index.php?rest_route=%2Fwp%2Fv2%2Fcategories&post=19755"},{"taxonomy":"post_tag","embeddable":true,"href":"https:\/\/www.manologarciaycia.com\/index.php?rest_route=%2Fwp%2Fv2%2Ftags&post=19755"}],"curies":[{"name":"wp","href":"https:\/\/api.w.org\/{rel}","templated":true}]}}