{"id":19752,"date":"2019-07-16T21:02:28","date_gmt":"2019-07-16T19:02:28","guid":{"rendered":"https:\/\/www.manologarciaycia.com\/?p=19752"},"modified":"2019-07-16T21:02:30","modified_gmt":"2019-07-16T19:02:30","slug":"despedimos-la-primera-parte-de-la-gira-acustico-acustico-acustico-de-manolo-garcia","status":"publish","type":"post","link":"https:\/\/www.manologarciaycia.com\/?p=19752","title":{"rendered":"Despedimos la primera parte de la Gira Ac\u00fastico, Ac\u00fastico, Ac\u00fastico de Manolo Garc\u00eda&#8230;"},"content":{"rendered":"\n<p>hasta el pr\u00f3ximo mes de octubre (3 y 4 Gij\u00f3n, 11 y 12 Sevilla&#8230;), con casi la totalidad del aforo agotado, y con un gran sabor de boca; unos ac\u00fasticos espl\u00e9ndidos. En boca del art\u00edfice de la fotograf\u00eda del cartel de la segunda parte de la gira,&nbsp;<a href=\"https:\/\/www.facebook.com\/jose.lucena.374?__tn__=K-R-R&amp;eid=ARCnUJdTH3IiiBIvZClxaF_zBbFhXgaubahNiXX1Lbk4wtsZ54A3QeiVWZbsdrcXlu5rPIlwwd3nUomJ&amp;fref=mentions&amp;__xts__%5B0%5D=68.ARDTcmEDosXmaL1UOfHunBlEoPvdvcGzFNZTkEOibD90LNXud3FDmEo50U5D9aj0A1bikcp8G2MM7k9xQw3H3os87fAoS6iEInxGLMIl3or-d8Ynt1k11d7d6zj4cV24Elsyw1LTWyFXzkejDjK61GS4QkxTG7sPvtX32zpY6ZmIp6fs8c4Z3r8x0UG-6Hmlkt7Ymc74CixLRHk4W52_RSZuPfGAndHBQYeBOSSiBWwKrQmfY6poMKOcHNVA8xlSYfIpP4x234qFaiUxTSi1hBekjrJ-dAfTKK8l8gvCWqWNrvYksbxKElWSxIAZWIMFMtvu\">Jose Angel Lucena<\/a>:<\/p>\n\n\n\n<p>\u00abSiento en el pecho un campo de girasoles encendidos y entre los p\u00e1rpados luz de luci\u00e9rnagas. El concierto est\u00e1 a punto de concluir pero el coraz\u00f3n no se cierra a las tres horas, el coraz\u00f3n quiere m\u00e1s, quiere escalar a tu ventana y maullar a luz de muchas lunas, quiere correr en praderas de hierba fresca, quiere , como siempre que nos encontramos, llamar a la insurrecci\u00f3n.\u00bb<\/p>\n\n\n\n<p>Nos vemos a la vuelta! Disfrutad del verano, y si sois afortunados, disfrutad tambi\u00e9n de vuestras vacaciones!!<\/p>\n\n\n\n<p>Si apareciera la Alhambra ac\u00fastica de Ricardo, ser\u00eda cojonudo! (si alguien sabe algo, contacto por privado)<\/p>\n","protected":false},"excerpt":{"rendered":"<p>hasta el pr\u00f3ximo mes de octubre (3 y 4 Gij\u00f3n, 11 y 12 Sevilla&#8230;), con casi la totalidad del aforo agotado, y con un gran sabor de boca; unos ac\u00fasticos espl\u00e9ndidos. En boca del art\u00edfice de la fotograf\u00eda del cartel de la segunda parte de la gira,&nbsp;Jose Angel Lucena: \u00abSiento en el pecho un campo<a class=\"moretag\" href=\"https:\/\/www.manologarciaycia.com\/?p=19752\" title=\"Despedimos la primera parte de la Gira Ac\u00fastico, Ac\u00fastico, Ac\u00fastico de Manolo Garc\u00eda&#8230;\" target=\"_self\" rel=\"follow\"> <font face=arial size=2>[Leer m\u00e1s]<\/font> <\/a><\/p>\n","protected":false},"author":2,"featured_media":19753,"comment_status":"closed","ping_status":"closed","sticky":false,"template":"","format":"standard","meta":{"footnotes":""},"categories":[1],"tags":[],"class_list":["post-19752","post","type-post","status-publish","format-standard","has-post-thumbnail","hentry","category-manolo-garcia"],"_links":{"self":[{"href":"https:\/\/www.manologarciaycia.com\/index.php?rest_route=\/wp\/v2\/posts\/19752","targetHints":{"allow":["GET"]}}],"collection":[{"href":"https:\/\/www.manologarciaycia.com\/index.php?rest_route=\/wp\/v2\/posts"}],"about":[{"href":"https:\/\/www.manologarciaycia.com\/index.php?rest_route=\/wp\/v2\/types\/post"}],"author":[{"embeddable":true,"href":"https:\/\/www.manologarciaycia.com\/index.php?rest_route=\/wp\/v2\/users\/2"}],"replies":[{"embeddable":true,"href":"https:\/\/www.manologarciaycia.com\/index.php?rest_route=%2Fwp%2Fv2%2Fcomments&post=19752"}],"version-history":[{"count":1,"href":"https:\/\/www.manologarciaycia.com\/index.php?rest_route=\/wp\/v2\/posts\/19752\/revisions"}],"predecessor-version":[{"id":19754,"href":"https:\/\/www.manologarciaycia.com\/index.php?rest_route=\/wp\/v2\/posts\/19752\/revisions\/19754"}],"wp:featuredmedia":[{"embeddable":true,"href":"https:\/\/www.manologarciaycia.com\/index.php?rest_route=\/wp\/v2\/media\/19753"}],"wp:attachment":[{"href":"https:\/\/www.manologarciaycia.com\/index.php?rest_route=%2Fwp%2Fv2%2Fmedia&parent=19752"}],"wp:term":[{"taxonomy":"category","embeddable":true,"href":"https:\/\/www.manologarciaycia.com\/index.php?rest_route=%2Fwp%2Fv2%2Fcategories&post=19752"},{"taxonomy":"post_tag","embeddable":true,"href":"https:\/\/www.manologarciaycia.com\/index.php?rest_route=%2Fwp%2Fv2%2Ftags&post=19752"}],"curies":[{"name":"wp","href":"https:\/\/api.w.org\/{rel}","templated":true}]}}