{"id":19745,"date":"2019-07-16T20:13:59","date_gmt":"2019-07-16T18:13:59","guid":{"rendered":"https:\/\/www.manologarciaycia.com\/?p=19745"},"modified":"2019-07-16T20:14:02","modified_gmt":"2019-07-16T18:14:02","slug":"manolo-garcia-mostra-la-seva-pintura-inconformista-pop-a-sant-feliu-de-guixols-manolo-garcia-muestra-su-pintura-inconformista-pop-en-sant-feliu-de-guixols","status":"publish","type":"post","link":"https:\/\/www.manologarciaycia.com\/?p=19745","title":{"rendered":"Manolo Garc\u00eda mostra la seva pintura \u00abinconformista pop\u00bb a Sant Feliu de Gu\u00edxols \/\/ Manolo Garc\u00eda muestra su pintura \u00abinconformista pop\u00bb en Sant Feliu de Gu\u00edxols"},"content":{"rendered":"\n<h2 class=\"wp-block-heading\">El cantant, que aquest cap de setmana enceta el Festival de la Porta Ferrada amb un doble concert, va inaugurar ahir una exposici\u00f3 al Monestir que es podr\u00e0 veure fins al 3 d&#8217;agost \u00b7 La mostra consta de 63 dibuixos i pintures i una desena d&#8217;escultures de fusta i ferro<\/h2>\n\n\n\n<p><strong>\u00abPer mi, l&#8217;art \u00e9s una manera de viure una mica cada dia\u00bb<\/strong>.&nbsp;<a href=\"https:\/\/www.diaridegirona.cat\/tags\/manolo-garcia.html\">Manolo Garc\u00eda<\/a>&nbsp;\u00e9s conegut, sobretot, per la seva faceta com a cantant, i de fet&nbsp;<strong>ser\u00e0 l&#8217;encarregat d&#8217;inaugurar aquest cap de setmana el&nbsp;<a href=\"https:\/\/www.diaridegirona.cat\/tags\/festival-porta-ferrada.html\">Festival de la Porta Ferrada<\/a><\/strong>&nbsp;amb un doble concert. Per\u00f2 a m\u00e9s de m\u00fasica, per les venes de Garc\u00eda tamb\u00e9 hi corre la pintura, una disciplina que va estudiar de jove i que no ha abandonat al llarg dels anys.<\/p>\n\n\n\n<p>I aquest estiu,&nbsp;<strong>l&#8217;exposa en un espai de luxe: fins el 3 d&#8217;agost<\/strong>, les seves pintures, dibuixos i escultures es poden veure al Monestir de Sant Feliu de Gu\u00edxols amb el t\u00edtol&nbsp;<em>Poetes desafectes, exc\u00e8ntrics remers<\/em>, en el marc del festival.<\/p>\n\n\n\n<figure><iframe><\/iframe><\/figure>\n\n\n\n<p><strong>L&#8217;exposici\u00f3 consta de 63 dibuixos i pintures (olis i acr\u00edlics)<\/strong>&nbsp;i una desena d&#8217;escultures de fusta i ferro. Es tracta majorit\u00e0riament d&#8217;obres recents, fetes els \u00faltims tres anys, algunes de les quals -els dibuixos- elaborades durant la seva darrera gira, que tenia 33 concerts i de la qual en van sortir 35 dibuixos.<\/p>\n\n\n\n<p><strong>\u00abDibuixar m&#8217;ajuda a relaxar-me abans d&#8217;un concert\u00bb, explica Garc\u00eda.<\/strong>&nbsp;I \u00e9s que, per a ell, la millor f\u00f3rmula per evadir-se dels nervis previs a pujar a un escenari \u00e9s posar-se m\u00fasica -en el seu reproductor no falten ni Adri\u00e0 Punt\u00ed ni Ivette Nadal, entre molts altres- i comen\u00e7ar a dibuixar. Tot i aix\u00f2, Garc\u00eda no es considera un pintor&nbsp;<em>amateur<\/em>: \u00abFins fa cinc anys deia que era un pintor aficionat, per\u00f2 porto tota la vida pintant, tinc ofici i t\u00e8cnica. Per tant, puc dir que s\u00f3c pintor\u00bb, afirma.<\/p>\n\n\n\n<p>De ben jove,&nbsp;<strong>Garc\u00eda va comen\u00e7ar a estudiar Arts Aplicades a la Llotja de Barcelona,&nbsp;<\/strong>tot i que ho va deixar quan se&#8217;n va anar a la mili. I malgrat que li agradaven tant la pintura com la m\u00fasica, en arribar el moment d&#8217;escollir, es va decantar per aquesta \u00faltima perqu\u00e8 en l&#8217;\u00e0mbit musical \u00absemblava que hi havia m\u00e9s ambient i podria con\u00e8ixer m\u00e9s noies\u00bb, recorda entre rialles.<br><\/p>\n\n\n\n<h2 class=\"wp-block-heading\">Connectar amb la natura<\/h2>\n\n\n\n<p>Com a pintor,&nbsp;<strong>Manolo Garc\u00eda es defineix com a \u00abecl\u00e8ctic\u00bb i ha batejat el seu estil com \u00abinconformista pop\u00bb<\/strong>&nbsp;amb un punt de \u00absurrealista retardat\u00bb. En les seves pintures, el cantant s&#8217;evadeix de la vida moderna i tecnol\u00f2gica per tornar a connectar amb la natura. \u00abTant la pintura com la m\u00fa0ssica em permeten connectar amb el meu jo interior i reflectir les meves inquietuds\u00bb, assenyala. I \u00e9s que, al seu parer, \u00abel segle XIX, malgrat totes les mancaces que hi havia, era m\u00e9s pur, i segur que el contacte amb la natura era molt millor que beure una ampolla d&#8217;una aigua que potser porta quatre mesos embotellada\u00bb.<\/p>\n\n\n\n<p><strong>Garc\u00eda va fer la seva primera exposici\u00f3 individual a Menorca l&#8217;any 1992<\/strong>. Des de llavors, ha participat en una vintenta de mostres a diferents punts de l&#8217;Estat, tant exposicions individuals com col\u00b7lectives. Tamb\u00e9 ha publicat tres llibres sobre els seus dibuixos i pintures.<\/p>\n\n\n\n<p>Fuente: Laura Fanals &#8211; Foto Enols Resclosa &#8211; Diari Girona &#8211; ENLACE<\/p>\n\n\n\n<figure class=\"wp-block-image\"><img loading=\"lazy\" decoding=\"async\" width=\"1000\" height=\"667\" src=\"https:\/\/www.manologarciaycia.com\/wp-content\/uploads\/2019\/07\/MG_Expo_2.jpg\" alt=\"\" class=\"wp-image-19747\" srcset=\"https:\/\/www.manologarciaycia.com\/wp-content\/uploads\/2019\/07\/MG_Expo_2.jpg 1000w, https:\/\/www.manologarciaycia.com\/wp-content\/uploads\/2019\/07\/MG_Expo_2-500x334.jpg 500w, https:\/\/www.manologarciaycia.com\/wp-content\/uploads\/2019\/07\/MG_Expo_2-768x512.jpg 768w, https:\/\/www.manologarciaycia.com\/wp-content\/uploads\/2019\/07\/MG_Expo_2-695x464.jpg 695w, https:\/\/www.manologarciaycia.com\/wp-content\/uploads\/2019\/07\/MG_Expo_2-930x620.jpg 930w\" sizes=\"auto, (max-width: 1000px) 100vw, 1000px\" \/><\/figure>\n\n\n\n<figure class=\"wp-block-image\"><img loading=\"lazy\" decoding=\"async\" width=\"1000\" height=\"667\" src=\"https:\/\/www.manologarciaycia.com\/wp-content\/uploads\/2019\/07\/MG_Expo_3.jpg\" alt=\"\" class=\"wp-image-19748\" srcset=\"https:\/\/www.manologarciaycia.com\/wp-content\/uploads\/2019\/07\/MG_Expo_3.jpg 1000w, https:\/\/www.manologarciaycia.com\/wp-content\/uploads\/2019\/07\/MG_Expo_3-500x334.jpg 500w, https:\/\/www.manologarciaycia.com\/wp-content\/uploads\/2019\/07\/MG_Expo_3-768x512.jpg 768w, https:\/\/www.manologarciaycia.com\/wp-content\/uploads\/2019\/07\/MG_Expo_3-695x464.jpg 695w, https:\/\/www.manologarciaycia.com\/wp-content\/uploads\/2019\/07\/MG_Expo_3-930x620.jpg 930w\" sizes=\"auto, (max-width: 1000px) 100vw, 1000px\" \/><\/figure>\n\n\n\n<figure class=\"wp-block-image\"><img loading=\"lazy\" decoding=\"async\" width=\"467\" height=\"700\" src=\"https:\/\/www.manologarciaycia.com\/wp-content\/uploads\/2019\/07\/MG_Expo_44.jpg\" alt=\"\" class=\"wp-image-19749\" srcset=\"https:\/\/www.manologarciaycia.com\/wp-content\/uploads\/2019\/07\/MG_Expo_44.jpg 467w, https:\/\/www.manologarciaycia.com\/wp-content\/uploads\/2019\/07\/MG_Expo_44-334x500.jpg 334w\" sizes=\"auto, (max-width: 467px) 100vw, 467px\" \/><\/figure>\n\n\n\n<figure class=\"wp-block-image\"><img loading=\"lazy\" decoding=\"async\" width=\"1000\" height=\"667\" src=\"https:\/\/www.manologarciaycia.com\/wp-content\/uploads\/2019\/07\/MG_Expo_5.jpg\" alt=\"\" class=\"wp-image-19750\" srcset=\"https:\/\/www.manologarciaycia.com\/wp-content\/uploads\/2019\/07\/MG_Expo_5.jpg 1000w, https:\/\/www.manologarciaycia.com\/wp-content\/uploads\/2019\/07\/MG_Expo_5-500x334.jpg 500w, https:\/\/www.manologarciaycia.com\/wp-content\/uploads\/2019\/07\/MG_Expo_5-768x512.jpg 768w, https:\/\/www.manologarciaycia.com\/wp-content\/uploads\/2019\/07\/MG_Expo_5-695x464.jpg 695w, https:\/\/www.manologarciaycia.com\/wp-content\/uploads\/2019\/07\/MG_Expo_5-930x620.jpg 930w\" sizes=\"auto, (max-width: 1000px) 100vw, 1000px\" \/><\/figure>\n\n\n\n<p>EN CASTELLANO:<\/p>\n\n\n\n<h2 class=\"wp-block-heading\">El cantante, que este fin de semana comienza el Festival de la Porta Ferrada con un doble concierto, inaugur\u00f3 ayer una exposici\u00f3n en el Monasterio que se podr\u00e1 ver hasta el 3 de agosto \u00b7 La muestra consta de 63 dibujos y pinturas y una decena de esculturas de madera y hierro<\/h2>\n\n\n\n<p><strong>\u00abPara m\u00ed, el arte es una manera de vivir un poco cada d\u00eda\u00bb<\/strong>&nbsp;.&nbsp;<a href=\"https:\/\/www.diaridegirona.cat\/tags\/manolo-garcia.html\">Manolo Garc\u00eda<\/a>&nbsp;es conocido, sobre todo, por su faceta como cantante, y de hecho&nbsp;<strong>ser\u00e1 el encargado de inaugurar este fin de semana el&nbsp;<a href=\"https:\/\/www.diaridegirona.cat\/tags\/festival-porta-ferrada.html\">Festival de la Porta Ferrada<\/a><\/strong>&nbsp;con un doble concierto.&nbsp;Pero adem\u00e1s de m\u00fasica, por las venas de Garc\u00eda tambi\u00e9n corre la pintura, una disciplina que estudi\u00f3 de joven y que no ha abandonado a lo largo de los a\u00f1os.<\/p>\n\n\n\n<p>Y este verano,&nbsp;<strong>lo expone en un espacio de lujo: hasta el 3 de agosto<\/strong>&nbsp;, sus pinturas, dibujos y esculturas se pueden ver en el Monasterio de Sant Feliu de Gu\u00edxols con el t\u00edtulo&nbsp;<em>Poetas desafectos, exc\u00e9ntricos remeros<\/em>&nbsp;, en el marco del festival.<\/p>\n\n\n\n<figure><iframe><\/iframe><\/figure>\n\n\n\n<p><strong>La exposici\u00f3n consta de 63 dibujos y pinturas (\u00f3leos y acr\u00edlicos)<\/strong>&nbsp;y una decena de esculturas de madera y hierro.&nbsp;Se trata mayoritariamente de obras recientes, realizadas en los \u00faltimos tres a\u00f1os, algunas de las cuales -los dibujos- elaboradas durante su \u00faltima gira, que ten\u00eda 33 conciertos y de la que salieron 35 dibujos.<\/p>\n\n\n\n<p><strong>\u00abDibujar me ayuda a relajarme antes un concierto\u00bb, explica Garc\u00eda.&nbsp;<\/strong>Y es que, para \u00e9l, la mejor f\u00f3rmula para evadirse de los nervios previos a subir a un escenario es ponerse m\u00fasica -en su reproductor no faltan ni Adri\u00e0 Punt\u00ed ni Ivette Nadal, entre muchos otros- y empezar a dibujar .&nbsp;Sin embargo, Garc\u00eda no se considera un pintor&nbsp;<em>amateur<\/em>&nbsp;: \u00abHasta hace cinco a\u00f1os dec\u00eda que era un pintor aficionado, pero llevo toda la vida pintando, tengo oficio y t\u00e9cnica.&nbsp;Por lo tanto, puedo decir que soy pintor \u00bb, afirma.<\/p>\n\n\n\n<p>De joven,&nbsp;<strong>Garc\u00eda comenz\u00f3 a estudiar Artes Aplicadas a la Lonja de Barcelona,<\/strong>&nbsp;aunque lo dej\u00f3 cuando se fue a la mili.&nbsp;Y a pesar de que le gustaban tanto la pintura como la m\u00fasica, al llegar el momento de escoger, se decant\u00f3 por esta \u00faltima para que en el \u00e1mbito musical \u00abparec\u00eda que hab\u00eda m\u00e1s ambiente y podr\u00eda conocer m\u00e1s chicas\u00bb, recuerda entre risas.<br><\/p>\n\n\n\n<h2 class=\"wp-block-heading\">Conectar con la naturaleza<\/h2>\n\n\n\n<p>Como pintor,&nbsp;<strong>Manolo Garc\u00eda se define como \u00abecl\u00e9ctico\u00bb y ha bautizado su estilo como \u00abinconformista pop\u00bb<\/strong>&nbsp;con un punto de \u00absurrealista retrasado\u00bb.&nbsp;En sus pinturas, el cantante se evade de la vida moderna y tecnol\u00f3gica para volver a conectar con la naturaleza.&nbsp;\u00abTanto la pintura como la m\u00fa0ssica me permiten conectar con mi yo interior y reflejar mis inquietudes\u00bb, se\u00f1ala.&nbsp;Y es que, a su juicio, \u00abel siglo XIX, a pesar de todas las mancaces que hab\u00eda, era m\u00e1s puro, y seguro que el contacto con la naturaleza era mucho mejor que beber una botella de un agua que quiz\u00e1 lleva cuatro meses embotellada \u00bb.<\/p>\n\n\n\n<p><strong>Garc\u00eda hizo su primera exposici\u00f3n individual en Menorca en 1992<\/strong>&nbsp;.&nbsp;Desde entonces, ha participado en una vintenta de muestras en diferentes puntos del Estado, tanto exposiciones individuales como colectivas.&nbsp;Tambi\u00e9n ha publicado tres libros sobre sus dibujos y pinturas.<\/p>\n","protected":false},"excerpt":{"rendered":"<p>El cantant, que aquest cap de setmana enceta el Festival de la Porta Ferrada amb un doble concert, va inaugurar ahir una exposici\u00f3 al Monestir que es podr\u00e0 veure fins al 3 d&#8217;agost \u00b7 La mostra consta de 63 dibuixos i pintures i una desena d&#8217;escultures de fusta i ferro \u00abPer mi, l&#8217;art \u00e9s una<a class=\"moretag\" href=\"https:\/\/www.manologarciaycia.com\/?p=19745\" title=\"Manolo Garc\u00eda mostra la seva pintura \u00abinconformista pop\u00bb a Sant Feliu de Gu\u00edxols \/\/ Manolo Garc\u00eda muestra su pintura \u00abinconformista pop\u00bb en Sant Feliu de Gu\u00edxols\" target=\"_self\" rel=\"follow\"> <font face=arial size=2>[Leer m\u00e1s]<\/font> <\/a><\/p>\n","protected":false},"author":2,"featured_media":19746,"comment_status":"closed","ping_status":"closed","sticky":false,"template":"","format":"standard","meta":{"footnotes":""},"categories":[1],"tags":[],"class_list":["post-19745","post","type-post","status-publish","format-standard","has-post-thumbnail","hentry","category-manolo-garcia"],"_links":{"self":[{"href":"https:\/\/www.manologarciaycia.com\/index.php?rest_route=\/wp\/v2\/posts\/19745","targetHints":{"allow":["GET"]}}],"collection":[{"href":"https:\/\/www.manologarciaycia.com\/index.php?rest_route=\/wp\/v2\/posts"}],"about":[{"href":"https:\/\/www.manologarciaycia.com\/index.php?rest_route=\/wp\/v2\/types\/post"}],"author":[{"embeddable":true,"href":"https:\/\/www.manologarciaycia.com\/index.php?rest_route=\/wp\/v2\/users\/2"}],"replies":[{"embeddable":true,"href":"https:\/\/www.manologarciaycia.com\/index.php?rest_route=%2Fwp%2Fv2%2Fcomments&post=19745"}],"version-history":[{"count":1,"href":"https:\/\/www.manologarciaycia.com\/index.php?rest_route=\/wp\/v2\/posts\/19745\/revisions"}],"predecessor-version":[{"id":19751,"href":"https:\/\/www.manologarciaycia.com\/index.php?rest_route=\/wp\/v2\/posts\/19745\/revisions\/19751"}],"wp:featuredmedia":[{"embeddable":true,"href":"https:\/\/www.manologarciaycia.com\/index.php?rest_route=\/wp\/v2\/media\/19746"}],"wp:attachment":[{"href":"https:\/\/www.manologarciaycia.com\/index.php?rest_route=%2Fwp%2Fv2%2Fmedia&parent=19745"}],"wp:term":[{"taxonomy":"category","embeddable":true,"href":"https:\/\/www.manologarciaycia.com\/index.php?rest_route=%2Fwp%2Fv2%2Fcategories&post=19745"},{"taxonomy":"post_tag","embeddable":true,"href":"https:\/\/www.manologarciaycia.com\/index.php?rest_route=%2Fwp%2Fv2%2Ftags&post=19745"}],"curies":[{"name":"wp","href":"https:\/\/api.w.org\/{rel}","templated":true}]}}