{"id":19742,"date":"2019-07-16T20:03:05","date_gmt":"2019-07-16T18:03:05","guid":{"rendered":"https:\/\/www.manologarciaycia.com\/?p=19742"},"modified":"2019-07-16T20:03:13","modified_gmt":"2019-07-16T18:03:13","slug":"laltre-manolo-garcia-el-otro-manolo-garcia","status":"publish","type":"post","link":"https:\/\/www.manologarciaycia.com\/?p=19742","title":{"rendered":"L\u2019altre Manolo Garc\u00eda  \/ El otro Manolo Garc\u00eda"},"content":{"rendered":"\n<h3 class=\"wp-block-heading\">\u00a0A m\u00e9s dels dos concerts que obriran \u2013dem\u00e0 i dissabte\u2013 el Festival Porta Ferrada a Sant Feliu, l\u2019artista exhibeix el vessant pict\u00f2ric i escult\u00f2ric al monestir guixolenc fins al 3 d\u2019agost<\/h3>\n\n\n\n<p>La gran vocaci\u00f3 de&nbsp;<a href=\"http:\/\/www.manolo-garcia.com\/\" target=\"_blank\" rel=\"noreferrer noopener\">Manolo Garc\u00eda<\/a>&nbsp;, a banda de la m\u00e9s \u00edntima de viure el moment i gaudir-ne i la coneguda d\u2019emplenar els llocs on actua, \u00e9s anar fent el mateix amb els llen\u00e7os que pinta. \u00c9s potser la seva veritable vocaci\u00f3, menys coneguda, per\u00f2 resseguible pels fans sobretot des que va emprendre la carrera en solitari, ja fa dues d\u00e8cades, des de la coberta d\u2019aquell&nbsp;<em>Arena en los bolsillos<\/em>&nbsp;del 1998, despr\u00e9s del final d\u2019El \u00daltimo de la Fila, i obres que han acompanyat embalatges d\u2019altres treballs. Les mostres pict\u00f2riques obertes al p\u00fablic de la seva obra no s\u00f3n freq\u00fcents, per\u00f2 a Sant Feliu de Gu\u00edxols, on divendres i dissabte obre el&nbsp;<a href=\"http:\/\/www.festivalportaferrada.cat\/\" target=\"_blank\" rel=\"noreferrer noopener\">Festival de la Porta Ferrada<\/a>&nbsp;, li han ofert el caramel d\u2019exhibir l\u2019art total, que a m\u00e9s de la veu i les composicions de la seva gira ac\u00fastica acompanya amb una exposici\u00f3 de 24 pintures \u2013a l\u2019oli i acr\u00edliques\u2013, 35 dibuixos amb llapis i diverses escultures recents que ha confeccionat amb base de fusta i elements met\u00e0l\u00b7lics. L\u2019ha titulada&nbsp;<em>Poetas desafectos, exc\u00e9ntricos remeros<\/em>&nbsp;i es podr\u00e0 visitar fins al 3 d\u2019agost a la quarta planta del monestir guixolenc.<\/p>\n\n\n\n<p>Compartir\u00e0 edifici amb la mostra de l\u2019Espai Carmen Thyssen i obres de Picasso, Sorolla i altres genis. No hi \u00e9s ali\u00e8, per\u00f2 defensava que \u2013orgull a banda\u2013 ha acceptat amb sorpresa la invitaci\u00f3 avinent de completar el seu pas per Sant Feliu. \u00c9s, en certa manera, una iniciativa enriquidora i similar a la mostra de fotografies i dibuixos de la cantant Patti Smith \u2013que enguany retorna al festival\u2013, tamb\u00e9 al monestir, l\u2019any 2010.<\/p>\n\n\n\n<p>Malgrat tot, Garc\u00eda \u2013que va fer estudis d\u2019arts aplicades a l\u2019escola Llotja de Barcelona\u2013 reivindica la seva faceta pict\u00f2rica: \u201cSempre deia que s\u00f3c un pintor aficionat,&nbsp;<em>amateur<\/em>, per\u00f2 s\u2019ha acabat; un dia em vaig aixecar i vaig pensar que he pintant tota la vida, tinc uns estudis i estimo molt\u00edssim la pintura, que \u00e9s una passi\u00f3 per a mi. Tinc un ofici, una t\u00e8cnica; prou de tanta humilitat: s\u00f3c pintor.\u201d<\/p>\n\n\n\n<p>Entre les obres en exposici\u00f3, l\u2019artista explicava que n\u2019hi ha algunes del 2014 i el 2015, per\u00f2 que la majoria \u2013de la mateixa manera que el conjunt d\u2019escultures, totes d\u2019enguany\u2013 s\u00f3n recents. Confessava que algun dels quadres l\u2019ha rematat els darrers dies, i tamb\u00e9 que potser hauria cobert l\u2019expedient amb menys obres, per\u00f2 que \u00e9s gener\u00f3s, igual que mira d\u2019optimitzar els minuts dels CD amb el m\u00e0xim de temes. I que el p\u00fablic tri\u00ef i gaudeixi.<\/p>\n\n\n\n<p>Com a pintor, es definia fidel al seu estil pr\u00f2xim: \u201cEm considero informalista-pop; m\u2019ho he inventat, per\u00f2 m\u2019agrada. I surrealista tard\u00e0, ecl\u00e8ctic, abstracte i colorista.\u201d A excepci\u00f3 dels dibuixos, el seu refugi per matar el cuc pict\u00f2ric quan \u00e9s de gira i no t\u00e9 l\u2019estudi, els pinzells i les pintures a l\u2019abast: \u201c\u00c9s molt f\u00e0cil: un llapis, una goma i una llibreta de la papereria, o un full de l\u2019hotel per rebaixar nervis.\u201d Entre els 33 concerts de la darrera gira va confeccionar 35 dibuixos.<\/p>\n\n\n\n<p><strong>Encara hi ha entrades<\/strong><\/p>\n\n\n\n<p>Garc\u00eda va inaugurar la mostra ahir al vespre mentre descansa la veu per als dos concerts en la recta final de la seva gira ac\u00fastica a Sant Feliu, dissabte \u2013amb entrades exhaurides fa mesos\u2013 i la segona data que va acceptar dem\u00e0, divendres (22.30, a l\u2019Espai Port ganx\u00f3), amb els darrers tiquets encara a la venda.<\/p>\n\n\n\n<p>Fuente: El Punt Avui &#8211; <a rel=\"noreferrer noopener\" aria-label=\"ENLACE (abre en una nueva pesta\u00f1a)\" href=\"http:\/\/www.elpuntavui.cat\/cultura\/article\/19-cultura\/1634264-l-altre-manolo-garcia.html\" target=\"_blank\">ENLACE<\/a> &#8211; EMILI AGULL\u00d3<\/p>\n\n\n\n<p>EN CASTELLANO:<\/p>\n\n\n\n<h3 class=\"wp-block-heading\">Adem\u00e1s de los dos conciertos que abrir\u00e1n -ma\u00f1ana y s\u00e1bado- el Festival Porta Ferrada en Sant Feliu, el artista exhibe la vertiente pict\u00f3rico y escult\u00f3rico al monasterio guixolense hasta el 3 de agosto<\/h3>\n\n\n\n<p>La gran vocaci\u00f3n de\u00a0Manolo Garc\u00eda\u00a0, adem\u00e1s de la m\u00e1s \u00edntima de vivir el momento y disfrutar y la conocida rellenar los lugares donde act\u00faa, es ir haciendo lo mismo con los lienzos que pinta.\u00a0Es quiz\u00e1 su verdadera vocaci\u00f3n, menos conocida, pero resseguible los fans sobre todo desde que emprendi\u00f3 la carrera en solitario, ya hace dos d\u00e9cadas, desde la cubierta de aquel\u00a0<em>Arena en los bolsillos<\/em>\u00a0del 1998, despu\u00e9s del final de El \u00daltimo de la Fila, y obras que han acompa\u00f1ado embalajes de otros trabajos.\u00a0Las muestras pict\u00f3ricas abiertas al p\u00fablico de su obra no son frecuentes, pero en Sant Feliu de Gu\u00edxols, donde el viernes y s\u00e1bado abre el\u00a0Festival de la Porta Ferrada, Le han ofrecido el caramelo de exhibir el arte total, que adem\u00e1s de la voz y las composiciones de su gira ac\u00fastica acompa\u00f1a con una exposici\u00f3n de 24 pinturas -en el aceite y acr\u00edliques-, 35 dibujos con l\u00e1piz y varias esculturas recientes que ha confeccionado con base de madera y elementos met\u00e1licos.\u00a0La ha titulada\u00a0<em>Poetas desafectos, exc\u00e9ntricos remeros<\/em>\u00a0y se podr\u00e1 visitar hasta el 3 de agosto en la cuarta planta del monasterio guixolense.<\/p>\n\n\n\n<p>Compartir\u00e1 edificio con la muestra del Espacio Carmen Thyssen y obras de Picasso, Sorolla y otros genios.&nbsp;No es ajeno, pero defend\u00eda que -orgull aparte- ha aceptado con sorpresa la invitaci\u00f3n saber de completar su paso por Sant Feliu.&nbsp;Es, en cierto modo, una iniciativa enriquecedora y similar a la muestra de fotograf\u00edas y dibujos de la cantante Patti Smith -que este a\u00f1o retorna al festival-, tambi\u00e9n al monasterio, en 2010.<\/p>\n\n\n\n<p>Sin embargo, Garc\u00eda -que hizo estudios de artes aplicadas en la escuela Llotja de Barcelona- reivindica su faceta pict\u00f3rica: \u00abSiempre dec\u00eda que soy un pintor aficionado,&nbsp;<em>amateur<\/em>&nbsp;, pero se ha acabado;&nbsp;un d\u00eda me levant\u00e9 y pens\u00e9 que he pintando toda la vida, tengo unos estudios y quiero much\u00edsimo la pintura, que es una pasi\u00f3n para m\u00ed.&nbsp;Tengo un oficio, una t\u00e9cnica;&nbsp;bien de tanta humildad: soy pintor. \u00ab<\/p>\n\n\n\n<p>Entre las obras en exposici\u00f3n, el artista explicaba que hay algunas de 2014 y 2015, pero que la mayor\u00eda -de la misma manera que el conjunto de esculturas, todas de este a\u00f1o- son recientes.&nbsp;Confesaba que alguno de los cuadros lo remat\u00f3 los \u00faltimos d\u00edas, y tambi\u00e9n que tal vez habr\u00eda cubierto el expediente con menos obras, pero que es generoso, al igual que trata de optimizar los minutos de los CD con el m\u00e1ximo de temas.&nbsp;Y que el p\u00fablico elija y disfrute.<\/p>\n\n\n\n<p>Como pintor, se defin\u00eda fiel a su estilo cercano: \u00abMe considero informalista-pop;&nbsp;me lo he inventado, pero me gusta.&nbsp;Y surrealista tard\u00edo, ecl\u00e9ctico, abstracto y colorista. \u00abA excepci\u00f3n de los dibujos, su refugio para matar el gusanillo pict\u00f3rico cuando es de gira y no tiene el estudio, los pinceles y las pinturas al alcance:\u00bb Es muy f\u00e1cil: un l\u00e1piz, una goma y una libreta de la papeler\u00eda, o una hoja del hotel para rebajar nervios. \u00abEntre los 33 conciertos de la \u00faltima gira confeccion\u00f3 35 dibujos.<\/p>\n\n\n\n<p><strong>A\u00fan hay entradas<\/strong><\/p>\n\n\n\n<p>Garc\u00eda inaugur\u00f3 la muestra anoche mientras descansa la voz para los dos conciertos en la recta final de su gira ac\u00fastica en Sant Feliu, el s\u00e1bado -con entradas agotadas hace meses- y la segunda fecha que acept\u00f3 ma\u00f1ana, viernes (22.30, en el Espai Port ganx\u00f3), con los \u00faltimos tickets todav\u00eda a la venta.<\/p>\n","protected":false},"excerpt":{"rendered":"<p>\u00a0A m\u00e9s dels dos concerts que obriran \u2013dem\u00e0 i dissabte\u2013 el Festival Porta Ferrada a Sant Feliu, l\u2019artista exhibeix el vessant pict\u00f2ric i escult\u00f2ric al monestir guixolenc fins al 3 d\u2019agost La gran vocaci\u00f3 de&nbsp;Manolo Garc\u00eda&nbsp;, a banda de la m\u00e9s \u00edntima de viure el moment i gaudir-ne i la coneguda d\u2019emplenar els llocs on<a class=\"moretag\" href=\"https:\/\/www.manologarciaycia.com\/?p=19742\" title=\"L\u2019altre Manolo Garc\u00eda  \/ El otro Manolo Garc\u00eda\" target=\"_self\" rel=\"follow\"> <font face=arial size=2>[Leer m\u00e1s]<\/font> <\/a><\/p>\n","protected":false},"author":2,"featured_media":19743,"comment_status":"closed","ping_status":"closed","sticky":false,"template":"","format":"standard","meta":{"footnotes":""},"categories":[1],"tags":[],"class_list":["post-19742","post","type-post","status-publish","format-standard","has-post-thumbnail","hentry","category-manolo-garcia"],"_links":{"self":[{"href":"https:\/\/www.manologarciaycia.com\/index.php?rest_route=\/wp\/v2\/posts\/19742","targetHints":{"allow":["GET"]}}],"collection":[{"href":"https:\/\/www.manologarciaycia.com\/index.php?rest_route=\/wp\/v2\/posts"}],"about":[{"href":"https:\/\/www.manologarciaycia.com\/index.php?rest_route=\/wp\/v2\/types\/post"}],"author":[{"embeddable":true,"href":"https:\/\/www.manologarciaycia.com\/index.php?rest_route=\/wp\/v2\/users\/2"}],"replies":[{"embeddable":true,"href":"https:\/\/www.manologarciaycia.com\/index.php?rest_route=%2Fwp%2Fv2%2Fcomments&post=19742"}],"version-history":[{"count":1,"href":"https:\/\/www.manologarciaycia.com\/index.php?rest_route=\/wp\/v2\/posts\/19742\/revisions"}],"predecessor-version":[{"id":19744,"href":"https:\/\/www.manologarciaycia.com\/index.php?rest_route=\/wp\/v2\/posts\/19742\/revisions\/19744"}],"wp:featuredmedia":[{"embeddable":true,"href":"https:\/\/www.manologarciaycia.com\/index.php?rest_route=\/wp\/v2\/media\/19743"}],"wp:attachment":[{"href":"https:\/\/www.manologarciaycia.com\/index.php?rest_route=%2Fwp%2Fv2%2Fmedia&parent=19742"}],"wp:term":[{"taxonomy":"category","embeddable":true,"href":"https:\/\/www.manologarciaycia.com\/index.php?rest_route=%2Fwp%2Fv2%2Fcategories&post=19742"},{"taxonomy":"post_tag","embeddable":true,"href":"https:\/\/www.manologarciaycia.com\/index.php?rest_route=%2Fwp%2Fv2%2Ftags&post=19742"}],"curies":[{"name":"wp","href":"https:\/\/api.w.org\/{rel}","templated":true}]}}