{"id":19668,"date":"2019-06-29T16:03:43","date_gmt":"2019-06-29T14:03:43","guid":{"rendered":"https:\/\/www.manologarciaycia.com\/?p=19668"},"modified":"2019-06-29T16:03:46","modified_gmt":"2019-06-29T14:03:46","slug":"concierto-inolvidable-de-manolo-garcia-en-zamora","status":"publish","type":"post","link":"https:\/\/www.manologarciaycia.com\/?p=19668","title":{"rendered":"Concierto inolvidable de Manolo Garc\u00eda en Zamora"},"content":{"rendered":"\n<p class=\"wp-block-paragraph\">El catal\u00e1n estuvo m\u00e1s de tres horas sobre el escenario repasando sus temas de siempre y presentando sus \u00faltimas creaciones<br><\/p>\n\n\n\n<p class=\"wp-block-paragraph\">Concierto inolvidable el protagonizado este viernes por Manolo Garc\u00eda en la plaza de la Catedral. M\u00e1s de tres horas sobre el escenario estuvo el cantante catal\u00e1n en una exhibici\u00f3n de buen hacer y saber ganarse al p\u00fablico.<\/p>\n\n\n\n<p class=\"wp-block-paragraph\">Garc\u00eda repas\u00f3 los temas que le han hecho uno de los baluartes de la m\u00fasica contempor\u00e1nea espa\u00f1ola y tambi\u00e9n canciones de sus \u00faltimos trabajos. Entregado al p\u00fablico, los zamoranos respondieron a la pasi\u00f3n que puso sobre el escenario el ex vocalista de El Ultimo de la Fila aplaudiendo y cantando cada uno de las canciones.<\/p>\n\n\n\n<p class=\"wp-block-paragraph\">El Cantante, por su parte, se mezcl\u00f3 entre el p\u00fablico en varias ocasiones durante el concierto, y lo mismo acept\u00f3 una cerveza para refrescar la garganta por el esfuerzo, que luci\u00f3 un ramo de flores sobre el escenario que le hab\u00eda regalado instantes antes entre el p\u00fablico.<\/p>\n\n\n\n<p class=\"wp-block-paragraph\">Al final, m\u00e1s all\u00e1 de las dos de la ma\u00f1ana, el p\u00fablico despidi\u00f3 al cantante con una cerrada ovaci\u00f3n que reson\u00f3 en todo el casco hist\u00f3rico de la ciudad y que dej\u00f3 claro que pese a las m\u00e1s de tres horas transcurridas y el calor pasado, todav\u00eda hab\u00eda m\u00e1s ganas de Manolo Garc\u00eda.<\/p>\n\n\n\n<p class=\"wp-block-paragraph\">Fuente: Zamora 3.0 &#8211; <a href=\"http:\/\/zamora3punto0.com\/concierto-inolvidable-de-manolo-garcia-en-zamora\/\" target=\"_blank\" rel=\"noreferrer noopener\" aria-label=\"ENLACE (abre en una nueva pesta\u00f1a)\">ENLACE<\/a><\/p>\n","protected":false},"excerpt":{"rendered":"<p>El catal\u00e1n estuvo m\u00e1s de tres horas sobre el escenario repasando sus temas de siempre y presentando sus \u00faltimas creaciones Concierto inolvidable el protagonizado este viernes por Manolo Garc\u00eda en la plaza de la Catedral. M\u00e1s de tres horas sobre el escenario estuvo el cantante catal\u00e1n en una exhibici\u00f3n de buen hacer y saber ganarse<a class=\"moretag\" href=\"https:\/\/www.manologarciaycia.com\/?p=19668\" title=\"Concierto inolvidable de Manolo Garc\u00eda en Zamora\" target=\"_self\" rel=\"follow\"> <font face=arial size=2>[Leer m\u00e1s]<\/font> <\/a><\/p>\n","protected":false},"author":2,"featured_media":19669,"comment_status":"closed","ping_status":"closed","sticky":false,"template":"","format":"standard","meta":{"footnotes":""},"categories":[1],"tags":[],"class_list":["post-19668","post","type-post","status-publish","format-standard","has-post-thumbnail","hentry","category-manolo-garcia"],"_links":{"self":[{"href":"https:\/\/www.manologarciaycia.com\/index.php?rest_route=\/wp\/v2\/posts\/19668","targetHints":{"allow":["GET"]}}],"collection":[{"href":"https:\/\/www.manologarciaycia.com\/index.php?rest_route=\/wp\/v2\/posts"}],"about":[{"href":"https:\/\/www.manologarciaycia.com\/index.php?rest_route=\/wp\/v2\/types\/post"}],"author":[{"embeddable":true,"href":"https:\/\/www.manologarciaycia.com\/index.php?rest_route=\/wp\/v2\/users\/2"}],"replies":[{"embeddable":true,"href":"https:\/\/www.manologarciaycia.com\/index.php?rest_route=%2Fwp%2Fv2%2Fcomments&post=19668"}],"version-history":[{"count":1,"href":"https:\/\/www.manologarciaycia.com\/index.php?rest_route=\/wp\/v2\/posts\/19668\/revisions"}],"predecessor-version":[{"id":19670,"href":"https:\/\/www.manologarciaycia.com\/index.php?rest_route=\/wp\/v2\/posts\/19668\/revisions\/19670"}],"wp:featuredmedia":[{"embeddable":true,"href":"https:\/\/www.manologarciaycia.com\/index.php?rest_route=\/wp\/v2\/media\/19669"}],"wp:attachment":[{"href":"https:\/\/www.manologarciaycia.com\/index.php?rest_route=%2Fwp%2Fv2%2Fmedia&parent=19668"}],"wp:term":[{"taxonomy":"category","embeddable":true,"href":"https:\/\/www.manologarciaycia.com\/index.php?rest_route=%2Fwp%2Fv2%2Fcategories&post=19668"},{"taxonomy":"post_tag","embeddable":true,"href":"https:\/\/www.manologarciaycia.com\/index.php?rest_route=%2Fwp%2Fv2%2Ftags&post=19668"}],"curies":[{"name":"wp","href":"https:\/\/api.w.org\/{rel}","templated":true}]}}