{"id":19664,"date":"2019-06-29T12:32:54","date_gmt":"2019-06-29T10:32:54","guid":{"rendered":"https:\/\/www.manologarciaycia.com\/?p=19664"},"modified":"2019-06-29T12:34:51","modified_gmt":"2019-06-29T10:34:51","slug":"manolo-garcia-encandila-al-publico-zamorano-con-su-concierto-mas-intimo","status":"publish","type":"post","link":"https:\/\/www.manologarciaycia.com\/?p=19664","title":{"rendered":"Manolo Garc\u00eda encandila al p\u00fablico zamorano con su concierto m\u00e1s \u00edntimo"},"content":{"rendered":"\n<p class=\"wp-block-paragraph\">A los zamoranos no se le han dormido los sentidos esta noche. Por fin Manolo Garc\u00eda ha pisado Zamora despu\u00e9s de 11 a\u00f1os de su \u00faltima visita para ofrecer en un escenario \u00fanico, la Plaza de la Catedral, su formato m\u00e1s \u00edntimo que ha encadilado al p\u00fablico asistente.<\/p>\n\n\n\n<p class=\"wp-block-paragraph\">El gran referente del rock espa\u00f1ol ha llegado a Zamora con su gira ac\u00fastica y el p\u00fablico se ha rendido a sus pies dej\u00e1ndose llevar por los sonidos de las grandes canciones de sus \u00e1lbumes m\u00e1s aclamados como \u2018Arena en los bolsillos\u2019, \u2018Para que no se duerman los sentidos\u2019 o \u2018Geometr\u00eda del Rayo\u2019.<\/p>\n\n\n\n<p class=\"wp-block-paragraph\">Velas, jaulas\u2026todo lujo de cuidados detalles para crear ese clima \u00fanico y adem\u00e1s el artista ha estado acompa\u00f1ado de una banda espectacular en la que no han faltado las guitarras ac\u00fasticas, espa\u00f1olas, pianos, laudes o violines.<\/p>\n\n\n\n<p class=\"wp-block-paragraph\">Uno de los conciertos m\u00e1s esperados de este San Pedro que no ha dejado indiferente a nadie, pues Manolo Garc\u00eda ha creado un ambiente m\u00e1gico en una noche inolvidable para todos los presentes.<\/p>\n\n\n\n<p class=\"wp-block-paragraph\">Un p\u00fablico entregado y la Plaza de la Catedral abarrotada de fans que no se han querido perder un directo impresionante, aplaudiendo y aclamando a Manolo Garc\u00eda en cada una de sus canciones.<\/p>\n\n\n\n<figure class=\"wp-block-image\"><img decoding=\"async\" src=\"https:\/\/www.noticiascyl.com\/wp-content\/uploads\/2019\/06\/zamora-manolo-garcia-concierto-san-pedro-2019-1.jpg\" alt=\"\" class=\"wp-image-503302\"\/><\/figure>\n\n\n\n<figure class=\"wp-block-image\"><img decoding=\"async\" src=\"https:\/\/www.noticiascyl.com\/wp-content\/uploads\/2019\/06\/zamora-manolo-garcia-concierto-san-pedro-2019-2.jpg\" alt=\"\" class=\"wp-image-503303\"\/><\/figure>\n\n\n\n<figure class=\"wp-block-image\"><img decoding=\"async\" src=\"https:\/\/www.noticiascyl.com\/wp-content\/uploads\/2019\/06\/zamora-manolo-garcia-concierto-san-pedro-2019-3.jpg\" alt=\"\" class=\"wp-image-503304\"\/><\/figure>\n\n\n\n<figure class=\"wp-block-image\"><img decoding=\"async\" src=\"https:\/\/www.noticiascyl.com\/wp-content\/uploads\/2019\/06\/zamora-manolo-garcia-concierto-san-pedro-2019-4.jpg\" alt=\"\" class=\"wp-image-503305\"\/><\/figure>\n\n\n\n<figure class=\"wp-block-image\"><img decoding=\"async\" src=\"https:\/\/www.noticiascyl.com\/wp-content\/uploads\/2019\/06\/zamora-manolo-garcia-concierto-san-pedro-2019-5.jpg\" alt=\"\" class=\"wp-image-503306\"\/><\/figure>\n\n\n\n<figure class=\"wp-block-image\"><img decoding=\"async\" src=\"https:\/\/www.noticiascyl.com\/wp-content\/uploads\/2019\/06\/zamora-manolo-garcia-concierto-san-pedro-2019-6.jpg\" alt=\"\" class=\"wp-image-503307\"\/><\/figure>\n\n\n\n<figure class=\"wp-block-image\"><img decoding=\"async\" src=\"https:\/\/www.noticiascyl.com\/wp-content\/uploads\/2019\/06\/zamora-manolo-garcia-concierto-san-pedro-2019-7.jpg\" alt=\"\" class=\"wp-image-503308\"\/><\/figure>\n\n\n\n<figure class=\"wp-block-image\"><img decoding=\"async\" src=\"https:\/\/www.noticiascyl.com\/wp-content\/uploads\/2019\/06\/zamora-manolo-garcia-concierto-san-pedro-2019-8.jpg\" alt=\"\" class=\"wp-image-503309\"\/><\/figure>\n\n\n\n<figure class=\"wp-block-image\"><img decoding=\"async\" src=\"https:\/\/www.noticiascyl.com\/wp-content\/uploads\/2019\/06\/zamora-manolo-garcia-concierto-san-pedro-2019-9.jpg\" alt=\"\" class=\"wp-image-503310\"\/><\/figure>\n\n\n\n<figure class=\"wp-block-image\"><img decoding=\"async\" src=\"https:\/\/www.noticiascyl.com\/wp-content\/uploads\/2019\/06\/zamora-manolo-garcia-concierto-san-pedro-2019-11.jpg\" alt=\"\" class=\"wp-image-503311\"\/><\/figure>\n\n\n\n<figure class=\"wp-block-image\"><img decoding=\"async\" src=\"https:\/\/www.noticiascyl.com\/wp-content\/uploads\/2019\/06\/zamora-manolo-garcia-concierto-san-pedro-2019-12.jpg\" alt=\"\" class=\"wp-image-503312\"\/><\/figure>\n\n\n\n<figure class=\"wp-block-image\"><img decoding=\"async\" src=\"https:\/\/www.noticiascyl.com\/wp-content\/uploads\/2019\/06\/zamora-manolo-garcia-concierto-san-pedro-2019-13.jpg\" alt=\"\" class=\"wp-image-503313\"\/><\/figure>\n\n\n\n<figure class=\"wp-block-image\"><img decoding=\"async\" src=\"https:\/\/www.noticiascyl.com\/wp-content\/uploads\/2019\/06\/zamora-manolo-garcia-concierto-san-pedro-2019-14.jpg\" alt=\"\" class=\"wp-image-503314\"\/><\/figure>\n\n\n\n<figure class=\"wp-block-image\"><img decoding=\"async\" src=\"https:\/\/www.noticiascyl.com\/wp-content\/uploads\/2019\/06\/zamora-manolo-garcia-concierto-san-pedro-2019-15.jpg\" alt=\"\" class=\"wp-image-503315\"\/><\/figure>\n\n\n\n<figure class=\"wp-block-image\"><img decoding=\"async\" src=\"https:\/\/www.noticiascyl.com\/wp-content\/uploads\/2019\/06\/zamora-manolo-garcia-concierto-san-pedro-2019-16.jpg\" alt=\"\" class=\"wp-image-503316\"\/><\/figure>\n\n\n\n<figure class=\"wp-block-image\"><img decoding=\"async\" src=\"https:\/\/www.noticiascyl.com\/wp-content\/uploads\/2019\/06\/zamora-manolo-garcia-concierto-san-pedro-2019-17.jpg\" alt=\"\" class=\"wp-image-503317\"\/><\/figure>\n\n\n\n<figure class=\"wp-block-image\"><img decoding=\"async\" src=\"https:\/\/www.noticiascyl.com\/wp-content\/uploads\/2019\/06\/zamora-manolo-garcia-concierto-san-pedro-2019-18.jpg\" alt=\"\" class=\"wp-image-503318\"\/><\/figure>\n\n\n\n<figure class=\"wp-block-image\"><img decoding=\"async\" src=\"https:\/\/www.noticiascyl.com\/wp-content\/uploads\/2019\/06\/zamora-manolo-garcia-concierto-san-pedro-2019-19.jpg\" alt=\"\" class=\"wp-image-503319\"\/><\/figure>\n\n\n\n<p class=\"wp-block-paragraph\">Fuente: Noticias Castilla y La Mancha &#8211; Veronica Muriel &#8211; <a rel=\"noreferrer noopener\" href=\"https:\/\/www.noticiascyl.com\/zamora\/local-zamora\/2019\/06\/28\/manolo-garcia-encandila-al-publico-zamorano-con-su-concierto-mas-intimo\/\" target=\"_blank\">ENLACE<\/a><\/p>\n","protected":false},"excerpt":{"rendered":"<p>A los zamoranos no se le han dormido los sentidos esta noche. Por fin Manolo Garc\u00eda ha pisado Zamora despu\u00e9s de 11 a\u00f1os de su \u00faltima visita para ofrecer en un escenario \u00fanico, la Plaza de la Catedral, su formato m\u00e1s \u00edntimo que ha encadilado al p\u00fablico asistente. El gran referente del rock espa\u00f1ol ha<a class=\"moretag\" href=\"https:\/\/www.manologarciaycia.com\/?p=19664\" title=\"Manolo Garc\u00eda encandila al p\u00fablico zamorano con su concierto m\u00e1s \u00edntimo\" target=\"_self\" rel=\"follow\"> <font face=arial size=2>[Leer m\u00e1s]<\/font> <\/a><\/p>\n","protected":false},"author":2,"featured_media":19666,"comment_status":"closed","ping_status":"closed","sticky":false,"template":"","format":"standard","meta":{"footnotes":""},"categories":[1],"tags":[],"class_list":["post-19664","post","type-post","status-publish","format-standard","has-post-thumbnail","hentry","category-manolo-garcia"],"_links":{"self":[{"href":"https:\/\/www.manologarciaycia.com\/index.php?rest_route=\/wp\/v2\/posts\/19664","targetHints":{"allow":["GET"]}}],"collection":[{"href":"https:\/\/www.manologarciaycia.com\/index.php?rest_route=\/wp\/v2\/posts"}],"about":[{"href":"https:\/\/www.manologarciaycia.com\/index.php?rest_route=\/wp\/v2\/types\/post"}],"author":[{"embeddable":true,"href":"https:\/\/www.manologarciaycia.com\/index.php?rest_route=\/wp\/v2\/users\/2"}],"replies":[{"embeddable":true,"href":"https:\/\/www.manologarciaycia.com\/index.php?rest_route=%2Fwp%2Fv2%2Fcomments&post=19664"}],"version-history":[{"count":1,"href":"https:\/\/www.manologarciaycia.com\/index.php?rest_route=\/wp\/v2\/posts\/19664\/revisions"}],"predecessor-version":[{"id":19665,"href":"https:\/\/www.manologarciaycia.com\/index.php?rest_route=\/wp\/v2\/posts\/19664\/revisions\/19665"}],"wp:featuredmedia":[{"embeddable":true,"href":"https:\/\/www.manologarciaycia.com\/index.php?rest_route=\/wp\/v2\/media\/19666"}],"wp:attachment":[{"href":"https:\/\/www.manologarciaycia.com\/index.php?rest_route=%2Fwp%2Fv2%2Fmedia&parent=19664"}],"wp:term":[{"taxonomy":"category","embeddable":true,"href":"https:\/\/www.manologarciaycia.com\/index.php?rest_route=%2Fwp%2Fv2%2Fcategories&post=19664"},{"taxonomy":"post_tag","embeddable":true,"href":"https:\/\/www.manologarciaycia.com\/index.php?rest_route=%2Fwp%2Fv2%2Ftags&post=19664"}],"curies":[{"name":"wp","href":"https:\/\/api.w.org\/{rel}","templated":true}]}}