{"id":19661,"date":"2019-06-29T08:27:07","date_gmt":"2019-06-29T06:27:07","guid":{"rendered":"https:\/\/www.manologarciaycia.com\/?p=19661"},"modified":"2019-06-29T08:27:13","modified_gmt":"2019-06-29T06:27:13","slug":"noche-inolvidable-mas-de-3-horas-de-concierto-de-un-manolo-garcia-que-no-pierde-su-filosofia-razonabledestacado","status":"publish","type":"post","link":"https:\/\/www.manologarciaycia.com\/?p=19661","title":{"rendered":"Noche inolvidable, m\u00e1s de 3 horas de concierto de un Manolo Garc\u00eda que no pierde su filosof\u00eda razonable\tDestacado"},"content":{"rendered":"\n<p class=\"wp-block-paragraph\">Noche de concierto de Manolo Garc\u00eda y su grupo que despu\u00e9s de 11 a\u00f1os volv\u00eda a la Bien Cercada para darlo todo como as\u00ed ha sido. Cerca de mil cuatrocientas personas han tenido el privilegio de escuchar un ac\u00fastico perfecto en sonido, en iluminaci\u00f3n y en puesta en escena, m\u00e1s que cercana, a ras de calle y m\u00e1s que a ras de calle, a paso descubierto y entre los mil cuatrocientos espectadores.<\/p>\n\n\n\n<p class=\"wp-block-paragraph\">No defraud\u00f3, Sara, Insurrecci\u00f3n, P\u00e1jaros de Barro, canciones de sus primeras \u00e9pocas y hasta su \u00faltima maqueta, Manolo Garc\u00eda con su impecable directo y acompa\u00f1ado por un elenco de m\u00fasicos de solera ha dejado a los espectadores satisfechos.<br>Vivir la vida y vivirla a trav\u00e9s de la poes\u00eda y siempre intensamente, esa es la filosof\u00eda razonable que este mago de las palabras y las melod\u00edas inculca en sus temas, promulga en sus conciertos y comparte con todos los que hoy se han rendido a un hombre que traslada positivismo, que juega con las palabras de forma m\u00e1gica, y que ha agradecido a Zamora y a sus gentes el recibimiento de hoy tras tantos a\u00f1os sin poder volver a la ciudad.<\/p>\n\n\n\n<p class=\"wp-block-paragraph\">Un entorno privilegiado algo que llenar\u00e1 sus retinas y o\u00eddos para siempre, un concierto inolvidable el que hoy ha brindado el cantante y su grupo a la gente del campo, agricultora y ganadera de Zamora y provincia, a la Espa\u00f1a Vaciada y a la Zamora despoblada, y es que no dio puntada sin hilo este renovado e incombustible Manolo Garc\u00eda.<br>Tras m\u00e1s de una d\u00e9cada sin venir a Zamora, Manolo Garc\u00eda, lleg\u00f3, cant\u00f3 comparti\u00f3, baj\u00f3 del escenario, y venci\u00f3 a la era digital, lo hizo con su directo cercano y con sus temas de ayer y de hoy que siguen convirtiendo la vida en esa filosof\u00eda razonable de la met\u00e1fora de sus letras. Se pidi\u00f3 no grabar pero m\u00e1s all\u00e1 de prohibir la \u00fanica consideraci\u00f3n que hizo fue \u00abNo suban los v\u00eddeos a Youtube\u00bb.<br>Con los temas de este prodigioso mago de las palabras y con la conexi\u00f3n que da un directo en el entorno de la piedra de la Plaza de la Catedral Manolo Garc\u00eda se hizo con los cerca de mil quinientos espectadores que esperaban ansiosos a un \u00eddolo de los &#8230;70, 80 90, y del hoy d\u00eda y ahora, el incombustible cantante de los Burros, del \u00daltimo de la Fila volvi\u00f3 a la Bien Cercada para hacer disfrutar y para colarse entre las sillas, cantar con todo el p\u00fablico al lado y contagiar su filosof\u00eda razonable. Instrumentos nuevos en su puesta en escena varios hangs y ac\u00fasticas con sonidos incre\u00edbles, viol\u00edn dulce y la\u00fad, maracas y mucho que contar y recitar&#8230;<\/p>\n\n\n\n<p class=\"wp-block-paragraph\">Tras m\u00e1s de 3 horas de concierto Manolo Garc\u00eda presentaba a su banda esa sin la que como el mismo dijo, Manolo no ser\u00eda nada: Juan Carlos Garc\u00eda que le acompa\u00f1a desde 1985 al piano y el \u00f3rgano, V\u00edctor Hiniesta en la ac\u00fastica, tambi\u00e9n el guitarra espa\u00f1ola, la\u00fad y un largo etc\u00e9tera Josete Ord\u00f3\u00f1ez; el Bater\u00eda Charly Sard\u00e1 otro de los incombustibles y las nuevas incorporaciones en el viol\u00edn y Viola as\u00ed como en el baile Olvido Landa; al contrabajo I\u00f1igo Cortarrecena, y en la ac\u00fastica espa\u00f1ola Ricardo Mar\u00edn, junto con el equipo t\u00e9cnico a los que agradeci\u00f3 su ayuda y profesionalidad sin olvidarse de uno de los componentes del equipo Ra\u00fal que ha tenido que ser hospitalizado&#8230;No le falt\u00f3 a nadie por nombrar, todo su equipo hacen un todo que se llama Manolo Garc\u00eda del que Zamora ha disfrutado y se ha resarcido de a\u00f1os de espera, hoy los que hemos estado del inicio al final hubi\u00e9ramos estado m\u00e1s pero seguro que no hubiera sido mejor.<\/p>\n\n\n\n<p class=\"wp-block-paragraph\">Fuente: Zamora News &#8211; <a href=\"https:\/\/zamoranews.com\/magazinezamora\/reportajes-zamora\/item\/45829-noche-inolvidable-mas-de-3-horas-de-concierto-de-un-manolo-garcia-que-no-pierde-su-filosofia-razonable\" target=\"_blank\" rel=\"noreferrer noopener\" aria-label=\"ENLACE  (abre en una nueva pesta\u00f1a)\">ENLACE <\/a>&#8211; Fco Colmenero\u00a0<\/p>\n","protected":false},"excerpt":{"rendered":"<p>Noche de concierto de Manolo Garc\u00eda y su grupo que despu\u00e9s de 11 a\u00f1os volv\u00eda a la Bien Cercada para darlo todo como as\u00ed ha sido. Cerca de mil cuatrocientas personas han tenido el privilegio de escuchar un ac\u00fastico perfecto en sonido, en iluminaci\u00f3n y en puesta en escena, m\u00e1s que cercana, a ras de<a class=\"moretag\" href=\"https:\/\/www.manologarciaycia.com\/?p=19661\" title=\"Noche inolvidable, m\u00e1s de 3 horas de concierto de un Manolo Garc\u00eda que no pierde su filosof\u00eda razonable\tDestacado\" target=\"_self\" rel=\"follow\"> <font face=arial size=2>[Leer m\u00e1s]<\/font> <\/a><\/p>\n","protected":false},"author":2,"featured_media":19662,"comment_status":"closed","ping_status":"closed","sticky":false,"template":"","format":"standard","meta":{"footnotes":""},"categories":[1],"tags":[],"class_list":["post-19661","post","type-post","status-publish","format-standard","has-post-thumbnail","hentry","category-manolo-garcia"],"_links":{"self":[{"href":"https:\/\/www.manologarciaycia.com\/index.php?rest_route=\/wp\/v2\/posts\/19661","targetHints":{"allow":["GET"]}}],"collection":[{"href":"https:\/\/www.manologarciaycia.com\/index.php?rest_route=\/wp\/v2\/posts"}],"about":[{"href":"https:\/\/www.manologarciaycia.com\/index.php?rest_route=\/wp\/v2\/types\/post"}],"author":[{"embeddable":true,"href":"https:\/\/www.manologarciaycia.com\/index.php?rest_route=\/wp\/v2\/users\/2"}],"replies":[{"embeddable":true,"href":"https:\/\/www.manologarciaycia.com\/index.php?rest_route=%2Fwp%2Fv2%2Fcomments&post=19661"}],"version-history":[{"count":1,"href":"https:\/\/www.manologarciaycia.com\/index.php?rest_route=\/wp\/v2\/posts\/19661\/revisions"}],"predecessor-version":[{"id":19663,"href":"https:\/\/www.manologarciaycia.com\/index.php?rest_route=\/wp\/v2\/posts\/19661\/revisions\/19663"}],"wp:featuredmedia":[{"embeddable":true,"href":"https:\/\/www.manologarciaycia.com\/index.php?rest_route=\/wp\/v2\/media\/19662"}],"wp:attachment":[{"href":"https:\/\/www.manologarciaycia.com\/index.php?rest_route=%2Fwp%2Fv2%2Fmedia&parent=19661"}],"wp:term":[{"taxonomy":"category","embeddable":true,"href":"https:\/\/www.manologarciaycia.com\/index.php?rest_route=%2Fwp%2Fv2%2Fcategories&post=19661"},{"taxonomy":"post_tag","embeddable":true,"href":"https:\/\/www.manologarciaycia.com\/index.php?rest_route=%2Fwp%2Fv2%2Ftags&post=19661"}],"curies":[{"name":"wp","href":"https:\/\/api.w.org\/{rel}","templated":true}]}}