{"id":19658,"date":"2019-06-29T08:19:48","date_gmt":"2019-06-29T06:19:48","guid":{"rendered":"https:\/\/www.manologarciaycia.com\/?p=19658"},"modified":"2019-06-29T08:19:51","modified_gmt":"2019-06-29T06:19:51","slug":"eterno-manolo-garcia","status":"publish","type":"post","link":"https:\/\/www.manologarciaycia.com\/?p=19658","title":{"rendered":"Eterno Manolo Garc\u00eda"},"content":{"rendered":"\n<p class=\"wp-block-paragraph\">La versi\u00f3n m\u00e1s cercana de Manolo Garc\u00eda encandil\u00f3 a los zamoranos que llenaron la Plaza de la Catedral para disfrutar de un concierto en un marco incomparable que se extendi\u00f3 durante m\u00e1s de dos horas.<\/p>\n\n\n\n<p class=\"wp-block-paragraph\">Espectacular concierto del eterno Manolo Garc\u00eda este viernes en Zamora dentro de la programaci\u00f3n de las Ferias y Fiestas de San Pedro. Con la Plaza de la Catedral llena, Manolo Garc\u00eda actu\u00f3 en la noche de este viernes con un marco incomparable de fondo en el que tuvo rendidos a sus fans durante todo el concierto, que se extendi\u00f3 durante m\u00e1s de dos horas.<\/p>\n\n\n\n<p class=\"wp-block-paragraph\">A lo largo de la noche, Manolo Garc\u00eda desgran\u00f3 sus mejores temas y tambi\u00e9n algunos de los m\u00e1s recientes, en un concierto precioso que encandil\u00f3 al p\u00fablico. Todo dentro de su Gira Ac\u00fastico, un estilo que prueba por primera vez en su carrera y que acompa\u00f1a a su s\u00e9ptimo y \u00faltimo \u00e1lbum de estudio, Geometr\u00eda del Rayo.<\/p>\n\n\n\n<p class=\"wp-block-paragraph\">El formato ac\u00fastico cont\u00f3 con gran cantidad de guitarras, percusiones, contrabajo, viol\u00edn y un la\u00fad, junto con una gran banda que hizo el acompa\u00f1amiento perfecto a una voz inimitable y eterna. <\/p>\n\n\n\n<p class=\"wp-block-paragraph\">Fuente: Zamora24h &#8211; <a href=\"https:\/\/www.zamora24horas.com\/albums\/view\/71771\/manolo-garcia-sp19\" target=\"_blank\" rel=\"noreferrer noopener\" aria-label=\"ENLACE (abre en una nueva pesta\u00f1a)\">ENLACE<\/a><\/p>\n\n\n\n<p class=\"wp-block-paragraph\"><br><\/p>\n","protected":false},"excerpt":{"rendered":"<p>La versi\u00f3n m\u00e1s cercana de Manolo Garc\u00eda encandil\u00f3 a los zamoranos que llenaron la Plaza de la Catedral para disfrutar de un concierto en un marco incomparable que se extendi\u00f3 durante m\u00e1s de dos horas. Espectacular concierto del eterno Manolo Garc\u00eda este viernes en Zamora dentro de la programaci\u00f3n de las Ferias y Fiestas de<a class=\"moretag\" href=\"https:\/\/www.manologarciaycia.com\/?p=19658\" title=\"Eterno Manolo Garc\u00eda\" target=\"_self\" rel=\"follow\"> <font face=arial size=2>[Leer m\u00e1s]<\/font> <\/a><\/p>\n","protected":false},"author":2,"featured_media":19659,"comment_status":"closed","ping_status":"closed","sticky":false,"template":"","format":"standard","meta":{"footnotes":""},"categories":[1],"tags":[],"class_list":["post-19658","post","type-post","status-publish","format-standard","has-post-thumbnail","hentry","category-manolo-garcia"],"_links":{"self":[{"href":"https:\/\/www.manologarciaycia.com\/index.php?rest_route=\/wp\/v2\/posts\/19658","targetHints":{"allow":["GET"]}}],"collection":[{"href":"https:\/\/www.manologarciaycia.com\/index.php?rest_route=\/wp\/v2\/posts"}],"about":[{"href":"https:\/\/www.manologarciaycia.com\/index.php?rest_route=\/wp\/v2\/types\/post"}],"author":[{"embeddable":true,"href":"https:\/\/www.manologarciaycia.com\/index.php?rest_route=\/wp\/v2\/users\/2"}],"replies":[{"embeddable":true,"href":"https:\/\/www.manologarciaycia.com\/index.php?rest_route=%2Fwp%2Fv2%2Fcomments&post=19658"}],"version-history":[{"count":1,"href":"https:\/\/www.manologarciaycia.com\/index.php?rest_route=\/wp\/v2\/posts\/19658\/revisions"}],"predecessor-version":[{"id":19660,"href":"https:\/\/www.manologarciaycia.com\/index.php?rest_route=\/wp\/v2\/posts\/19658\/revisions\/19660"}],"wp:featuredmedia":[{"embeddable":true,"href":"https:\/\/www.manologarciaycia.com\/index.php?rest_route=\/wp\/v2\/media\/19659"}],"wp:attachment":[{"href":"https:\/\/www.manologarciaycia.com\/index.php?rest_route=%2Fwp%2Fv2%2Fmedia&parent=19658"}],"wp:term":[{"taxonomy":"category","embeddable":true,"href":"https:\/\/www.manologarciaycia.com\/index.php?rest_route=%2Fwp%2Fv2%2Fcategories&post=19658"},{"taxonomy":"post_tag","embeddable":true,"href":"https:\/\/www.manologarciaycia.com\/index.php?rest_route=%2Fwp%2Fv2%2Ftags&post=19658"}],"curies":[{"name":"wp","href":"https:\/\/api.w.org\/{rel}","templated":true}]}}