{"id":19656,"date":"2019-06-28T10:55:21","date_gmt":"2019-06-28T08:55:21","guid":{"rendered":"https:\/\/www.manologarciaycia.com\/?p=19656"},"modified":"2019-06-28T10:55:25","modified_gmt":"2019-06-28T08:55:25","slug":"entrevista-al-musico-manolo-garcia-los-creadores-hemos-dejado-de-ser-artistas-para-pasar-a-ser-contenidos","status":"publish","type":"post","link":"https:\/\/www.manologarciaycia.com\/?p=19656","title":{"rendered":"Entrevista al m\u00fasico Manolo Garc\u00eda | \u00abLos creadores hemos dejado de ser artistas para pasar a ser contenidos\u00bb"},"content":{"rendered":"\n<p class=\"wp-block-paragraph\">\u00abYo busco libros, busco pintura, busco cultura que es cultivarse frente a lo que impera en el mundo actualmente, y creo que supone ir hacia un erial en las mentes\u00bb<\/p>\n\n\n\n<p class=\"wp-block-paragraph\">El <strong>m\u00fasico Manolo Garc\u00eda<\/strong> vuelve a Zamora esta noche en la<strong> plaza de la Catedral <\/strong>dentro de una gira que le est\u00e1 llevando por capitales de provincia. Con verdadera pasi\u00f3n habla tanto de sus <strong>m\u00faltiples vertientes creativas<\/strong> como de los desaf\u00edos sociales actuales.<\/p>\n\n\n\n<p class=\"wp-block-paragraph\">\u2013 <strong>Regresa a Zamora dentro de una gira en ac\u00fastico, \u00bfqu\u00e9 le mueve a decantarse por este formato?<\/strong><\/p>\n\n\n\n<p class=\"wp-block-paragraph\">\u2013He elegido ac\u00fastico por dos cuestiones. La primera porque despu\u00e9s de bastantes a\u00f1os de trabajo discogr\u00e1fico y de giras nunca hab\u00eda hecho conciertos en ac\u00fastico siempre eran en el\u00e9ctricos, en formato rockero. En segundo lugar, la gira del a\u00f1o pasado acababa y me di cuenta de que hab\u00eda muchas capitales de provincia en las que hac\u00eda mucho tiempo que no tocaba y realmente me apetec\u00eda, dado que era una pr\u00e1ctica que me invent\u00e9 en tiempos de El \u00daltimo de la Fila, cuando a los managers que nos llevaban les ped\u00eda tocar en cada capital de provincia. Eran giras mucho m\u00e1s largas en las que exist\u00eda una euforia \u00abconcertil\u00bb, mientras que ahora el inter\u00e9s ha quedado en festivales de verano. En aquellos momentos todas las bandas giraban por Espa\u00f1a y todo eso cambi\u00f3 tras la aparici\u00f3n de la temible palabra crisis. Me apetec\u00eda volver a tocar en ciudades peque\u00f1as donde hac\u00eda tiempo que no lo hac\u00eda y que para m\u00ed resultan simp\u00e1ticas.<\/p>\n\n\n\n<p class=\"wp-block-paragraph\"><strong>\u2013\u00bfPor qu\u00e9 esa simpat\u00eda? <\/strong><\/p>\n\n\n\n<p class=\"wp-block-paragraph\">\u2013Los conciertos me gustan todos, pero si me das a elegir prefiero teatros y marcos m\u00e1s peque\u00f1os con capacidad para 1.500 \u00f3 2.000 personas, aunque he llegado a tocar ante 240.000 personas en Barcelona en unas fiestas. A este respecto tengo un palmar\u00e9s que no est\u00e1 mal, (risas) pero cuando tocas para tant\u00edsimo p\u00fablico el concierto es un chicle que se estira demasiado, has de luchar con todas tus energ\u00edas para que los que est\u00e1n situados a m\u00e1s de 150 metros sigan atentos. Un concierto grande es una exhibici\u00f3n de fuerza, mientras que uno peque\u00f1o es m\u00e1s bien un mimar la canci\u00f3n, un tocar cuidando m\u00e1s los sonidos, matizando m\u00e1s, teniendo cuidado en las din\u00e1micas&#8230;<\/p>\n\n\n\n<p class=\"wp-block-paragraph\"><strong>\u2013Quiz\u00e1 este \u00faltimo planteamiento va m\u00e1s acorde con su concepci\u00f3n de la m\u00fasica.<\/strong><\/p>\n\n\n\n<p class=\"wp-block-paragraph\">\u2013A tiempo, a temporadas y a impulsos. Yo soy un poco todo. Me gusta mucho lo ca\u00f1ero, pero los conciertos grandes te agotan m\u00e1s y conseguir levantar a esas masas de gente requiere un esfuerzo herc\u00faleo, te conviertes en una m\u00e1quina de levantar gente a base de decibelios y haciendo pi\u00f1a con tu banda sin un momento de relax. En los conciertos m\u00e1s peque\u00f1os eres m\u00e1s humano y est\u00e1s mucho m\u00e1s cerca del p\u00fablico.<\/p>\n\n\n\n<p class=\"wp-block-paragraph\"><strong>\u2013Alude a la banda como una pi\u00f1a que le acompa\u00f1a sobre el escenario. <\/strong><\/p>\n\n\n\n<p class=\"wp-block-paragraph\">\u2013Es una banda que yo cari\u00f1osamente llamo \u00abde rondalla\u00bb. Los que hemos vivido de cr\u00edos y de adolescentes en los pueblos recordamos al amanecer, tras noches de fiesta, a la rondalla que pasaba por las calles tocando guitarra espa\u00f1ola, acorde\u00f3n, bandurria&#8230; Era un despertar emocionante, sonoramente hablando, cuando a lo mejor hab\u00edas dormido solo un par de horas. He optado por el formato rondalla con guitarras ac\u00fasticas, guitarra espa\u00f1ola, acorde\u00f3n, viol\u00edn, viola y percusi\u00f3n&#8230; Todo eso que hace que la m\u00fasica pueda sonar muy amable y muy matizada, unos matices que llegan al p\u00fablico.<\/p>\n\n\n\n<p class=\"wp-block-paragraph\"><strong>\u2013\u00bfQu\u00e9 precio ha pagado la m\u00fasica tras la crisis? <\/strong><\/p>\n\n\n\n<p class=\"wp-block-paragraph\">\u2013El sector ha cambiado por la crisis, por los manejos de la gran industria y la irrupci\u00f3n de las nuevas tecnolog\u00edas. Si pudiera escribir una carta a los Reyes Magos, lo primero que pedir\u00eda ser\u00eda que a los m\u00fasicos, a los escritores y a los creadores nos dejen decidir porque ahora nos roban en un porcentaje muy alto, manipulando absolutamente todo. Estar\u00eda muy bien que el p\u00fablico decidiera si quiere comprar un CD porque se le ha dirigido para que deje de comprar en formato f\u00edsico y que todo sea digital, diciendo que todo es gratis, abusando, para que ciertas empresas vendan sus aparatos. Los creadores hemos dejado de ser artistas para pasar a ser contenidos, una palabra que yo considero fe\u00edsima. Esta situaci\u00f3n me parece injusta, pero no hay vuelta de hoja.<\/p>\n\n\n\n<p class=\"wp-block-paragraph\"><strong>\u2013Y \u00bfse sube al carro?<\/strong><\/p>\n\n\n\n<p class=\"wp-block-paragraph\">\u2013Voy arrastrado de mala gana. Yo si pudiera me sal\u00eda de todo eso. Personalmente he intentado que me eliminaran de Wikipedia, pero no lo he conseguido. No tengo Twitter no tengo Facebook y no quiero saber absolutamente nada de todo eso, dicho con absoluto respeto hacia las personas que se complazcan con esta pr\u00e1ctica. Yo tengo modos de llenar mi tiempo de maneras m\u00e1s apacibles y factibles que me dan grandes satisfacciones, que no me enervan y est\u00e1n lejos del pl\u00e1stico y de las pantallas que da\u00f1an la vista y perturban la mente de los infantes y de los adolescentes. Es un mundo que no me interesa absolutamente nada. Busco libros, busco pinturas, busco cultura que es cultivarse. Lo que est\u00e1s haciendo en el mundo actualmente supone ir hacia un erial en las mentes.<\/p>\n\n\n\n<p class=\"wp-block-paragraph\"><strong>\u2013Muchos pueden pensar que es el pensamiento de un carca. <\/strong><\/p>\n\n\n\n<p class=\"wp-block-paragraph\">\u2013No me considero un antiguo yo intento ser razonable con mis aciertos y con mis fallos, pero esta corriente nos lleva por mal camino. No entiendo que se permita que las criaturas pueden acceder a p\u00e1ginas horribles y est\u00e9n enganchados. No s\u00e9 c\u00f3mo no se incentiva m\u00e1s en las escuelas el cultivar el amor por los animales, el amor por la naturaleza, el amor al huerto o el amor a la m\u00fasica. En este sentido no creo que todos los ni\u00f1os deban de tocar la flauta dulce. Hay que probar a los ni\u00f1os en la m\u00fasica y enfocarles hacia los instrumentos donde son m\u00e1s v\u00e1lidos porque unos valen para piano, otros para percusi\u00f3n y otros son m\u00e1s aptos para las matem\u00e1ticas, la geometr\u00eda o en el dibujo art\u00edstico. Conociendo los potenciales de los ni\u00f1os deber\u00eda de orientarse su educaci\u00f3n para que el d\u00eda de ma\u00f1ana el pa\u00eds est\u00e9 lleno de personas preparadas, haciendo tareas para las que est\u00e1n preparadas. Unos cometidos que amar\u00e1n y que desarrollar\u00e1n con pasi\u00f3n.<\/p>\n\n\n\n<p class=\"wp-block-paragraph\"><strong>\u2013\u00bfHabla por propia experiencia? <\/strong><\/p>\n\n\n\n<p class=\"wp-block-paragraph\">\u2013Absolutamente. Tuve una gran punter\u00eda, pues con 13 a\u00f1os dije que quer\u00eda pintar y ser m\u00fasico. Estudi\u00e9 dise\u00f1o gr\u00e1fico cuando se dise\u00f1aba f\u00edsicamente con rotuladores, Rotring, cartab\u00f3n y regla. Luego tambi\u00e9n me dediqu\u00e9 a la pintura, de la manera m\u00e1s tradicional con tela y \u00f3leo, y a trabajar. Tambi\u00e9n prob\u00e9 el acr\u00edlico y la acuarela. Ahora estoy pintando troncos porque tengo una exposici\u00f3n a mediados del mes de julio donde presentar\u00e9 una cuarentena de cuadros y dibujos as\u00ed como doce esculturas de madera.<\/p>\n\n\n\n<p class=\"wp-block-paragraph\"><strong>\u2013\u00bfC\u00f3mo compagina la gira con esta otra vertiente creativa?<\/strong><\/p>\n\n\n\n<p class=\"wp-block-paragraph\">\u2013Son energ\u00edas totalmente diferentes. Paro para realizar conciertos y enseguida regreso a mis cuadros, con mis pinturas y mis esculturas porque soy feliz as\u00ed. Me abstraigo de la cacofon\u00eda planetaria porque a veces lees la prensa y escuchas las noticias y te duelen las entra\u00f1as. Hay algo dentro de tu ser que se encoge de dolor, de pena, de tristeza por ver los mil desajustes a los que estamos sometidos y con los que sometemos a los dem\u00e1s. Frente a eso necesito un descanso que me lo proporciona mis pinturas, esculturas y mis cuadros porque de repente te llegan noticias como que en Cullera unos cafres han violado y han intentado atropellar a una chica y piensas en qu\u00e9 pa\u00eds estamos. Tenemos que concienciarnos de que hay que mejorar la sociedad entre todos. Tenemos que luchar por conseguir una sociedad justa, equitativa y respetuosa. No puede ser que vayamos hacia atr\u00e1s. Se supone que el progreso es para mejorar no solo en lo est\u00e9tico y lo f\u00edsico, tambi\u00e9n en lo an\u00edmico y lo emocional.<\/p>\n\n\n\n<p class=\"wp-block-paragraph\"><strong>\u2013Pero en estos \u00faltimos aspectos no se ha avanzado.<\/strong><\/p>\n\n\n\n<p class=\"wp-block-paragraph\">\u2013No se ha logrado porque confluyen muchos factores. Por un lado, para existir menos polic\u00edas y menos c\u00e1rceles en la escuela deber\u00eda trabajarse otra manera. La filosof\u00eda y las humanidades deber\u00edan de cultivarse, fomentar el respeto cuando lo que se potencia es la competitividad, la envidia y el materialismo en este mundo neoliberal furibundo. Luego hay unas mentes que est\u00e1n programando que el consumo sea descomunal y ciertas personas se forran a costa de alienar. Vamos a hacer una sociedad enferma. Una persona joven que est\u00e1 todo el d\u00eda con una pantalla cuando sea adulto va a tener carencias porque en su formaci\u00f3n tiene que vivir experiencias, no descubrirlas a trav\u00e9s de una pantallita, que le hagan mejor como ser humano y abrazar la naturaleza. No podemos vivir en dos dimensiones que ensucian el alma y a las personas, que las alienan y las meten en un lodazal sin salida sin recursos an\u00edmicos, ni emocionales, tenemos que hacerlo como m\u00ednimo en tres. No obstante, hay dos dimensiones maravillosas como son la buena fotograf\u00eda y el buen cine que aportan cosas al alma.<\/p>\n\n\n\n<p class=\"wp-block-paragraph\"><strong>\u2013Usted defiende que un problema de los creadores actuales es que se copian a s\u00ed mismos. \u00bfC\u00f3mo se consigue, tras una extensa trayectoria como la suya, no caer en la repetici\u00f3n?<\/strong><\/p>\n\n\n\n<p class=\"wp-block-paragraph\">\u2013Es algo inherente a uno. Tienes esa inquietud y a m\u00ed personalmente no me gustan las rutinas. Ante cada nuevo disco que hago cuando me apetece componer, algo que hago no porque tenga un contrato ni porque me obligan y ni porque quiera m\u00e1s dinero, sino porque es una necesidad vital y an\u00edmica, si en el anterior trabaj\u00e9 con guitarras espa\u00f1olas apuesto por el teclado y caja de ritmos para hacer cosas que vayan en otra direcci\u00f3n muy distinta. No obstante, siempre hay cosas insalvables como es el timbre de tu voz e incluso eso con el paso de los a\u00f1os va cambiando. Si alguien se molesta y escucha toda mi discograf\u00eda se dar\u00e1 cuenta que ha cambiado mi manera de cantar, pero el estilo est\u00e1 ah\u00ed.<\/p>\n\n\n\n<p class=\"wp-block-paragraph\"><strong>\u2013Lo que s\u00ed es constante es que cada una de sus creaciones art\u00edsticas las mima. <\/strong><\/p>\n\n\n\n<p class=\"wp-block-paragraph\">\u2013Las mimo porque tengo alma de artesano. El mundo industrial no me gusta. Para m\u00ed el mundo empez\u00f3 a empeorar a ra\u00edz de la revoluci\u00f3n industrial. Quiero pensar que cuando las cosas se hac\u00edan a mano, cuando los hombres labraban los campos a mano, una labor que era dur\u00edsima, pero objetivamente estos hombres eran mucho m\u00e1s felices que un operador de una cadena de montaje. La pieza que saca un artesano es su \u00fanica, est\u00e1 hecha con mimo y cada una es diferente. Todo lo que se hace con materiales naturales tiene algo art\u00edstico y proporciona una felicidad al artesano. Adem\u00e1s, los objetos que se hacen en un proceso artesanal, de una manera incuestionable, van a proporcionar felicidad y uno tiene la obligaci\u00f3n de buscar su felicidad.<\/p>\n\n\n\n<p class=\"wp-block-paragraph\">Fuente: Natalia S\u00e1nchez &#8211; <a href=\"https:\/\/www.laopiniondezamora.es\/zamora\/2019\/06\/28\/creadores-hemos-dejado-artistas-pasar\/1174537.html\" target=\"_blank\" rel=\"noreferrer noopener\" aria-label=\"ENLACE (abre en una nueva pesta\u00f1a)\">ENLACE<\/a><\/p>\n","protected":false},"excerpt":{"rendered":"<p>\u00abYo busco libros, busco pintura, busco cultura que es cultivarse frente a lo que impera en el mundo actualmente, y creo que supone ir hacia un erial en las mentes\u00bb El m\u00fasico Manolo Garc\u00eda vuelve a Zamora esta noche en la plaza de la Catedral dentro de una gira que le est\u00e1 llevando por capitales<a class=\"moretag\" href=\"https:\/\/www.manologarciaycia.com\/?p=19656\" title=\"Entrevista al m\u00fasico Manolo Garc\u00eda | \u00abLos creadores hemos dejado de ser artistas para pasar a ser contenidos\u00bb\" target=\"_self\" rel=\"follow\"> <font face=arial size=2>[Leer m\u00e1s]<\/font> <\/a><\/p>\n","protected":false},"author":2,"featured_media":0,"comment_status":"closed","ping_status":"closed","sticky":false,"template":"","format":"standard","meta":{"footnotes":""},"categories":[1],"tags":[],"class_list":["post-19656","post","type-post","status-publish","format-standard","hentry","category-manolo-garcia"],"_links":{"self":[{"href":"https:\/\/www.manologarciaycia.com\/index.php?rest_route=\/wp\/v2\/posts\/19656","targetHints":{"allow":["GET"]}}],"collection":[{"href":"https:\/\/www.manologarciaycia.com\/index.php?rest_route=\/wp\/v2\/posts"}],"about":[{"href":"https:\/\/www.manologarciaycia.com\/index.php?rest_route=\/wp\/v2\/types\/post"}],"author":[{"embeddable":true,"href":"https:\/\/www.manologarciaycia.com\/index.php?rest_route=\/wp\/v2\/users\/2"}],"replies":[{"embeddable":true,"href":"https:\/\/www.manologarciaycia.com\/index.php?rest_route=%2Fwp%2Fv2%2Fcomments&post=19656"}],"version-history":[{"count":1,"href":"https:\/\/www.manologarciaycia.com\/index.php?rest_route=\/wp\/v2\/posts\/19656\/revisions"}],"predecessor-version":[{"id":19657,"href":"https:\/\/www.manologarciaycia.com\/index.php?rest_route=\/wp\/v2\/posts\/19656\/revisions\/19657"}],"wp:attachment":[{"href":"https:\/\/www.manologarciaycia.com\/index.php?rest_route=%2Fwp%2Fv2%2Fmedia&parent=19656"}],"wp:term":[{"taxonomy":"category","embeddable":true,"href":"https:\/\/www.manologarciaycia.com\/index.php?rest_route=%2Fwp%2Fv2%2Fcategories&post=19656"},{"taxonomy":"post_tag","embeddable":true,"href":"https:\/\/www.manologarciaycia.com\/index.php?rest_route=%2Fwp%2Fv2%2Ftags&post=19656"}],"curies":[{"name":"wp","href":"https:\/\/api.w.org\/{rel}","templated":true}]}}