{"id":19648,"date":"2019-06-26T09:16:37","date_gmt":"2019-06-26T07:16:37","guid":{"rendered":"https:\/\/www.manologarciaycia.com\/?p=19648"},"modified":"2019-06-26T09:20:57","modified_gmt":"2019-06-26T07:20:57","slug":"manolo-garcia-intento-dar-lo-mejor-de-mi-a-los-demas-a-traves-de-mis-canciones","status":"publish","type":"post","link":"https:\/\/www.manologarciaycia.com\/?p=19648","title":{"rendered":"Manolo Garc\u00eda: \u00abIntento dar lo mejor de m\u00ed a los dem\u00e1s a trav\u00e9s de mis canciones\u00bb"},"content":{"rendered":"\n<h2 class=\"wp-block-heading\">Llega a Palencia despu\u00e9s de quince a\u00f1os de su \u00faltimo concierto y celebra con su gira &#8216;Ac\u00fastico&#8217; sus veinte a\u00f1os de carrera en solitario<\/h2>\n\n\n\n<p class=\"wp-block-paragraph\">Hace ya 32 a\u00f1os del lanzamiento de &#8216;Insurrecci\u00f3n&#8217;, convertida en un himno, en su d\u00eda de El \u00daltimo de la Fila, pero que ha persistido en el tiempo. Como Manolo Garc\u00eda, vena intensa, verbo frondoso, el que espanta males cantando, los de la destrucci\u00f3n del medio ambiente y del planeta, esos por los que sufre. Y el que se emociona como lo hizo cuando a los 14 a\u00f1os escuch\u00f3 a Led Zeppelin, y que hoy a sus casi 64 lo sigue haciendo hasta con su voz. No es vanidad, no es petulancia, no es pedanter\u00eda, es que simplemente quiere progresar en todo lo que hace y disfrutar con ello, con la m\u00fasica y con el j\u00fabilo que le procura hacer feliz a quienes le escuchan y con los que se divierte en los conciertos. Su gira &#8216;Ac\u00fastico&#8217;, en la que hace un amplio recorrido por su discograf\u00eda en solitario (ya 20 a\u00f1os), adem\u00e1s de interpretar canciones de El \u00daltimo de la Fila y Los R\u00e1pidos, recala este s\u00e1bado en Palencia (21 horas en el Pabell\u00f3n de Deportes).<\/p>\n\n\n\n<p class=\"wp-block-paragraph\">\u2013<strong>\u00a1Viene a Palencia despu\u00e9s de quince a\u00f1os! Ya era hora&#8230;<\/strong><\/p>\n\n\n\n<p class=\"wp-block-paragraph\">\u2013Todo ha cambiado, la forma de escuchar m\u00fasica tambi\u00e9n. Ahora imperan los festivales de verano que concentran a gente en torno a una playa, a una gran capital, y se acab\u00f3. Tambi\u00e9n los nuevos modelos tecnol\u00f3gicos han irrumpido en nuestras vidas para escuchar m\u00fasica, cuestionables o no, y a eso le a\u00f1ades la crisis&#8230; A aquella Espa\u00f1a de los a\u00f1os 80 y 90 donde siempre hab\u00eda p\u00fablico, eso se ha terminado. El artista suele prescindir de ciudades peque\u00f1as porque trabaja m\u00e1s y gana menos, pero al margen de esas explicaciones prosaicas, a m\u00ed no me gusta hacer cuatro conciertos grandes y luego irme a mi casa a ver la tele y tomarme cubalibres. A m\u00ed me gusta la carretera, as\u00ed que en esta gira ac\u00fastica me ha apetecido tocar en sitios peque\u00f1os, cuidarlos igual que ellos me cuidan a m\u00ed.<\/p>\n\n\n\n<p class=\"wp-block-paragraph\">\u2013<strong>Pero es una gira planteada para teatros y auditorios&#8230;<\/strong><\/p>\n\n\n\n<p class=\"wp-block-paragraph\">\u2013Hay ciudades en las que no hay ese tipo de aforos y tampoco somos due\u00f1os de otros imponderables. La cultura en este pa\u00eds est\u00e1 tratada de forma cuestionable, los diferentes gobiernos en estas \u00faltimas d\u00e9cadas dejan mucho que desear. No se dan cuenta de que la cultura es un alimento para el esp\u00edritu. El ciudadano no puede vivir angustiado por Hacienda, por las multas de tr\u00e1fico&#8230; La sanidad es prioritaria, tambi\u00e9n la educaci\u00f3n, y hay que dar un servicio \u00f3ptimo al contribuyente, pero luego est\u00e1 la cultura, que tambi\u00e9n da mucho empleo. Adem\u00e1s, un pa\u00eds que no trata bien su cultura, es un error, y un desprop\u00f3sito el 21% de IVA, por ejemplo.<\/p>\n\n\n\n<p class=\"wp-block-paragraph\">\u2013<strong>\u00bfEstamos llamados entonces a las filas de la insurrecci\u00f3n?<\/strong><\/p>\n\n\n\n<p class=\"wp-block-paragraph\">\u2013Siempre que sea pac\u00edfica, s\u00ed. Estamos llamados siempre a reivindicar lo justo, a llamar al orden contra la injusticia. Una democracia te da esa posibilidad, y de una forma pac\u00edfica es el elemento del ciudadano, hay que hablar en la calle. La gente mayor se queja por las pensiones y deben quejarse de la injusticia que se comete con ellos.<\/p>\n\n\n\n<p class=\"wp-block-paragraph\">\u2013<strong>Como m\u00fasico y compositor, \u00bfse reivindica como cr\u00edtico social?<\/strong><\/p>\n\n\n\n<p class=\"wp-block-paragraph\">\u2013No es obligatorio en un artista, pero s\u00ed optativo. No es una obligaci\u00f3n, pero s\u00ed un derecho. No anuncio marcas comerciales, porque me parece que estamos incitando al consumismo desaforado, que nos va a llevar a un colapso, y prefiero hablar de lo importante que es detener la temperatura del planeta. Si alguien me escucha, prefiero apelar a tomar medidas contra esto que anunciar un producto comercial, porque el consumo m\u00e1s iluso y m\u00e1s tontorr\u00f3n es uno de los problemas de este nuestro primer mundo. Debemos reflexionar porque somos seres humanos, no cafres. Y si hay \u00e9lites que viven mejor, pues mejor para ellos, pero la base de la pir\u00e1mide debe vivir de otra manera.<\/p>\n\n\n\n<p class=\"wp-block-paragraph\">\u2013<strong>\u00bfY todo con el objetivo de ser feliz e intentar hacer feliz a la gente?<\/strong><\/p>\n\n\n\n<p class=\"wp-block-paragraph\">\u2013No quiero estar discurseando ni adoctrinar a nadie. Yo soy m\u00fasico y mi manera de estar es apasionada en cuanto a la m\u00fasica, apasionada en cuanto a la vida, e intento dar lo mejor de m\u00ed a los dem\u00e1s a trav\u00e9s de mis canciones. Intento procurar un rato agradable de descanso mental, no pretendo otra cosa, y llamar la atenci\u00f3n sobre cosas importantes que ser\u00e1n nefastas si no las arreglamos.<\/p>\n\n\n\n<p class=\"wp-block-paragraph\">\u2013<strong>\u00bfSe sigue emocionando con sus canciones y en sus conciertos?<\/strong><\/p>\n\n\n\n<p class=\"wp-block-paragraph\">\u2013Cuando salgo a cantar y veo a dos mil o a cuatro mil personas o las que haya, contentas, es una emoci\u00f3n. En un mundo doliente donde no paras de escuchar quejas y problemas, ver a un pu\u00f1ado de gente feliz, me emociona. Es un logro. Soy emotivo en su punto justo, soy sensible a lo que me rodea, no estoy todo el d\u00eda alabando mis bondades o sufriendo por mis carencias, yo miro hacia afuera. Solo miro hacia dentro cuando escribo o cuando pinto, pero si no, trato de pensar en los dem\u00e1s, suponerles el menor coste posible.<\/p>\n\n\n\n<p class=\"wp-block-paragraph\">\u2013<strong>Y despu\u00e9s de cuatro d\u00e9cadas, \u00bfse plantea a\u00fan los d\u00edas como un reto profesional?<\/strong><\/p>\n\n\n\n<p class=\"wp-block-paragraph\">\u2013Naturalmente, mejorar y eliminar fallos debe estar en el camino de las personas, hacer las cosas mejor. Yo tuve la idea clara de que la m\u00fasica era una vocaci\u00f3n y puse mi proa hacia ese norte. Y para m\u00ed coger el coche o el tren para ir a una ciudad a dar un concierto, no es ir a trabajar. Las personas que hacemos lo que nos gusta absolutamente tenemos mucha felicidad. Pero incluso si no te gusta o no te convence, hay que hacerlo con dignidad y por dignidad personal. Porque tambi\u00e9n hay mucho m\u00e9rito ah\u00ed, en hacer un trabajo que no te gusta lo mejor posible. Tenemos que estar bien, es la \u00fanica manera en la que yo entiendo que puedo comunicar energ\u00eda y alegr\u00eda.<\/p>\n\n\n\n<p class=\"wp-block-paragraph\">\u2013<strong>Nos podr\u00eda compartir su pildorita de la felicidad&#8230;<\/strong><\/p>\n\n\n\n<p class=\"wp-block-paragraph\">\u2013La sabemos todos. Es complicarse lo menos posible. La mayor\u00eda de cosas que queremos son superfluas, la idea de que ante un d\u00eda triste debes irte de compras, es un error. Yo voy m\u00e1s por el budismo, el apaciguamiento, la mirada interior, la calma, una alimentaci\u00f3n sana, con todo eso est\u00e1s mejor. La felicidad absoluta es una falacia, no puedes mantenerte feliz ni un d\u00eda entero, pero con algo sencillo robas un poquito de felicidad al d\u00eda. Un lector ya es feliz con retomar esos veinte minutos donde dej\u00f3 el libro el d\u00eda anterior;un conductor de autob\u00fas, con tomar un caf\u00e9 con un amigo en el cambio de turno.. Y cada uno sabe sus maneras simples, no hace falta planear ir al Caribe una o tres veces al a\u00f1o para ser feliz.<\/p>\n\n\n\n<p class=\"wp-block-paragraph\">\u2013<strong>\u00bfQu\u00e9 hace para tener esa vitalidad con casi 64 a\u00f1os? Porque en el gimnasio no le veo&#8230;<\/strong><\/p>\n\n\n\n<p class=\"wp-block-paragraph\">\u2013Lo que hago es no parar, nunca estoy en el sof\u00e1. Soy muy inquieto, no paro, no soy de gimnasio, prefiero un azad\u00f3n en un huerto, aunque tengo guardado hasta un arado antiguo de mi padre y de mis abuelos, que trabajaban el campo de forma humilde. No necesitaban gimnasio, estaban delgaditos pero fuertes, muy guapos. Soy urbanita, no paro de moverme, si puedo no cojo un taxi y camino media hora. Intento cultivar m\u00e1s la mente que el cuerpo.<\/p>\n\n\n\n<p class=\"wp-block-paragraph\">\u2013<strong>En esta gira ac\u00fastica, modula la voz, las canciones parecen otras&#8230;<\/strong><\/p>\n\n\n\n<p class=\"wp-block-paragraph\">\u2013En cuanto llevas una carrera larga, tienes que renovarte, ofrecer algo nuevo a la gente que te sigue. Hay que dar una vuelta, otra mano de pintura a las canciones, siempre lo hago, pero igual que lo hace Serrat o Bruce Springsteen. Luego hay casos extremos, por ejemplo Bob Dylan, que ni te enteras qu\u00e9 canci\u00f3n est\u00e1 cantando. Pero eso me encanta tambi\u00e9n, esa energ\u00eda del m\u00fasico te aporta. Yo en esta gira, me voy soltando y envalentonando, le pides a una guitarra que haga un solo, entras m\u00e1s tarde&#8230; Quiero que el concierto tenga viveza, no sea de repetici\u00f3n. Bastante hago con aguantar una lista \u00fanica, porque yo cambiar\u00eda cada noche el orden y pondr\u00eda unas u otras, pero no me dejan&#8230; Canto las mismas canciones, pero con otro sabor, y cambio una palabra o algo seg\u00fan me viene, sobre la marcha. Quiero que sea un concierto vivo.<\/p>\n\n\n\n<p class=\"wp-block-paragraph\">\u2013<strong>\u00bfOsea que Manolo no manda tanto en el equipo?<\/strong><\/p>\n\n\n\n<p class=\"wp-block-paragraph\">\u2013Los \u00f3rdenes de las canciones est\u00e1n establecidos, si no, ser\u00eda un l\u00edo. Cada guitarrista lleva dos ac\u00fasticas, una bandurria, un la\u00fad, una espa\u00f1ola, y no podr\u00eda hacerlo sin saber el orden de las canciones. Nada ser\u00eda lo mismo. De lo que soy due\u00f1o es de las canciones, a las que doy giros a mi manera cada noche, y miro a un m\u00fasico y con eso hace un solo&#8230; Con Juan Carlos Garc\u00eda, ya estaba en El \u00daltimo en 1986;Charly e \u00cd\u00f1igo ya llevan 20 a\u00f1os, desde &#8216;Arena en los bolsillos&#8217;;y con Ricardo ya llevo 16 a\u00f1os. Lo hacen impecablemente, y la gente lo palpa. Es muy bonito que el p\u00fablico vea tambi\u00e9n disfrutar al m\u00fasico y a la banda.<\/p>\n\n\n\n<p class=\"wp-block-paragraph\">\u2013<strong>Una gira intensa y larga, pero sigue componiendo. \u00bfNuevo disco para 2020?<\/strong><\/p>\n\n\n\n<p class=\"wp-block-paragraph\">\u2013A ratos voy componiendo. No s\u00e9 cu\u00e1ndo saldr\u00e1 el disco, no quiero obligarme a una fecha. Ya tengo varias canciones nuevas, ah\u00ed estoy&#8230;<\/p>\n\n\n\n<p class=\"wp-block-paragraph\">Fuente: El Norte de Castilla &#8211; J.Olano &#8211; <a rel=\"noreferrer noopener\" aria-label=\"ENLACE (abre en una nueva pesta\u00f1a)\" href=\"https:\/\/www.elnortedecastilla.es\/palencia\/manolo-garcia-intento-20190626222555-nt.html\" target=\"_blank\">ENLACE<\/a><\/p>\n\n\n\n<p class=\"wp-block-paragraph\"><\/p>\n","protected":false},"excerpt":{"rendered":"<p>Llega a Palencia despu\u00e9s de quince a\u00f1os de su \u00faltimo concierto y celebra con su gira &#8216;Ac\u00fastico&#8217; sus veinte a\u00f1os de carrera en solitario Hace ya 32 a\u00f1os del lanzamiento de &#8216;Insurrecci\u00f3n&#8217;, convertida en un himno, en su d\u00eda de El \u00daltimo de la Fila, pero que ha persistido en el tiempo. Como Manolo Garc\u00eda,<a class=\"moretag\" href=\"https:\/\/www.manologarciaycia.com\/?p=19648\" title=\"Manolo Garc\u00eda: \u00abIntento dar lo mejor de m\u00ed a los dem\u00e1s a trav\u00e9s de mis canciones\u00bb\" target=\"_self\" rel=\"follow\"> <font face=arial size=2>[Leer m\u00e1s]<\/font> <\/a><\/p>\n","protected":false},"author":2,"featured_media":19649,"comment_status":"closed","ping_status":"closed","sticky":false,"template":"","format":"standard","meta":{"footnotes":""},"categories":[1],"tags":[],"class_list":["post-19648","post","type-post","status-publish","format-standard","has-post-thumbnail","hentry","category-manolo-garcia"],"_links":{"self":[{"href":"https:\/\/www.manologarciaycia.com\/index.php?rest_route=\/wp\/v2\/posts\/19648","targetHints":{"allow":["GET"]}}],"collection":[{"href":"https:\/\/www.manologarciaycia.com\/index.php?rest_route=\/wp\/v2\/posts"}],"about":[{"href":"https:\/\/www.manologarciaycia.com\/index.php?rest_route=\/wp\/v2\/types\/post"}],"author":[{"embeddable":true,"href":"https:\/\/www.manologarciaycia.com\/index.php?rest_route=\/wp\/v2\/users\/2"}],"replies":[{"embeddable":true,"href":"https:\/\/www.manologarciaycia.com\/index.php?rest_route=%2Fwp%2Fv2%2Fcomments&post=19648"}],"version-history":[{"count":2,"href":"https:\/\/www.manologarciaycia.com\/index.php?rest_route=\/wp\/v2\/posts\/19648\/revisions"}],"predecessor-version":[{"id":19651,"href":"https:\/\/www.manologarciaycia.com\/index.php?rest_route=\/wp\/v2\/posts\/19648\/revisions\/19651"}],"wp:featuredmedia":[{"embeddable":true,"href":"https:\/\/www.manologarciaycia.com\/index.php?rest_route=\/wp\/v2\/media\/19649"}],"wp:attachment":[{"href":"https:\/\/www.manologarciaycia.com\/index.php?rest_route=%2Fwp%2Fv2%2Fmedia&parent=19648"}],"wp:term":[{"taxonomy":"category","embeddable":true,"href":"https:\/\/www.manologarciaycia.com\/index.php?rest_route=%2Fwp%2Fv2%2Fcategories&post=19648"},{"taxonomy":"post_tag","embeddable":true,"href":"https:\/\/www.manologarciaycia.com\/index.php?rest_route=%2Fwp%2Fv2%2Ftags&post=19648"}],"curies":[{"name":"wp","href":"https:\/\/api.w.org\/{rel}","templated":true}]}}