{"id":19644,"date":"2019-06-23T11:16:56","date_gmt":"2019-06-23T09:16:56","guid":{"rendered":"https:\/\/www.manologarciaycia.com\/?p=19644"},"modified":"2019-06-23T11:17:03","modified_gmt":"2019-06-23T09:17:03","slug":"manolo-garcia-unico-entre-un-millon","status":"publish","type":"post","link":"https:\/\/www.manologarciaycia.com\/?p=19644","title":{"rendered":"Manolo Garc\u00eda: \u00fanico entre un mill\u00f3n"},"content":{"rendered":"\n<h2 class=\"wp-block-heading\">El cantante Manolo Garc\u00eda abarrot\u00f3 el Palacio de Congresos en un recital de tres horas que desgran\u00f3 canciones recientes y gui\u00f1os a &#8216;El \u00faltimo de la fila&#8217;<\/h2>\n\n\n\n<p class=\"wp-block-paragraph\">Los artistas eligen muy frecuentemente cambiar cara al p\u00fablico de nombre o apellido para ganar en distinci\u00f3n. Un desgajamiento que contribuya a que los espectadores identifiquen de una al m\u00fasico o actor. Salvo excepciones. Casi 600.000 espa\u00f1oles comparten el nombre Manuel. Y cerca de un mill\u00f3n y medio el apellido Garc\u00eda. M\u00e1s com\u00fan imposible llamarse Manuel Garc\u00eda. Y a uno se le viene a la cabeza un espa\u00f1olito de a pie con quien compartir una cerveza en el bar de parroquianos. Pero mencionar el grupo nominal Manolo Garc\u00eda ilumina inmediatamente la cara a miles de personas que se han criado y madurado al son de la evoluci\u00f3n de un buen tipo.<br>Ya sea con \u2018Los burros\u2019, \u2018Los r\u00e1pidos\u2019, \u2018El \u00faltimo de la fila\u2019 o, simplemente, Manolo Garc\u00eda, ha brincado de d\u00e9cadas con un prestigio cada vez m\u00e1s brillante. El viernes, con un Palacio de Congresos abarrotado, tir\u00f3 de curr\u00edculum con tres horas de concierto sin tregua.<br>Un viol\u00edn interrumpi\u00f3 la impaciencia del p\u00fablico, que se hab\u00eda arrellanado en el asiento con la confianza de quienes llevan una vida al comp\u00e1s del mismo artista. La m\u00fasica descendi\u00f3 por las escaleras entre el p\u00fablico; mientras, en el escenario, se adivinaba la silueta de Manolo Garc\u00eda con una especie de almirez que golpeaba pausadamente. \u00abEstoy convocando a los esp\u00edritus de la tecnolog\u00eda para que me dejen en paz\u00bb, brome\u00f3 el cantante para meter al p\u00fablico en vereda.<br>El veterano cantante desgran\u00f3 el viernes durante tres horas un repertorio de canciones coreadas por el p\u00fablico, como \u2018Del bosque de tu alegr\u00eda\u2019. Esta primera canci\u00f3n fue seguida de la plet\u00f3rica \u2018Exprimir la vida\u2019, uno de los \u00e9xitos m\u00e1s recientes del artista, que acompa\u00f1\u00f3 a sus siete m\u00fasicos con elementos de percusi\u00f3n.<br>\u00abHuyo del hast\u00edo de la vida, del gris de la vida\u00bb, confes\u00f3 a los espectadores en un breve receso antes de interpretar \u2018S\u00f3lo amar\u2019. M\u00e1s adelante, se mezclaron temas del \u2018Ultimo de la fila\u2019 como \u2018Yo no danzo al son de los tambores\u2019 y canciones recientes muy aplaudidas como \u2018Sombra de la sombra de tu sombrero\u2019.<br>Hacia la mitad del recital en el Palacio de Congresos, Manolo Garc\u00eda desvel\u00f3 la dedicatoria de este concierto: a los agricultores, ganaderos, pastores y gente del campo de la provincia. En definitiva, a todos los Manolos Garc\u00eda.<\/p>\n\n\n\n<p class=\"wp-block-paragraph\">Fuente: Tribuna Toledo &#8211; <a href=\"https:\/\/www.latribunadetoledo.es\/Noticia\/Z01ED959E-A47F-8AEB-786775B6D39380C0\/201906\/Manolo-Garcia-unico-entre-un-millon\" target=\"_blank\" rel=\"noreferrer noopener\" aria-label=\"ENLACE (abre en una nueva pesta\u00f1a)\">ENLACE<\/a><\/p>\n","protected":false},"excerpt":{"rendered":"<p>El cantante Manolo Garc\u00eda abarrot\u00f3 el Palacio de Congresos en un recital de tres horas que desgran\u00f3 canciones recientes y gui\u00f1os a &#8216;El \u00faltimo de la fila&#8217; Los artistas eligen muy frecuentemente cambiar cara al p\u00fablico de nombre o apellido para ganar en distinci\u00f3n. Un desgajamiento que contribuya a que los espectadores identifiquen de una<a class=\"moretag\" href=\"https:\/\/www.manologarciaycia.com\/?p=19644\" title=\"Manolo Garc\u00eda: \u00fanico entre un mill\u00f3n\" target=\"_self\" rel=\"follow\"> <font face=arial size=2>[Leer m\u00e1s]<\/font> <\/a><\/p>\n","protected":false},"author":2,"featured_media":19645,"comment_status":"closed","ping_status":"closed","sticky":false,"template":"","format":"standard","meta":{"footnotes":""},"categories":[1],"tags":[],"class_list":["post-19644","post","type-post","status-publish","format-standard","has-post-thumbnail","hentry","category-manolo-garcia"],"_links":{"self":[{"href":"https:\/\/www.manologarciaycia.com\/index.php?rest_route=\/wp\/v2\/posts\/19644","targetHints":{"allow":["GET"]}}],"collection":[{"href":"https:\/\/www.manologarciaycia.com\/index.php?rest_route=\/wp\/v2\/posts"}],"about":[{"href":"https:\/\/www.manologarciaycia.com\/index.php?rest_route=\/wp\/v2\/types\/post"}],"author":[{"embeddable":true,"href":"https:\/\/www.manologarciaycia.com\/index.php?rest_route=\/wp\/v2\/users\/2"}],"replies":[{"embeddable":true,"href":"https:\/\/www.manologarciaycia.com\/index.php?rest_route=%2Fwp%2Fv2%2Fcomments&post=19644"}],"version-history":[{"count":1,"href":"https:\/\/www.manologarciaycia.com\/index.php?rest_route=\/wp\/v2\/posts\/19644\/revisions"}],"predecessor-version":[{"id":19646,"href":"https:\/\/www.manologarciaycia.com\/index.php?rest_route=\/wp\/v2\/posts\/19644\/revisions\/19646"}],"wp:featuredmedia":[{"embeddable":true,"href":"https:\/\/www.manologarciaycia.com\/index.php?rest_route=\/wp\/v2\/media\/19645"}],"wp:attachment":[{"href":"https:\/\/www.manologarciaycia.com\/index.php?rest_route=%2Fwp%2Fv2%2Fmedia&parent=19644"}],"wp:term":[{"taxonomy":"category","embeddable":true,"href":"https:\/\/www.manologarciaycia.com\/index.php?rest_route=%2Fwp%2Fv2%2Fcategories&post=19644"},{"taxonomy":"post_tag","embeddable":true,"href":"https:\/\/www.manologarciaycia.com\/index.php?rest_route=%2Fwp%2Fv2%2Ftags&post=19644"}],"curies":[{"name":"wp","href":"https:\/\/api.w.org\/{rel}","templated":true}]}}