{"id":19641,"date":"2019-06-23T11:13:02","date_gmt":"2019-06-23T09:13:02","guid":{"rendered":"https:\/\/www.manologarciaycia.com\/?p=19641"},"modified":"2019-06-23T11:13:05","modified_gmt":"2019-06-23T09:13:05","slug":"manolo-garcia-el-primero-de-la-fila","status":"publish","type":"post","link":"https:\/\/www.manologarciaycia.com\/?p=19641","title":{"rendered":"Manolo Garc\u00eda, el primero de la fila"},"content":{"rendered":"\n<h2 class=\"wp-block-heading\">El concierto de Cadena Dial y el Festival Flanenco reunieron tambi\u00e9n a miles de personas en la ciudad<\/h2>\n\n\n\n<p class=\"wp-block-paragraph\">Miles de personas se dieron cita este viernes en la capital regional para disfrutar de las actuaciones musicales de la&nbsp;<a href=\"https:\/\/www.abc.es\/hemeroteca\/resultados-busqueda-avanzada\/todo?tod=semana+toledo&amp;nin=christi+corpus+del+grande\">Semana Grande del Corpus Christi&nbsp;<\/a>organizadas por el Ayuntamiento de Toledo.&nbsp;<strong>Manolo Garc\u00eda<\/strong>, el 34<strong>&nbsp;Festival de Flamenco&nbsp;<\/strong>o el concierto de&nbsp;<strong>Cadena Dial Corpus,<\/strong>con el \u00abtriunfito\u00bb Cepeda como cabeza de cartel, fueron los platos fuertes de un programa que se complet\u00f3 con la verbena de la orquesta \u00abColoores\u00bb en el Recinto Ferial de La Peraleda.<\/p>\n\n\n\n<p class=\"wp-block-paragraph\">El cantante del \u00ab\u00daltimo de la Fila\u00bb abarrot\u00f3 el Palacio de Congresos \u2018El Greco\u2019, habiendo colgado el cartel de \u00abno hay localidades\u00bb hace meses. En su actuaci\u00f3n, en la que el p\u00fablico disfrut\u00f3 cantando sus canciones de hoy y de siempre como las m\u00edticas \u00abInsurrecci\u00f3n\u00bb o \u00abP\u00e1jaros de Barro\u00bb, confes\u00f3 que hab\u00eda sido \u00abun placer volver a Toledo\u00bb. Tambi\u00e9n pidi\u00f3 un aplauso por la conmemoraci\u00f3n del&nbsp;<a href=\"https:\/\/www.abc.es\/hemeroteca\/dia+ela\">D\u00eda Mundial de la ELA.<\/a><\/p>\n\n\n\n<figure class=\"wp-block-image\"><img decoding=\"async\" src=\"https:\/\/www.abc.es\/media\/espana\/2019\/06\/22\/cepeda-kFGB--510x349@abc.JPG\" alt=\"Cepeda fue uno de los protagonistas del concierto Cadena Dial en el paseo de Merch\u00e1n\"\/><figcaption>Cepeda fue uno de los protagonistas del concierto Cadena Dial en el paseo de Merch\u00e1n<\/figcaption><\/figure>\n\n\n\n<p class=\"wp-block-paragraph\">Al mismo tiempo, en el Paseo de Merch\u00e1n, cientos de j\u00f3venes disfrutaban del concierto Cadena Dial Corpus que cont\u00f3 con los hits musicales de\u00a0<strong>Carlos Ritght, Tuto Dur\u00e1n y Cepeda<\/strong>, como actuaci\u00f3n estelar, y en la plaza del Ayuntamiento, numerosos toledanos y visitantes se deleitaron con el cante y el baile de los protagonistas de la trig\u00e9simo cuarta edici\u00f3n del Festival de Flamenco \u2018Ciudad de Toledo\u2019, que entre otros, cont\u00f3 con\u00a0<strong>Pedro Vega, Israel Fern\u00e1ndez o Rub\u00e9n Quir\u00f3s.<\/strong><\/p>\n\n\n\n<p class=\"wp-block-paragraph\">Fuente: ABC &#8211; <a href=\"https:\/\/www.abc.es\/espana\/castilla-la-mancha\/toledo\/disfruta\/abci-manolo-garcia-primero-fila-201906221411_noticia.html\" target=\"_blank\" rel=\"noreferrer noopener\" aria-label=\"ENLACE (abre en una nueva pesta\u00f1a)\">ENLACE<\/a><\/p>\n","protected":false},"excerpt":{"rendered":"<p>El concierto de Cadena Dial y el Festival Flanenco reunieron tambi\u00e9n a miles de personas en la ciudad Miles de personas se dieron cita este viernes en la capital regional para disfrutar de las actuaciones musicales de la&nbsp;Semana Grande del Corpus Christi&nbsp;organizadas por el Ayuntamiento de Toledo.&nbsp;Manolo Garc\u00eda, el 34&nbsp;Festival de Flamenco&nbsp;o el concierto de&nbsp;Cadena<a class=\"moretag\" href=\"https:\/\/www.manologarciaycia.com\/?p=19641\" title=\"Manolo Garc\u00eda, el primero de la fila\" target=\"_self\" rel=\"follow\"> <font face=arial size=2>[Leer m\u00e1s]<\/font> <\/a><\/p>\n","protected":false},"author":2,"featured_media":19642,"comment_status":"closed","ping_status":"closed","sticky":false,"template":"","format":"standard","meta":{"footnotes":""},"categories":[1],"tags":[],"class_list":["post-19641","post","type-post","status-publish","format-standard","has-post-thumbnail","hentry","category-manolo-garcia"],"_links":{"self":[{"href":"https:\/\/www.manologarciaycia.com\/index.php?rest_route=\/wp\/v2\/posts\/19641","targetHints":{"allow":["GET"]}}],"collection":[{"href":"https:\/\/www.manologarciaycia.com\/index.php?rest_route=\/wp\/v2\/posts"}],"about":[{"href":"https:\/\/www.manologarciaycia.com\/index.php?rest_route=\/wp\/v2\/types\/post"}],"author":[{"embeddable":true,"href":"https:\/\/www.manologarciaycia.com\/index.php?rest_route=\/wp\/v2\/users\/2"}],"replies":[{"embeddable":true,"href":"https:\/\/www.manologarciaycia.com\/index.php?rest_route=%2Fwp%2Fv2%2Fcomments&post=19641"}],"version-history":[{"count":1,"href":"https:\/\/www.manologarciaycia.com\/index.php?rest_route=\/wp\/v2\/posts\/19641\/revisions"}],"predecessor-version":[{"id":19643,"href":"https:\/\/www.manologarciaycia.com\/index.php?rest_route=\/wp\/v2\/posts\/19641\/revisions\/19643"}],"wp:featuredmedia":[{"embeddable":true,"href":"https:\/\/www.manologarciaycia.com\/index.php?rest_route=\/wp\/v2\/media\/19642"}],"wp:attachment":[{"href":"https:\/\/www.manologarciaycia.com\/index.php?rest_route=%2Fwp%2Fv2%2Fmedia&parent=19641"}],"wp:term":[{"taxonomy":"category","embeddable":true,"href":"https:\/\/www.manologarciaycia.com\/index.php?rest_route=%2Fwp%2Fv2%2Fcategories&post=19641"},{"taxonomy":"post_tag","embeddable":true,"href":"https:\/\/www.manologarciaycia.com\/index.php?rest_route=%2Fwp%2Fv2%2Ftags&post=19641"}],"curies":[{"name":"wp","href":"https:\/\/api.w.org\/{rel}","templated":true}]}}