{"id":1964,"date":"2011-11-10T20:37:48","date_gmt":"2011-11-10T19:37:48","guid":{"rendered":"http:\/\/petaos.net\/?p=1964"},"modified":"2011-11-10T20:37:48","modified_gmt":"2011-11-10T19:37:48","slug":"mg-entrevista-en-asi-son-las-mananas-cope","status":"publish","type":"post","link":"https:\/\/www.manologarciaycia.com\/?p=1964","title":{"rendered":"MG: Entrevista en As\u00ed son las ma\u00f1anas, Cope"},"content":{"rendered":"<p>Manolo Garc\u00eda nos presenta su \u00faltimo trabajo. Conocemos los \u00faltimos datos sobre el caso de los ni\u00f1os desaparecidos en C\u00f3rdoba. Nuestro enviado especial a el Hierro, Santiago Moroll\u00f3n, nos cuenta la \u00faltima hora sobre la situaci\u00f3n en la isla.<\/p>\n<p><iframe src='http:\/\/www.cope.es\/copea.php5?nomAudio=progarchivo_1320928091590914715.mp3&#038;titulo=As%C3%AD+son+las+ma%C3%B1anas+de+11+a+12+%2810+de+noviembre+de+2011%29' width='425' height='65' frameborder='0' scrolling='no'><\/iframe><\/p>\n","protected":false},"excerpt":{"rendered":"<p>Manolo Garc\u00eda nos presenta su \u00faltimo trabajo. Conocemos los \u00faltimos datos sobre el caso de los ni\u00f1os desaparecidos en C\u00f3rdoba. Nuestro enviado especial a el Hierro, Santiago Moroll\u00f3n, nos cuenta la \u00faltima hora sobre la situaci\u00f3n en la isla.<a class=\"moretag\" href=\"https:\/\/www.manologarciaycia.com\/?p=1964\" title=\"MG: Entrevista en As\u00ed son las ma\u00f1anas, Cope\" target=\"_self\" rel=\"follow\"> <font face=arial size=2>[Leer m\u00e1s]<\/font> <\/a><\/p>\n","protected":false},"author":2,"featured_media":0,"comment_status":"closed","ping_status":"closed","sticky":false,"template":"","format":"standard","meta":{"footnotes":""},"categories":[1],"tags":[],"class_list":["post-1964","post","type-post","status-publish","format-standard","hentry","category-manolo-garcia"],"_links":{"self":[{"href":"https:\/\/www.manologarciaycia.com\/index.php?rest_route=\/wp\/v2\/posts\/1964","targetHints":{"allow":["GET"]}}],"collection":[{"href":"https:\/\/www.manologarciaycia.com\/index.php?rest_route=\/wp\/v2\/posts"}],"about":[{"href":"https:\/\/www.manologarciaycia.com\/index.php?rest_route=\/wp\/v2\/types\/post"}],"author":[{"embeddable":true,"href":"https:\/\/www.manologarciaycia.com\/index.php?rest_route=\/wp\/v2\/users\/2"}],"replies":[{"embeddable":true,"href":"https:\/\/www.manologarciaycia.com\/index.php?rest_route=%2Fwp%2Fv2%2Fcomments&post=1964"}],"version-history":[{"count":1,"href":"https:\/\/www.manologarciaycia.com\/index.php?rest_route=\/wp\/v2\/posts\/1964\/revisions"}],"predecessor-version":[{"id":1965,"href":"https:\/\/www.manologarciaycia.com\/index.php?rest_route=\/wp\/v2\/posts\/1964\/revisions\/1965"}],"wp:attachment":[{"href":"https:\/\/www.manologarciaycia.com\/index.php?rest_route=%2Fwp%2Fv2%2Fmedia&parent=1964"}],"wp:term":[{"taxonomy":"category","embeddable":true,"href":"https:\/\/www.manologarciaycia.com\/index.php?rest_route=%2Fwp%2Fv2%2Fcategories&post=1964"},{"taxonomy":"post_tag","embeddable":true,"href":"https:\/\/www.manologarciaycia.com\/index.php?rest_route=%2Fwp%2Fv2%2Ftags&post=1964"}],"curies":[{"name":"wp","href":"https:\/\/api.w.org\/{rel}","templated":true}]}}