{"id":19635,"date":"2019-06-22T11:35:49","date_gmt":"2019-06-22T09:35:49","guid":{"rendered":"https:\/\/www.manologarciaycia.com\/?p=19635"},"modified":"2019-06-22T14:00:46","modified_gmt":"2019-06-22T12:00:46","slug":"manolo-garcia-derrocha-vigor-musical-y-carino-en-toledo","status":"publish","type":"post","link":"https:\/\/www.manologarciaycia.com\/?p=19635","title":{"rendered":"Manolo Garc\u00eda derrocha vigor musical y cari\u00f1o en Toledo"},"content":{"rendered":"\n<h3 class=\"wp-block-heading\">Ante un auditorio repleto, el cantante y compositor catal\u00e1n derroch\u00f3 energ\u00eda interpretando temas nuevos y ya m\u00edticos dentro de su gira \u00abAc\u00fastico, ac\u00fastico, ac\u00fastico\u00bb. El artista no vacil\u00f3 en acercarse al p\u00fablico y se mostr\u00f3 agradecido con la entrega del mismo. Fotograf\u00edas: Rebeca Arango<\/h3>\n\n\n\n<p class=\"wp-block-paragraph\">Galer\u00eda fotogr\u00e1fica: <a rel=\"noreferrer noopener\" aria-label=\"ENLACE (abre en una nueva pesta\u00f1a)\" href=\"http:\/\/www.encastillalamancha.es\/cultura\/musica\/manolo-garcia-derrocha-vigor-musical-y-carino-en-toledo-todas-las-fotos-del-espectacular-concierto\/#ringtone\/gallery\/galeria1\/0\" target=\"_blank\">ENLACE<\/a> &#8211; En Castilla La Mancha<\/p>\n","protected":false},"excerpt":{"rendered":"<p>Ante un auditorio repleto, el cantante y compositor catal\u00e1n derroch\u00f3 energ\u00eda interpretando temas nuevos y ya m\u00edticos dentro de su gira \u00abAc\u00fastico, ac\u00fastico, ac\u00fastico\u00bb. El artista no vacil\u00f3 en acercarse al p\u00fablico y se mostr\u00f3 agradecido con la entrega del mismo. Fotograf\u00edas: Rebeca Arango Galer\u00eda fotogr\u00e1fica: ENLACE &#8211; En Castilla La Mancha<a class=\"moretag\" href=\"https:\/\/www.manologarciaycia.com\/?p=19635\" title=\"Manolo Garc\u00eda derrocha vigor musical y cari\u00f1o en Toledo\" target=\"_self\" rel=\"follow\"> <font face=arial size=2>[Leer m\u00e1s]<\/font> <\/a><\/p>\n","protected":false},"author":2,"featured_media":19636,"comment_status":"closed","ping_status":"closed","sticky":false,"template":"","format":"standard","meta":{"footnotes":""},"categories":[1],"tags":[],"class_list":["post-19635","post","type-post","status-publish","format-standard","has-post-thumbnail","hentry","category-manolo-garcia"],"_links":{"self":[{"href":"https:\/\/www.manologarciaycia.com\/index.php?rest_route=\/wp\/v2\/posts\/19635","targetHints":{"allow":["GET"]}}],"collection":[{"href":"https:\/\/www.manologarciaycia.com\/index.php?rest_route=\/wp\/v2\/posts"}],"about":[{"href":"https:\/\/www.manologarciaycia.com\/index.php?rest_route=\/wp\/v2\/types\/post"}],"author":[{"embeddable":true,"href":"https:\/\/www.manologarciaycia.com\/index.php?rest_route=\/wp\/v2\/users\/2"}],"replies":[{"embeddable":true,"href":"https:\/\/www.manologarciaycia.com\/index.php?rest_route=%2Fwp%2Fv2%2Fcomments&post=19635"}],"version-history":[{"count":1,"href":"https:\/\/www.manologarciaycia.com\/index.php?rest_route=\/wp\/v2\/posts\/19635\/revisions"}],"predecessor-version":[{"id":19637,"href":"https:\/\/www.manologarciaycia.com\/index.php?rest_route=\/wp\/v2\/posts\/19635\/revisions\/19637"}],"wp:featuredmedia":[{"embeddable":true,"href":"https:\/\/www.manologarciaycia.com\/index.php?rest_route=\/wp\/v2\/media\/19636"}],"wp:attachment":[{"href":"https:\/\/www.manologarciaycia.com\/index.php?rest_route=%2Fwp%2Fv2%2Fmedia&parent=19635"}],"wp:term":[{"taxonomy":"category","embeddable":true,"href":"https:\/\/www.manologarciaycia.com\/index.php?rest_route=%2Fwp%2Fv2%2Fcategories&post=19635"},{"taxonomy":"post_tag","embeddable":true,"href":"https:\/\/www.manologarciaycia.com\/index.php?rest_route=%2Fwp%2Fv2%2Ftags&post=19635"}],"curies":[{"name":"wp","href":"https:\/\/api.w.org\/{rel}","templated":true}]}}