{"id":19631,"date":"2019-06-21T09:15:36","date_gmt":"2019-06-21T07:15:36","guid":{"rendered":"https:\/\/www.manologarciaycia.com\/?p=19631"},"modified":"2019-06-21T09:16:49","modified_gmt":"2019-06-21T07:16:49","slug":"manolo-garcia-vuelve-a-roquetas-el-proximo-otono-31-10-2019","status":"publish","type":"post","link":"https:\/\/www.manologarciaycia.com\/?p=19631","title":{"rendered":"Manolo Garc\u00eda vuelve a Roquetas el pr\u00f3ximo oto\u00f1o (31\/10\/2019)"},"content":{"rendered":"\n<p class=\"wp-block-paragraph\">Actuar\u00e1 en el Teatro Auditorio de Roquetas el jueves 31 de octubre de 2019 <\/p>\n\n\n\n<p class=\"wp-block-paragraph\">Manolo Garc\u00eda llega volver\u00e1 a Roquetas de Mar el pr\u00f3ximo mes de octubre dentro de una gira que es, al mismo tiempo, un cl\u00e1sico y una primicia. Siempre es un lujo contar con un talento de la categor\u00eda de Manolo Garc\u00eda, y m\u00e1s a\u00fan cuando se trata de la primera gira ac\u00fastica en la carrera de esta figura irrepetible. <\/p>\n\n\n\n<p class=\"wp-block-paragraph\">Teatro Auditorio de Roquetas de Mar &#8211; Jueves, 31 de octubre de 2019 &#8211; Entradas a la venta: pr\u00f3ximo mi\u00e9rcoles 26 de junio, a las 11.00h. en las taquillas del teatro y en su web <a href=\"http:\/\/www.teatroauditorioroquetas.org\" target=\"_blank\" rel=\"noreferrer noopener\" aria-label=\"www.teatroauditorioroquetas.org (abre en una nueva pesta\u00f1a)\">www.teatroauditorioroquetas.org<\/a> <\/p>\n\n\n\n<p class=\"wp-block-paragraph\">Este a\u00f1o vuelve a Roquetas con la primera gira en ac\u00fastico de toda su carrera. Un formato que el cantante no hab\u00eda empleado cuando militaba en Los R\u00e1pidos, Los Burros o El \u00daltimo de la Fila y que permitir\u00e1 aproximarse a la emoci\u00f3n que siempre desprenden sus interpretaciones desde un \u00e1ngulo absolutamente nuevo, sofisticado y prometedor. Acompa\u00f1ado, eso s\u00ed, por una banda espectacular en la que no faltan guitarras ac\u00fasticas, espa\u00f1olas, pianos, la\u00fades y violines, el hist\u00f3rico cantante barcelon\u00e9s insuflar\u00e1 nuevas sonoridades a las canciones de \u00e1lbumes tan aclamados como Arena en los bolsillos, Para que no se duerman mis sentidos o Geometr\u00eda del Rayo, publicado el a\u00f1o pasado y por el que el artista ha recibido recientemente el Grammy Latino al Mejor \u00c1lbum Pop Rock, adem\u00e1s del Premio Ondas 2018 a su Trayectoria. Manolo Garc\u00eda m\u00e1s pr\u00f3ximo que nunca, asumiendo nuevos retos con valent\u00eda y sirvi\u00e9ndose de la sabidur\u00eda que le su dilatada carrera. Ser\u00e1 una gira extensa con la que Manolo Garc\u00eda quiere llevar su directo a ciudades en las que hace tiempo que sus giras no han recalado.. <\/p>\n\n\n\n<p class=\"wp-block-paragraph\">M\u00e1s informaci\u00f3n en <a href=\"http:\/\/www.manolo-garcia.com \" target=\"_blank\" rel=\"noreferrer noopener\" aria-label=\"www.manolo-garcia.com  (abre en una nueva pesta\u00f1a)\">www.manolo-garcia.com <\/a><\/p>\n\n\n\n<p class=\"wp-block-paragraph\">Fuente: Roquetas de Mar &#8211; <a href=\"https:\/\/www.roquetasdemar.es\/noticias\/contenido\/manolo-garcia-vuelve-a-roquetas-el-proximo-otono_5776\" target=\"_blank\" rel=\"noreferrer noopener\" aria-label=\"ENLACE (abre en una nueva pesta\u00f1a)\">ENLACE<\/a><\/p>\n","protected":false},"excerpt":{"rendered":"<p>Actuar\u00e1 en el Teatro Auditorio de Roquetas el jueves 31 de octubre de 2019 Manolo Garc\u00eda llega volver\u00e1 a Roquetas de Mar el pr\u00f3ximo mes de octubre dentro de una gira que es, al mismo tiempo, un cl\u00e1sico y una primicia. Siempre es un lujo contar con un talento de la categor\u00eda de Manolo Garc\u00eda,<a class=\"moretag\" href=\"https:\/\/www.manologarciaycia.com\/?p=19631\" title=\"Manolo Garc\u00eda vuelve a Roquetas el pr\u00f3ximo oto\u00f1o (31\/10\/2019)\" target=\"_self\" rel=\"follow\"> <font face=arial size=2>[Leer m\u00e1s]<\/font> <\/a><\/p>\n","protected":false},"author":2,"featured_media":0,"comment_status":"closed","ping_status":"closed","sticky":false,"template":"","format":"standard","meta":{"footnotes":""},"categories":[1],"tags":[],"class_list":["post-19631","post","type-post","status-publish","format-standard","hentry","category-manolo-garcia"],"_links":{"self":[{"href":"https:\/\/www.manologarciaycia.com\/index.php?rest_route=\/wp\/v2\/posts\/19631","targetHints":{"allow":["GET"]}}],"collection":[{"href":"https:\/\/www.manologarciaycia.com\/index.php?rest_route=\/wp\/v2\/posts"}],"about":[{"href":"https:\/\/www.manologarciaycia.com\/index.php?rest_route=\/wp\/v2\/types\/post"}],"author":[{"embeddable":true,"href":"https:\/\/www.manologarciaycia.com\/index.php?rest_route=\/wp\/v2\/users\/2"}],"replies":[{"embeddable":true,"href":"https:\/\/www.manologarciaycia.com\/index.php?rest_route=%2Fwp%2Fv2%2Fcomments&post=19631"}],"version-history":[{"count":2,"href":"https:\/\/www.manologarciaycia.com\/index.php?rest_route=\/wp\/v2\/posts\/19631\/revisions"}],"predecessor-version":[{"id":19633,"href":"https:\/\/www.manologarciaycia.com\/index.php?rest_route=\/wp\/v2\/posts\/19631\/revisions\/19633"}],"wp:attachment":[{"href":"https:\/\/www.manologarciaycia.com\/index.php?rest_route=%2Fwp%2Fv2%2Fmedia&parent=19631"}],"wp:term":[{"taxonomy":"category","embeddable":true,"href":"https:\/\/www.manologarciaycia.com\/index.php?rest_route=%2Fwp%2Fv2%2Fcategories&post=19631"},{"taxonomy":"post_tag","embeddable":true,"href":"https:\/\/www.manologarciaycia.com\/index.php?rest_route=%2Fwp%2Fv2%2Ftags&post=19631"}],"curies":[{"name":"wp","href":"https:\/\/api.w.org\/{rel}","templated":true}]}}