{"id":19628,"date":"2019-06-21T08:27:19","date_gmt":"2019-06-21T06:27:19","guid":{"rendered":"https:\/\/www.manologarciaycia.com\/?p=19628"},"modified":"2019-06-21T08:27:22","modified_gmt":"2019-06-21T06:27:22","slug":"miercoles-26-6-manolo-garcia-en-el-hormiguero","status":"publish","type":"post","link":"https:\/\/www.manologarciaycia.com\/?p=19628","title":{"rendered":"Mi\u00e9rcoles 26\/6 Manolo Garc\u00eda en El Hormiguero"},"content":{"rendered":"\n<p class=\"wp-block-paragraph\">El mi\u00e9rcoles, 26 de junio visita El Hormiguero el maestro Manolo Garc\u00eda, que gira ahora en &#8216;Ac\u00fastico, ac\u00fastico&#8217;, con la que recorre Espa\u00f1a con su guitarra y todos sus \u00e9xitos.<br>Fuente: Antena3 &#8211; <a href=\"https:\/\/www.antena3internacional.com\/programas\/el-hormiguero\/noticias\/sergio-canales-dani-rovira-maria-leon-manolo-garcia-y-parchis_201906205d0b93ab0cf2a19e09f8a90f.html \" target=\"_blank\" rel=\"noreferrer noopener\" aria-label=\"ENLACE (abre en una nueva pesta\u00f1a)\">ENLACE<\/a><\/p>\n","protected":false},"excerpt":{"rendered":"<p>El mi\u00e9rcoles, 26 de junio visita El Hormiguero el maestro Manolo Garc\u00eda, que gira ahora en &#8216;Ac\u00fastico, ac\u00fastico&#8217;, con la que recorre Espa\u00f1a con su guitarra y todos sus \u00e9xitos.Fuente: Antena3 &#8211; ENLACE<a class=\"moretag\" href=\"https:\/\/www.manologarciaycia.com\/?p=19628\" title=\"Mi\u00e9rcoles 26\/6 Manolo Garc\u00eda en El Hormiguero\" target=\"_self\" rel=\"follow\"> <font face=arial size=2>[Leer m\u00e1s]<\/font> <\/a><\/p>\n","protected":false},"author":2,"featured_media":19629,"comment_status":"closed","ping_status":"closed","sticky":false,"template":"","format":"standard","meta":{"footnotes":""},"categories":[1],"tags":[],"class_list":["post-19628","post","type-post","status-publish","format-standard","has-post-thumbnail","hentry","category-manolo-garcia"],"_links":{"self":[{"href":"https:\/\/www.manologarciaycia.com\/index.php?rest_route=\/wp\/v2\/posts\/19628","targetHints":{"allow":["GET"]}}],"collection":[{"href":"https:\/\/www.manologarciaycia.com\/index.php?rest_route=\/wp\/v2\/posts"}],"about":[{"href":"https:\/\/www.manologarciaycia.com\/index.php?rest_route=\/wp\/v2\/types\/post"}],"author":[{"embeddable":true,"href":"https:\/\/www.manologarciaycia.com\/index.php?rest_route=\/wp\/v2\/users\/2"}],"replies":[{"embeddable":true,"href":"https:\/\/www.manologarciaycia.com\/index.php?rest_route=%2Fwp%2Fv2%2Fcomments&post=19628"}],"version-history":[{"count":1,"href":"https:\/\/www.manologarciaycia.com\/index.php?rest_route=\/wp\/v2\/posts\/19628\/revisions"}],"predecessor-version":[{"id":19630,"href":"https:\/\/www.manologarciaycia.com\/index.php?rest_route=\/wp\/v2\/posts\/19628\/revisions\/19630"}],"wp:featuredmedia":[{"embeddable":true,"href":"https:\/\/www.manologarciaycia.com\/index.php?rest_route=\/wp\/v2\/media\/19629"}],"wp:attachment":[{"href":"https:\/\/www.manologarciaycia.com\/index.php?rest_route=%2Fwp%2Fv2%2Fmedia&parent=19628"}],"wp:term":[{"taxonomy":"category","embeddable":true,"href":"https:\/\/www.manologarciaycia.com\/index.php?rest_route=%2Fwp%2Fv2%2Fcategories&post=19628"},{"taxonomy":"post_tag","embeddable":true,"href":"https:\/\/www.manologarciaycia.com\/index.php?rest_route=%2Fwp%2Fv2%2Ftags&post=19628"}],"curies":[{"name":"wp","href":"https:\/\/api.w.org\/{rel}","templated":true}]}}