{"id":19626,"date":"2019-06-20T08:41:48","date_gmt":"2019-06-20T06:41:48","guid":{"rendered":"https:\/\/www.manologarciaycia.com\/?p=19626"},"modified":"2019-06-20T08:41:51","modified_gmt":"2019-06-20T06:41:51","slug":"manolo-garcia-esta-tarde-ayer-en-acustico-en-el-forum","status":"publish","type":"post","link":"https:\/\/www.manologarciaycia.com\/?p=19626","title":{"rendered":"Manolo Garc\u00eda, esta tarde (ayer) en ac\u00fastico en el F\u00f3rum"},"content":{"rendered":"\n<h2 class=\"wp-block-heading\">\u00abNo tengo que coger ning\u00fan libro de autoayuda para estar ilusionado con la vida\u00bb<\/h2>\n\n\n\n<p class=\"wp-block-paragraph\">La memoria de sus seguidores se pierde cuando trata de encontrar el \u00faltimo concierto de Manolo Garc\u00eda en un escenario burgal\u00e9s. Han pasado los a\u00f1os, pero nunca el tiempo es perdido y el m\u00fasico que prefiere el trapecio para verlas venir en movimiento llega hoy al F\u00f3rum (20.30 horas) de la mano de la Fundaci\u00f3n Caja de Burgos para resarcir de su larga ausencia a su p\u00fablico. Lo har\u00e1 con un concierto que alternar\u00e1 canciones nuevas y antiguas -\u00abno reniego de nada de lo que he hecho, al contrario, estoy muy orgulloso\u00bb- a las que ha revisitado para acomodarlas a un formato ac\u00fastico. \u00abPara m\u00ed es un placer. Siempre lo paso bien en los escenarios. Nadie me habr\u00e1 visto nunca cansado, aburrido, despistado. Jam\u00e1s. Yo ah\u00ed siempre soy feliz\u00bb.<\/p>\n\n\n\n<p class=\"wp-block-paragraph\"><strong>\u00bfPor qu\u00e9 elige ahora por primera vez el formato ac\u00fastico?<\/strong><br>Por renovar, ofrecer algo diferente y por darme yo el gusto. Toda la vida he estado en el\u00e9ctrico, nunca he dejado atr\u00e1s el formato roquero, y hay grupos que me gustan de los 70 con partes ac\u00fasticas muy lindas como Led Zeppelin, Neil Young, Simon &amp; Garfunkel&#8230; Yo soy muy ecl\u00e9ctico en gustos, esto no lo hab\u00eda hecho nunca y hab\u00eda llegado el momento.<\/p>\n\n\n\n<p class=\"wp-block-paragraph\"><br><strong>Y tras los primeros compases. \u00bfC\u00f3mo est\u00e1 siendo la experiencia?<\/strong><br>Muy bonita. Canto m\u00e1s suelto porque en el formato roquero mi voz compite con muchos decibelios y el ac\u00fastico es mucho m\u00e1s c\u00f3modo. Sab\u00eda que me gustar\u00eda.<\/p>\n\n\n\n<p class=\"wp-block-paragraph\"><br><strong>Habla como un ni\u00f1o con zapatos nuevos&#8230;<\/strong><br>Esa es la idea. El ser humano tiene una capacidad de renovaci\u00f3n absoluta y hay que utilizarla, estar ilusionado, tener ganas, proyectos, curiosidad, ilusi\u00f3n&#8230; Cuando esa actitud te es inherente lo tienes f\u00e1cil. No tengo que coger ning\u00fan libro de autoayuda para estar ilusionado con la vida; con mis pasiones, la pintura y la m\u00fasica, lo tengo f\u00e1cil.<\/p>\n\n\n\n<p class=\"wp-block-paragraph\"><br><strong>\u00bfC\u00f3mo alimenta esa curiosidad?<\/strong><br>En un mundo industrial y tecnol\u00f3gico del que no me siento para nada part\u00edcipe, yo hubiera querido nacer en las praderas del norte o del sur de Am\u00e9rica, cuando los indios eran libres y viv\u00edan en contacto directo con la naturaleza, y para no olvidarlo llevo una pulsera con una flecha y una pluma india. Las \u00fanicas redes que me gustan son las de los pescadores costeros. Emocionalmente, soy un t\u00edo antiguo, leo cl\u00e1sicos, no me gustan las autopistas, el asfalto, los pol\u00edgonos industriales y la cantidad de chorradas que fabricamos y compramos. Me gusta la comida sana, un d\u00eda de sol, a poder ser en un lugar que no est\u00e9 contaminado ac\u00fasticamente, los r\u00edos, el aire&#8230; S\u00e9 que es dif\u00edcil, pero como peque\u00f1a hormiga de este planeta intento buscar esto. Soy urbanita obligado, no convencido.<\/p>\n\n\n\n<p class=\"wp-block-paragraph\"><br><strong>\u00bfHemos perdido la capacidad de disfrutar con las peque\u00f1as cosas?<\/strong><br>Nos est\u00e1n comprando con baratijas, que pagamos muy caras, y nos quitamos unos a otros lo m\u00e1s sencillo, la vida m\u00e1s relajada, tranquila, generosa con uno mismo y los dem\u00e1s&#8230; Y ocupamos nuestro tiempo en una vida material absurda y obsoleta.<br>Aunque vive al margen de las nuevas tecnolog\u00edas, s\u00ed est\u00e1 al tanto de la realidad social y pol\u00edtica e incluso le ha dedicado alguna canci\u00f3n (Urge) a los que \u00abnos llevan por sendas de espinos\u00bb. \u00bfQu\u00e9 siente ante lo que ocurre en la esfera pol\u00edtica?<br>Siento pena por ellos, sin querer ofender a nadie ni generalizar. Los ciudadanos de a pie vemos que hay un inter\u00e9s de partido, de poltrona, de no apearse, de seguir mandando y mangoneando, y mientras las personas viven en precario, sobreviviendo, nos chulean con la sanidad, la ense\u00f1anza es un cachondeo y no digamos la cultura. Se ataca y se ningunea cuando es important\u00edsima. Que un pa\u00eds no cuide sus ra\u00edces, dice muy poco a favor de sus pol\u00edticos.<\/p>\n\n\n\n<p class=\"wp-block-paragraph\"><br><strong>No cuidan sus ra\u00edces culturales y la galopante despoblaci\u00f3n amenaza con acabar con ellas y con ese modo de vida apegado a la naturaleza. \u00bfC\u00f3mo ve este paisaje moribundo en su periplo por Castilla y Le\u00f3n?<\/strong><br>El que los pol\u00edticos miren hacia otro lado, no hagan ning\u00fan caso a la gran batalla que ya est\u00e1 aqu\u00ed, que es el cambio clim\u00e1tico, me apena y me decepciona. Me alegra cuando los estudiantes salen a la calle a pedir cuentas, porque el futuro es suyo. Es un plan nefasto que a una persona que quiere ser peque\u00f1o ganadero o agricultor se lo pongan dif\u00edcil, pero no as\u00ed a los grandes holdings alimenticios, que lo tienen chupado. Otra cosa terrible es que la gente mayor mantiene a los j\u00f3venes cuando en cualquier sociedad saludable, justa y bien organizada deber\u00eda ser al rev\u00e9s.<\/p>\n\n\n\n<p class=\"wp-block-paragraph\"><br><strong>Hablando de j\u00f3venes. \u00bfLe gusta la m\u00fasica que se hace en la actualidad?<\/strong><br>Me gustan las buenas canciones y buenas propuestas, lo honesto y lo que se hace con el coraz\u00f3n. Me dan igual las modas y los estilos, soy ecl\u00e9ctico, me gusta el arte en general, no hago ascos a nada hecho con cari\u00f1o, pasi\u00f3n, originalidad, verdad y singularidad por peque\u00f1a y sencilla que sea. Los dioses son generosos con nosotros y cada nueva generaci\u00f3n aporta gente joven con una capacidad seria para la creaci\u00f3n. Los dioses nunca nos han abandonado. En este valle de l\u00e1grimas, el arte y la cultura son el salvavidas frente a la esclavitud de los d\u00edas en los que somos esclavos del m\u00f3vil, internet&#8230;<\/p>\n\n\n\n<p class=\"wp-block-paragraph\"><br><strong>\u00bfPersonalmente, le han abandonado alguna vez lo dioses?<\/strong><br>No, mientras tienes salud y alegr\u00eda de vivir, no te abandonan (<em>r\u00ede<\/em>).<\/p>\n\n\n\n<p class=\"wp-block-paragraph\"><br><strong>\u00bfY usted goza de ambas?<\/strong><br>La salud, toco madera, no s\u00e9, pero alegr\u00eda de vivir, much\u00edsima, es algo que no he perdido nunca, si no, no har\u00eda discos ni saldr\u00eda a la carretera; estar\u00eda apoltronado. Me gusta mirar los \u00e1rboles, los castillos en ruina y so\u00f1ar con que alguien alg\u00fan d\u00eda los arreglar\u00e1, visitar restaurantes sencillos, tomarme un vaso de vino, compartir una cerveza con los amigos, buscar lugares rec\u00f3nditos y darme un chapuz\u00f3n en una poza&#8230; Eso no me lo van a quitar, me niego. Ese tiempo le doy por bien empleado porque no lo estoy ocupando en tuitear y lo digo sin \u00e1nimo de adoctrinamiento. Nunca me dirigir\u00e9 a nadie como si yo tuviera la verdad, cada uno tiene las suyas, jam\u00e1s indicar\u00e9 a nadie el camino.<\/p>\n\n\n\n<p class=\"wp-block-paragraph\"><br><strong>Habla como alguien con los pies en el suelo. \u00bfCuesta mantenerlos ah\u00ed con tantos seguidores, premios tan relevantes como el Grammy Latino o el Ondas y presencia en la banda sonora de tanta gente?<\/strong><br>No me cuesta nada porque el arbolito creci\u00f3 de una manera sencilla. Mi padre era un hombre muy razonable, era un hombre de campo, a los ocho a\u00f1os ya llevaba el ganado de mi abuelo y labraba con un arado romano en tierras secas, empinadas, y mis abuelos eran gente seria y humilde, pero vivaz, cari\u00f1osa y generosa y mi tiempo urbano ha sido en un barrio industrial, con sirenas llamando a los turnos de trabajo. Ese fue mi mundo hasta que a los 14 a\u00f1os empec\u00e9 a rocanrolear. Me he formado entre la calle y los campos de secano que me han dado una p\u00e1tina de escepticismo y de buena voluntad.<\/p>\n\n\n\n<p class=\"wp-block-paragraph\"><br><strong>Procede de una familia que emigr\u00f3 a Catalu\u00f1a, que ahora mismo vive tiempos convulsos. \u00bfNota ese ambiente enrarecido en las calles?<\/strong><br>No lo noto, nac\u00ed y vivo en Barcelona y me encanta, dentro de lo que me gustan las grandes ciudades, y me siento catal\u00e1n pero tengo mi coraz\u00f3n no part\u00edo, sino compart\u00edo. Comparto amor por muchos paisajes. El tema de Catalu\u00f1a es pol\u00edtico y lo deben solucionar los pol\u00edticos.<\/p>\n\n\n\n<p class=\"wp-block-paragraph\"><br><strong>Su \u00faltima visita a Burgos fue hace cuatro a\u00f1os para hablar de sus preferencias musicales, pero en concierto ha sido caro de ver&#8230;<\/strong><br>No por falta de ganas, no soy un m\u00fasico que guste de hacer cuatro conciertos en las grandes capitales y luego irse a casa, todo lo contrario. Pero s\u00ed han cambiado las cosas y as\u00ed como en los 90, con El \u00daltimo de la Fila, hab\u00eda una ebullici\u00f3n, luego los h\u00e1bitos l\u00fadicos han cambiado, ha entrado en nuestras vidas la tecnolog\u00eda y ahora hacen lo que quieren con la m\u00fasica, la regalan, la venden, la compran, pagan lo que quieren a los m\u00fasicos, nos ningunean, organizan su fiesta sin invitarnos, rob\u00e1ndonos lo que es nuestro&#8230; Pero yo lo sigo intentando. En la gira pasada hice 33 conciertos, en esta me acercar\u00e9 a los 60 porque me apetec\u00eda volver a ciudades en las que toqu\u00e9 con El \u00daltimo&#8230; y a provincias en las que hay un goteo de despoblaci\u00f3n, que me duele porque todo el mundo tiene derecho a vivir dignamente en su tierra. Llevar la cultura a estos lugares es una manera humilde de apoyar esta idea.\u00a0<br>\u00a0<\/p>\n\n\n\n<p class=\"wp-block-paragraph\">Fuente: Diario de Burgos &#8211; A.S.R. &#8211; <a rel=\"noreferrer noopener\" aria-label=\"ENLACE (abre en una nueva pesta\u00f1a)\" href=\"https:\/\/www.diariodeburgos.es\/Noticia\/Z5B92E7E8-CC2C-37E8-CF8449CAFFAC41ED\/201906\/Manolo-Garcia-esta-tarde-en-acustico-en-el-Forum\" target=\"_blank\">ENLACE<\/a><\/p>\n","protected":false},"excerpt":{"rendered":"<p>\u00abNo tengo que coger ning\u00fan libro de autoayuda para estar ilusionado con la vida\u00bb La memoria de sus seguidores se pierde cuando trata de encontrar el \u00faltimo concierto de Manolo Garc\u00eda en un escenario burgal\u00e9s. Han pasado los a\u00f1os, pero nunca el tiempo es perdido y el m\u00fasico que prefiere el trapecio para verlas venir<a class=\"moretag\" href=\"https:\/\/www.manologarciaycia.com\/?p=19626\" title=\"Manolo Garc\u00eda, esta tarde (ayer) en ac\u00fastico en el F\u00f3rum\" target=\"_self\" rel=\"follow\"> <font face=arial size=2>[Leer m\u00e1s]<\/font> <\/a><\/p>\n","protected":false},"author":2,"featured_media":0,"comment_status":"closed","ping_status":"closed","sticky":false,"template":"","format":"standard","meta":{"footnotes":""},"categories":[1],"tags":[],"class_list":["post-19626","post","type-post","status-publish","format-standard","hentry","category-manolo-garcia"],"_links":{"self":[{"href":"https:\/\/www.manologarciaycia.com\/index.php?rest_route=\/wp\/v2\/posts\/19626","targetHints":{"allow":["GET"]}}],"collection":[{"href":"https:\/\/www.manologarciaycia.com\/index.php?rest_route=\/wp\/v2\/posts"}],"about":[{"href":"https:\/\/www.manologarciaycia.com\/index.php?rest_route=\/wp\/v2\/types\/post"}],"author":[{"embeddable":true,"href":"https:\/\/www.manologarciaycia.com\/index.php?rest_route=\/wp\/v2\/users\/2"}],"replies":[{"embeddable":true,"href":"https:\/\/www.manologarciaycia.com\/index.php?rest_route=%2Fwp%2Fv2%2Fcomments&post=19626"}],"version-history":[{"count":1,"href":"https:\/\/www.manologarciaycia.com\/index.php?rest_route=\/wp\/v2\/posts\/19626\/revisions"}],"predecessor-version":[{"id":19627,"href":"https:\/\/www.manologarciaycia.com\/index.php?rest_route=\/wp\/v2\/posts\/19626\/revisions\/19627"}],"wp:attachment":[{"href":"https:\/\/www.manologarciaycia.com\/index.php?rest_route=%2Fwp%2Fv2%2Fmedia&parent=19626"}],"wp:term":[{"taxonomy":"category","embeddable":true,"href":"https:\/\/www.manologarciaycia.com\/index.php?rest_route=%2Fwp%2Fv2%2Fcategories&post=19626"},{"taxonomy":"post_tag","embeddable":true,"href":"https:\/\/www.manologarciaycia.com\/index.php?rest_route=%2Fwp%2Fv2%2Ftags&post=19626"}],"curies":[{"name":"wp","href":"https:\/\/api.w.org\/{rel}","templated":true}]}}