{"id":19624,"date":"2019-06-19T08:38:23","date_gmt":"2019-06-19T06:38:23","guid":{"rendered":"https:\/\/www.manologarciaycia.com\/?p=19624"},"modified":"2019-06-19T08:38:26","modified_gmt":"2019-06-19T06:38:26","slug":"la-acustica-reinvencion-del-veterano","status":"publish","type":"post","link":"https:\/\/www.manologarciaycia.com\/?p=19624","title":{"rendered":"La ac\u00fastica reinvenci\u00f3n del veterano"},"content":{"rendered":"\n<p class=\"wp-block-paragraph\">Manolo Garc\u00eda repasa esta tarde en el F\u00f3rum sus grandes \u00e9xitos con un novedoso formato en el que trata de exprimir a\u00fan m\u00e1s sus emociones<\/p>\n\n\n\n<p class=\"wp-block-paragraph\">Manolo Garc\u00eda regresa hoy a Burgos con un formato novedoso en el que trata de reinventarse: la primera gira ac\u00fastica en su carrera. Gracias a esta f\u00f3rmula, el veterano artista se aproxima m\u00e1s si cabe a la emoci\u00f3n que siempre desprenden sus interpretaciones desde un \u00e1ngulo absolutamente nuevo manteni\u00e9ndose, eso s\u00ed, fiel a su estilo de rock mestizo, marcado por aromas mediterr\u00e1neos, con una poes\u00eda que abraza el surrealismo desde la cotidianeidad.<\/p>\n\n\n\n<p class=\"wp-block-paragraph\">El artista aterriza esta tarde en el F\u00f3rum Evoluci\u00f3n a partir de las 20.30 horas junto a una espectacular banda en la que no faltan guitarras ac\u00fasticas, espa\u00f1olas, pianos, la\u00fades y violines. De esta forma, insuflar\u00e1 nuevas sonoridades a las canciones de \u00e1lbumes tan aclamados como \u2018Arena en los bolsillos\u2019, \u2018Para que no se duerman mis sentidos\u2019 o \u2018Geometr\u00eda del rayo\u2019, publicado el a\u00f1o pasado y recientemente galardonado con el Grammy Latino 2018 al Mejor \u00c1lbum Pop Rock, adem\u00e1s del Premio Ondas del a\u00f1o pasado por su dilatada trayectoria musical.<\/p>\n\n\n\n<p class=\"wp-block-paragraph\">La carrera de Garc\u00eda arranc\u00f3 en 1980 como cantante de Los R\u00e1pidos. Dos a\u00f1os despu\u00e9s, el artista entablaba relaci\u00f3n con Quimi Portet y fund\u00f3 Los Burros, sin abandonar su estilo fundamentalmente rockero alternativo, que desembocar\u00eda all\u00e1 por 1984 en El \u00faltimo de la fila, uno de esos grupos imprescindibles del pop-rock espa\u00f1ol que en 10 a\u00f1os de trayectoria grab\u00f3 siete discos y dej\u00f3 himnos atemporales como \u2018Querida Milagros\u2019 o \u2018El loco de la calle\u2019.<\/p>\n\n\n\n<p class=\"wp-block-paragraph\">Tras la disoluci\u00f3n amistosa de la banda, Garc\u00eda inici\u00f3 una prol\u00edfica carrera en solitario que arranc\u00f3 en el 98 con \u2018Arena en los bolsillos\u2019. Tan solo tres a\u00f1os despu\u00e9s, el artista se consolidaba en el panorama nacional gracias a \u2018Nunca el tiempo es perdido (2001)\u2019, cuyo single a\u00fan resuena en m\u00faltiples radiof\u00f3rmulas que recuerdan la \u00e9poca dorada del pop patrio.<\/p>\n\n\n\n<p class=\"wp-block-paragraph\">Las entradas, cuyo precio oscila entre 45 y 55 euros, comienzan a agotarse, aunque todav\u00eda se pueden adquirir a trav\u00e9s de internet (www.cajadeburgos.com\/teleentradas) o en las taquillas del Cultural Cord\u00f3n, Cultural Caja de Burgos, en el Centro de Arte Caja de Burgos (CAB) o una hora antes del concierto en el F\u00f3rum Evoluci\u00f3n.<\/p>\n\n\n\n<p class=\"wp-block-paragraph\">Fuente: El correo de Burgos &#8211; <a rel=\"noreferrer noopener\" aria-label=\"ENLACE (abre en una nueva pesta\u00f1a)\" href=\"http:\/\/www.elcorreodeburgos.com\/noticias\/cultura\/acustica-reinvencion-veterano_194733.html\" target=\"_blank\">ENLACE<\/a><\/p>\n","protected":false},"excerpt":{"rendered":"<p>Manolo Garc\u00eda repasa esta tarde en el F\u00f3rum sus grandes \u00e9xitos con un novedoso formato en el que trata de exprimir a\u00fan m\u00e1s sus emociones Manolo Garc\u00eda regresa hoy a Burgos con un formato novedoso en el que trata de reinventarse: la primera gira ac\u00fastica en su carrera. Gracias a esta f\u00f3rmula, el veterano artista<a class=\"moretag\" href=\"https:\/\/www.manologarciaycia.com\/?p=19624\" title=\"La ac\u00fastica reinvenci\u00f3n del veterano\" target=\"_self\" rel=\"follow\"> <font face=arial size=2>[Leer m\u00e1s]<\/font> <\/a><\/p>\n","protected":false},"author":2,"featured_media":0,"comment_status":"closed","ping_status":"closed","sticky":false,"template":"","format":"standard","meta":{"footnotes":""},"categories":[1],"tags":[],"class_list":["post-19624","post","type-post","status-publish","format-standard","hentry","category-manolo-garcia"],"_links":{"self":[{"href":"https:\/\/www.manologarciaycia.com\/index.php?rest_route=\/wp\/v2\/posts\/19624","targetHints":{"allow":["GET"]}}],"collection":[{"href":"https:\/\/www.manologarciaycia.com\/index.php?rest_route=\/wp\/v2\/posts"}],"about":[{"href":"https:\/\/www.manologarciaycia.com\/index.php?rest_route=\/wp\/v2\/types\/post"}],"author":[{"embeddable":true,"href":"https:\/\/www.manologarciaycia.com\/index.php?rest_route=\/wp\/v2\/users\/2"}],"replies":[{"embeddable":true,"href":"https:\/\/www.manologarciaycia.com\/index.php?rest_route=%2Fwp%2Fv2%2Fcomments&post=19624"}],"version-history":[{"count":1,"href":"https:\/\/www.manologarciaycia.com\/index.php?rest_route=\/wp\/v2\/posts\/19624\/revisions"}],"predecessor-version":[{"id":19625,"href":"https:\/\/www.manologarciaycia.com\/index.php?rest_route=\/wp\/v2\/posts\/19624\/revisions\/19625"}],"wp:attachment":[{"href":"https:\/\/www.manologarciaycia.com\/index.php?rest_route=%2Fwp%2Fv2%2Fmedia&parent=19624"}],"wp:term":[{"taxonomy":"category","embeddable":true,"href":"https:\/\/www.manologarciaycia.com\/index.php?rest_route=%2Fwp%2Fv2%2Fcategories&post=19624"},{"taxonomy":"post_tag","embeddable":true,"href":"https:\/\/www.manologarciaycia.com\/index.php?rest_route=%2Fwp%2Fv2%2Ftags&post=19624"}],"curies":[{"name":"wp","href":"https:\/\/api.w.org\/{rel}","templated":true}]}}