{"id":19622,"date":"2019-06-18T19:21:40","date_gmt":"2019-06-18T17:21:40","guid":{"rendered":"https:\/\/www.manologarciaycia.com\/?p=19622"},"modified":"2019-06-18T19:21:44","modified_gmt":"2019-06-18T17:21:44","slug":"la-fundacion-caja-de-burgos-presenta-a-manolo-garcia-este-miercoles-en-el-forum-evolucion","status":"publish","type":"post","link":"https:\/\/www.manologarciaycia.com\/?p=19622","title":{"rendered":"La Fundaci\u00f3n Caja de Burgos presenta a Manolo Garc\u00eda este mi\u00e9rcoles en el F\u00f3rum Evoluci\u00f3n"},"content":{"rendered":"\n<h2 class=\"wp-block-heading\">El m\u00fasico barcelon\u00e9s llega a la capital burgalesa con la primera gira ac\u00fastica de su carrera<\/h2>\n\n\n\n<p class=\"wp-block-paragraph\">El&nbsp;<strong>F\u00f3rum Evoluci\u00f3n Burgos<\/strong>&nbsp;acoge este mi\u00e9rcoles,&nbsp;<strong>19 de junio<\/strong>, a partir de las 20:30 horas, un concierto del m\u00fasico&nbsp;<strong>Manolo Garc\u00eda<\/strong>&nbsp;organizado por la&nbsp;<strong>Fundaci\u00f3n Caja de Burgos<\/strong>.<\/p>\n\n\n\n<p class=\"wp-block-paragraph\">Manolo Garc\u00eda llega a Burgos con la\u00a0<strong>primera gira ac\u00fastica en su carrera<\/strong>, que permitir\u00e1 aproximarse a la emoci\u00f3n que siempre desprenden sus interpretaciones desde un \u00e1ngulo absolutamente nuevo. Garc\u00eda se mantiene fiel a su estilo de rock mestizo, marcada por aromas mediterr\u00e1neos, con una poes\u00eda que abraza el surrealismo desde la cotidianeidad.<\/p>\n\n\n\n<p class=\"wp-block-paragraph\">El artista estar\u00e1&nbsp;<strong>acompa\u00f1ado<\/strong>, eso s\u00ed,&nbsp;<strong>por una banda<\/strong>&nbsp;en la que no faltan&nbsp;<strong>guitarras ac\u00fasticas, espa\u00f1olas, pianos, la\u00fades y violines<\/strong>, e insuflar\u00e1 nuevas sonoridades a las canciones de \u00e1lbumes tan aclamados como &#8216;Arena en los bolsillos&#8217;, &#8216;Para que no se duerman mis sentidos&#8217; o &#8216;Geometr\u00eda del rayo&#8217;, publicado el a\u00f1o pasado y por el que el artista ha recibido recientemente el Grammy Latino 2018 al Mejor \u00c1lbum Pop Rock, adem\u00e1s del Premio Ondas 2018 a su trayectoria.<\/p>\n\n\n\n<p class=\"wp-block-paragraph\">La carrera de Garc\u00eda arranca en 1980 como cantante de&nbsp;<strong>Los R\u00e1pidos.<\/strong>&nbsp;Dos a\u00f1os despu\u00e9s, el artista entabla relaci\u00f3n con Quimi Portet y funda&nbsp;<strong>Los Burros<\/strong>, sin abandonar su estilo fundamentalmente rockero alternativo, que desembocar\u00eda all\u00e1 por 1984 en&nbsp;<strong>El \u00faltimo de la fila<\/strong>, uno de los grupos imprescindibles del pop rock espa\u00f1ol, que en sus diez a\u00f1os de trayectoria grab\u00f3 siete discos y dej\u00f3 himnos atemporales como &#8216;Querida Milagros&#8217; o &#8216;El loco de la calle&#8217;.<\/p>\n\n\n\n<p class=\"wp-block-paragraph\">Tras la disoluci\u00f3n amistosa de la banda, Manolo Garc\u00eda da paso a su carrera en solitario. Esta cuenta con los \u00e1lbumes &#8216;Arena en los bolsillos&#8217; (1998), &#8216;Nunca el tiempo es perdido&#8217; (2001), &#8216;Para que no se duerman mis sentidos&#8217; (2004), &#8216;Saldremos a la lluvia&#8217; (2008), &#8216;Los d\u00edas intactos&#8217; (2011), &#8216;Todo es ahora&#8217; (2014) y &#8216;Geometr\u00eda del rayo&#8217; (2018).<\/p>\n\n\n\n<h3 class=\"wp-block-heading\">Entradas<\/h3>\n\n\n\n<p class=\"wp-block-paragraph\">El\u00a0<strong>precio de las localidades<\/strong>\u00a0para presenciar el concierto es de<strong>\u00a055 euros (zona A), 50 euros (zona B) y 45 euros (zona C)<\/strong>\u00a0y se pueden adquirir a trav\u00e9s de los canales habituales de venta de la Fundaci\u00f3n: por Internet (www.cajadeburgos.com\/teleentradas) o en las taquillas de Cultural Cord\u00f3n, Cultural Caja de Burgos (avenida de Cantabria, 3), en el Centro de Arte Caja de Burgos CAB y, una hora antes del concierto, en la taquilla del F\u00f3rum Evoluci\u00f3n.<\/p>\n\n\n\n<p class=\"wp-block-paragraph\">Fuente:  Burgos Conecta &#8211; <a href=\"https:\/\/www.burgosconecta.es\/culturas\/musica\/fundacion-caja-burgos-20190618133401-nt.html\" target=\"_blank\" rel=\"noreferrer noopener\" aria-label=\"ENLACE (abre en una nueva pesta\u00f1a)\">ENLACE<\/a><\/p>\n","protected":false},"excerpt":{"rendered":"<p>El m\u00fasico barcelon\u00e9s llega a la capital burgalesa con la primera gira ac\u00fastica de su carrera El&nbsp;F\u00f3rum Evoluci\u00f3n Burgos&nbsp;acoge este mi\u00e9rcoles,&nbsp;19 de junio, a partir de las 20:30 horas, un concierto del m\u00fasico&nbsp;Manolo Garc\u00eda&nbsp;organizado por la&nbsp;Fundaci\u00f3n Caja de Burgos. Manolo Garc\u00eda llega a Burgos con la\u00a0primera gira ac\u00fastica en su carrera, que permitir\u00e1 aproximarse a<a class=\"moretag\" href=\"https:\/\/www.manologarciaycia.com\/?p=19622\" title=\"La Fundaci\u00f3n Caja de Burgos presenta a Manolo Garc\u00eda este mi\u00e9rcoles en el F\u00f3rum Evoluci\u00f3n\" target=\"_self\" rel=\"follow\"> <font face=arial size=2>[Leer m\u00e1s]<\/font> <\/a><\/p>\n","protected":false},"author":2,"featured_media":0,"comment_status":"closed","ping_status":"closed","sticky":false,"template":"","format":"standard","meta":{"footnotes":""},"categories":[1],"tags":[],"class_list":["post-19622","post","type-post","status-publish","format-standard","hentry","category-manolo-garcia"],"_links":{"self":[{"href":"https:\/\/www.manologarciaycia.com\/index.php?rest_route=\/wp\/v2\/posts\/19622","targetHints":{"allow":["GET"]}}],"collection":[{"href":"https:\/\/www.manologarciaycia.com\/index.php?rest_route=\/wp\/v2\/posts"}],"about":[{"href":"https:\/\/www.manologarciaycia.com\/index.php?rest_route=\/wp\/v2\/types\/post"}],"author":[{"embeddable":true,"href":"https:\/\/www.manologarciaycia.com\/index.php?rest_route=\/wp\/v2\/users\/2"}],"replies":[{"embeddable":true,"href":"https:\/\/www.manologarciaycia.com\/index.php?rest_route=%2Fwp%2Fv2%2Fcomments&post=19622"}],"version-history":[{"count":1,"href":"https:\/\/www.manologarciaycia.com\/index.php?rest_route=\/wp\/v2\/posts\/19622\/revisions"}],"predecessor-version":[{"id":19623,"href":"https:\/\/www.manologarciaycia.com\/index.php?rest_route=\/wp\/v2\/posts\/19622\/revisions\/19623"}],"wp:attachment":[{"href":"https:\/\/www.manologarciaycia.com\/index.php?rest_route=%2Fwp%2Fv2%2Fmedia&parent=19622"}],"wp:term":[{"taxonomy":"category","embeddable":true,"href":"https:\/\/www.manologarciaycia.com\/index.php?rest_route=%2Fwp%2Fv2%2Fcategories&post=19622"},{"taxonomy":"post_tag","embeddable":true,"href":"https:\/\/www.manologarciaycia.com\/index.php?rest_route=%2Fwp%2Fv2%2Ftags&post=19622"}],"curies":[{"name":"wp","href":"https:\/\/api.w.org\/{rel}","templated":true}]}}