{"id":19618,"date":"2019-06-17T08:07:45","date_gmt":"2019-06-17T06:07:45","guid":{"rendered":"https:\/\/www.manologarciaycia.com\/?p=19618"},"modified":"2019-06-17T08:07:50","modified_gmt":"2019-06-17T06:07:50","slug":"el-concierto-intimo-y-multitudinario-de-manolo-garcia","status":"publish","type":"post","link":"https:\/\/www.manologarciaycia.com\/?p=19618","title":{"rendered":"El concierto \u00edntimo y multitudinario de Manolo Garc\u00eda"},"content":{"rendered":"\n<h2 class=\"wp-block-heading\">El cantante ofrece en Le\u00f3n un recital ac\u00fastico, su nueva manera de expresi\u00f3n, en el Palacio de Deportes con lleno total.<\/h2>\n\n\n\n<p class=\"wp-block-paragraph\">A las diez y diez de la noche, un \u00a1vamos Manolo! delat\u00f3 la impaciencia del p\u00fablico leon\u00e9s, pero a\u00fan hubo que esperar unos minutos m\u00e1s.<\/p>\n\n\n\n<p class=\"wp-block-paragraph\">No se hab\u00eda hecho de noche afuera cuando todo se oscureci\u00f3 y comenz\u00f3 a extenderse un silencio expectante. Fue entonces cuando un ca\u00f1\u00f3n de luz ilumin\u00f3 el pasillo y se proyect\u00f3 sobre la melena oscura y encaracolada de la violinista. Ella condujo al p\u00fablico hasta el escenario.<\/p>\n\n\n\n<p class=\"wp-block-paragraph\">En las gradas y en las sillas, un poco de todo y, al menos, un par de generaciones, siempre que no haya que respetar los 25 a\u00f1os de rigor que deben separar una de otra. Y entonces, sali\u00f3 \u00e9l. \u00abHola, qu\u00e9 tal\u00bb. Como si tal cosa. A juego con el escenario, oscuro, a veces te\u00f1ido de luz violeta, monocorde y vibrante, solo roto por el rojo de un pa\u00f1uelo al cuello. \u00abUn co\u00f1azo este tema, una oda\u00bb, dijo, y se gan\u00f3 la complicidad de la gente. \u00abEs s\u00f3lo para que el m\u00f3vil me deje tranquilo\u00bb, a\u00f1adi\u00f3. Y si ya con eso le hab\u00edan aplaudido, con el \u00abgracias Le\u00f3n\u00bb, el Palacio de Deportes estall\u00f3 en agradecimiento.<\/p>\n\n\n\n<p class=\"wp-block-paragraph\">\u00abUn placer volver a Le\u00f3n, revivir restaurantes, lugares, amigos, paisajes&#8230;\u00bb. Son\u00f3 sincero.<\/p>\n\n\n\n<p class=\"wp-block-paragraph\">Son\u00f3 mejor de lo que se pod\u00eda esperar, que el Palacio de Deportes no es el palacio de la m\u00fasica. Son\u00f3 \u00edntimo pese al lleno total. Un concierto multitudinario que el p\u00fablico sinti\u00f3, como suyo.<\/p>\n\n\n\n<p class=\"wp-block-paragraph\">Sobre el escenario, un viol\u00edn, un chelo, el piano, un acorde\u00f3n y \u00e9l. \u00c9l con su guitarra. Luego llegar\u00edan los la\u00fades y otros sonidos.<\/p>\n\n\n\n<p class=\"wp-block-paragraph\">No empez\u00f3 solo. Le hizo de coro el p\u00fablico. Como sin querer, arrastrado por la emoci\u00f3n ya en los primeros compases. Cantaron juntos \u2018El nombre de las cosas\u2019. Premonitorio. \u00abQuedaba mucho por hacer&#8230;\u00bb, como reza el estribillo de la canci\u00f3n. Apenas hab\u00eda comenzado todo. Quedaban tres horas de concierto -\u00abyo tesoy agusto y como veo que vosotros tambi\u00e9n, pues vamos a seguir\u00bb, dijo-. Quedaba ese final apote\u00f3sico con su grito \u00ab\u00a1viva Le\u00f3n!\u00bb. Quedaba esa otra forma de sentir a Manolo Garc\u00eda y su m\u00fasica. \u00cdntimo, aunque estuviera lleno de gente.<\/p>\n\n\n\n<figure class=\"wp-block-image\"><img decoding=\"async\" src=\"https:\/\/www.zetaestaticos.com\/leon\/upload\/0\/010\/10010.jpg\" alt=\"\"\/><\/figure>\n\n\n\n<figure class=\"wp-block-image\"><img decoding=\"async\" src=\"https:\/\/www.zetaestaticos.com\/leon\/upload\/0\/010\/10011.jpg\" alt=\"\"\/><\/figure>\n\n\n\n<figure class=\"wp-block-image\"><img decoding=\"async\" src=\"https:\/\/www.zetaestaticos.com\/leon\/upload\/0\/010\/10012.jpg\" alt=\"\"\/><\/figure>\n\n\n\n<figure class=\"wp-block-image\"><img decoding=\"async\" src=\"https:\/\/www.zetaestaticos.com\/leon\/upload\/0\/010\/10013.jpg\" alt=\"\"\/><\/figure>\n\n\n\n<figure class=\"wp-block-image\"><img decoding=\"async\" src=\"https:\/\/www.zetaestaticos.com\/leon\/upload\/0\/010\/10014.jpg\" alt=\"\"\/><\/figure>\n\n\n\n<p class=\"wp-block-paragraph\">Fuente: Diario de Leon &#8211; <a rel=\"noreferrer noopener\" aria-label=\"ENLACE (abre en una nueva pesta\u00f1a)\" href=\"https:\/\/www.diariodeleon.es\/noticias\/cultura\/concierto-intimo-multitudinario-manolo-garcia_1342867.html\" target=\"_blank\">ENLACE<\/a>  &#8211; Susana Vergara &#8211; Marciano Perez<\/p>\n","protected":false},"excerpt":{"rendered":"<p>El cantante ofrece en Le\u00f3n un recital ac\u00fastico, su nueva manera de expresi\u00f3n, en el Palacio de Deportes con lleno total. A las diez y diez de la noche, un \u00a1vamos Manolo! delat\u00f3 la impaciencia del p\u00fablico leon\u00e9s, pero a\u00fan hubo que esperar unos minutos m\u00e1s. No se hab\u00eda hecho de noche afuera cuando todo<a class=\"moretag\" href=\"https:\/\/www.manologarciaycia.com\/?p=19618\" title=\"El concierto \u00edntimo y multitudinario de Manolo Garc\u00eda\" target=\"_self\" rel=\"follow\"> <font face=arial size=2>[Leer m\u00e1s]<\/font> <\/a><\/p>\n","protected":false},"author":2,"featured_media":19619,"comment_status":"closed","ping_status":"closed","sticky":false,"template":"","format":"standard","meta":{"footnotes":""},"categories":[1],"tags":[],"class_list":["post-19618","post","type-post","status-publish","format-standard","has-post-thumbnail","hentry","category-manolo-garcia"],"_links":{"self":[{"href":"https:\/\/www.manologarciaycia.com\/index.php?rest_route=\/wp\/v2\/posts\/19618","targetHints":{"allow":["GET"]}}],"collection":[{"href":"https:\/\/www.manologarciaycia.com\/index.php?rest_route=\/wp\/v2\/posts"}],"about":[{"href":"https:\/\/www.manologarciaycia.com\/index.php?rest_route=\/wp\/v2\/types\/post"}],"author":[{"embeddable":true,"href":"https:\/\/www.manologarciaycia.com\/index.php?rest_route=\/wp\/v2\/users\/2"}],"replies":[{"embeddable":true,"href":"https:\/\/www.manologarciaycia.com\/index.php?rest_route=%2Fwp%2Fv2%2Fcomments&post=19618"}],"version-history":[{"count":1,"href":"https:\/\/www.manologarciaycia.com\/index.php?rest_route=\/wp\/v2\/posts\/19618\/revisions"}],"predecessor-version":[{"id":19620,"href":"https:\/\/www.manologarciaycia.com\/index.php?rest_route=\/wp\/v2\/posts\/19618\/revisions\/19620"}],"wp:featuredmedia":[{"embeddable":true,"href":"https:\/\/www.manologarciaycia.com\/index.php?rest_route=\/wp\/v2\/media\/19619"}],"wp:attachment":[{"href":"https:\/\/www.manologarciaycia.com\/index.php?rest_route=%2Fwp%2Fv2%2Fmedia&parent=19618"}],"wp:term":[{"taxonomy":"category","embeddable":true,"href":"https:\/\/www.manologarciaycia.com\/index.php?rest_route=%2Fwp%2Fv2%2Fcategories&post=19618"},{"taxonomy":"post_tag","embeddable":true,"href":"https:\/\/www.manologarciaycia.com\/index.php?rest_route=%2Fwp%2Fv2%2Ftags&post=19618"}],"curies":[{"name":"wp","href":"https:\/\/api.w.org\/{rel}","templated":true}]}}