{"id":19609,"date":"2019-06-16T08:05:05","date_gmt":"2019-06-16T06:05:05","guid":{"rendered":"https:\/\/www.manologarciaycia.com\/?p=19609"},"modified":"2019-06-16T08:08:17","modified_gmt":"2019-06-16T06:08:17","slug":"manolo-garcia-se-entrega-a-leon-en-acustico","status":"publish","type":"post","link":"https:\/\/www.manologarciaycia.com\/?p=19609","title":{"rendered":"Manolo Garc\u00eda se entrega a Le\u00f3n, en ac\u00fastico"},"content":{"rendered":"\n<h2 class=\"wp-block-heading\">El catal\u00e1n ofreci\u00f3 un concierto \u00fanico con un formato en ac\u00fastico en el Palacio de los Deportes de Le\u00f3n | Miles de leoneses no quisieron perderse los temas de siempre, y lo nuevos, con un sonido \u00fanico y s\u00f3lo posible para Manolo Garc\u00eda<\/h2>\n\n\n\n<p class=\"wp-block-paragraph\"><strong>Manolo Garc\u00eda en ac\u00fastico<\/strong>. Un concierto \u00fanico en el que estuvo apoyado por una impresionante banda y qued\u00f3 claro desde el minuto uno. Una gran violinista daba la nota inicial a m\u00e1s de tres horas de emoci\u00f3n sobre el escenario.<\/p>\n\n\n\n<p class=\"wp-block-paragraph\">Minutos antes del inicio el<strong>&nbsp;Palacio de los Deportes de L\u00e9on<\/strong>&nbsp;ya coreaba su nombre y Manolo Garc\u00eda no se hac\u00eda esperar.PUBLICIDAD<\/p>\n\n\n\n<figure><iframe><\/iframe><\/figure>\n\n\n\n<p class=\"wp-block-paragraph\"><a href=\"https:\/\/www.teads.com\/?utm_source=inread&amp;utm_medium=credits&amp;utm_campaign=invented%20by%20teads\" rel=\"noreferrer noopener\" target=\"_blank\">inRead&nbsp;invented by Teads<\/a><\/p>\n\n\n\n<figure><iframe><\/iframe><\/figure>\n\n\n\n<p class=\"wp-block-paragraph\">El cantante catal\u00e1n ofreci\u00f3 un&nbsp;<strong>concierto \u00fanico con un formato en ac\u00fastico<\/strong>, muy alejado de lo que hasta ahora ha sido su carrera, pero sin defraudar a un p\u00fablico muy exigente.<\/p>\n\n\n\n<figure class=\"wp-block-image\"><a href=\"https:\/\/www.leonoticias.com\/culturas\/musica\/manolo-garcia-entrega-leon-concierto-acustico-20190616000254-nt.html#\"><img decoding=\"async\" src=\"https:\/\/static2.leonoticias.com\/www\/multimedia\/201906\/16\/media\/cortadas\/Manolo%20Garcia%20Leon%20concierto%20(21)-kDvF--624x385@Leonoticias.jpg\" alt=\"\"\/><\/a><\/figure>\n\n\n\n<p class=\"wp-block-paragraph\">&nbsp;Galer\u00eda.<\/p>\n\n\n\n<p class=\"wp-block-paragraph\">Manolo Garc\u00eda&nbsp;<strong>repas\u00f3 sus grandes \u00e9xitos, los de siempre, aquellos que fueron cantados a pleno pulm\u00f3n&nbsp;<\/strong>por los centenares de asistentes al evento. No quiso olvidarse de algunos de sus temas estrella del \u00daltimo de la Fila y Los R\u00e1pidos, pero en esta ocasi\u00f3n en formato ac\u00fastico y por supuesto, los temas que integran su \u00faltimo trabajo.<\/p>\n\n\n\n<p class=\"wp-block-paragraph\">Las canciones de&nbsp;<strong>&#8216;Geometr\u00eda del Rayo&#8217;<\/strong>&nbsp;tambi\u00e9n fueron coreadas como los viejos temas, esos que quedar\u00e1n por siempre en la memoria de los amantes de su m\u00fasica y que ya forman parte de la historia de un pa\u00eds.<\/p>\n\n\n\n<p class=\"wp-block-paragraph\">El formato ac\u00fastico cont\u00f3 con gran cantidad de guitarras, percusiones, contrabajo, viol\u00edn y un la\u00fad, junto con una gran banda que hizo el acompa\u00f1amiento perfecto a una voz inimitable.<\/p>\n\n\n\n<p class=\"wp-block-paragraph\">Cientos de fans de toda la provincia se dieron cita en la capital leonesa en un Palacio de Deportes que registr\u00f3 una gran afluencia de p\u00fablico. Los asistentes pudieron disfrutar de un concierto muy emotivo en el que&nbsp;<strong>Manolo Garc\u00eda quiso unir su voz al latir de los corazones presentes<\/strong>.<\/p>\n\n\n\n<p class=\"wp-block-paragraph\">Cerca de tres horas de concierto en las que tambi\u00e9n hizo alusi\u00f3n a las zonas rurales y a las cosas sencillas de la vida entre cada una de sus canciones. Pero en esta noche leonesa no s\u00f3lo sorprendi\u00f3 Manolo Garc\u00eda,&nbsp;<strong>dos admiradores de menos de diez a\u00f1os le hac\u00edan entrega de dos rosas<\/strong>. El cantante emocionado agradeci\u00f3 de coraz\u00f3n el gesto y se llev\u00f3 el cari\u00f1o de toda la capital leonesa en una noche \u00fanica.<\/p>\n\n\n\n<p class=\"wp-block-paragraph\">Fuente: I.Santos &#8211; Leon Noticias &#8211; <a rel=\"noreferrer noopener\" aria-label=\"ENLACE (abre en una nueva pesta\u00f1a)\" href=\"https:\/\/www.leonoticias.com\/culturas\/musica\/manolo-garcia-entrega-leon-concierto-acustico-20190616000254-nt.html\" target=\"_blank\">ENLACE<\/a><\/p>\n","protected":false},"excerpt":{"rendered":"<p>El catal\u00e1n ofreci\u00f3 un concierto \u00fanico con un formato en ac\u00fastico en el Palacio de los Deportes de Le\u00f3n | Miles de leoneses no quisieron perderse los temas de siempre, y lo nuevos, con un sonido \u00fanico y s\u00f3lo posible para Manolo Garc\u00eda Manolo Garc\u00eda en ac\u00fastico. Un concierto \u00fanico en el que estuvo apoyado<a class=\"moretag\" href=\"https:\/\/www.manologarciaycia.com\/?p=19609\" title=\"Manolo Garc\u00eda se entrega a Le\u00f3n, en ac\u00fastico\" target=\"_self\" rel=\"follow\"> <font face=arial size=2>[Leer m\u00e1s]<\/font> <\/a><\/p>\n","protected":false},"author":2,"featured_media":19611,"comment_status":"closed","ping_status":"closed","sticky":false,"template":"","format":"standard","meta":{"footnotes":""},"categories":[1],"tags":[],"class_list":["post-19609","post","type-post","status-publish","format-standard","has-post-thumbnail","hentry","category-manolo-garcia"],"_links":{"self":[{"href":"https:\/\/www.manologarciaycia.com\/index.php?rest_route=\/wp\/v2\/posts\/19609","targetHints":{"allow":["GET"]}}],"collection":[{"href":"https:\/\/www.manologarciaycia.com\/index.php?rest_route=\/wp\/v2\/posts"}],"about":[{"href":"https:\/\/www.manologarciaycia.com\/index.php?rest_route=\/wp\/v2\/types\/post"}],"author":[{"embeddable":true,"href":"https:\/\/www.manologarciaycia.com\/index.php?rest_route=\/wp\/v2\/users\/2"}],"replies":[{"embeddable":true,"href":"https:\/\/www.manologarciaycia.com\/index.php?rest_route=%2Fwp%2Fv2%2Fcomments&post=19609"}],"version-history":[{"count":3,"href":"https:\/\/www.manologarciaycia.com\/index.php?rest_route=\/wp\/v2\/posts\/19609\/revisions"}],"predecessor-version":[{"id":19613,"href":"https:\/\/www.manologarciaycia.com\/index.php?rest_route=\/wp\/v2\/posts\/19609\/revisions\/19613"}],"wp:featuredmedia":[{"embeddable":true,"href":"https:\/\/www.manologarciaycia.com\/index.php?rest_route=\/wp\/v2\/media\/19611"}],"wp:attachment":[{"href":"https:\/\/www.manologarciaycia.com\/index.php?rest_route=%2Fwp%2Fv2%2Fmedia&parent=19609"}],"wp:term":[{"taxonomy":"category","embeddable":true,"href":"https:\/\/www.manologarciaycia.com\/index.php?rest_route=%2Fwp%2Fv2%2Fcategories&post=19609"},{"taxonomy":"post_tag","embeddable":true,"href":"https:\/\/www.manologarciaycia.com\/index.php?rest_route=%2Fwp%2Fv2%2Ftags&post=19609"}],"curies":[{"name":"wp","href":"https:\/\/api.w.org\/{rel}","templated":true}]}}