{"id":1957,"date":"2011-11-08T18:31:44","date_gmt":"2011-11-08T17:31:44","guid":{"rendered":"http:\/\/petaos.net\/?p=1957"},"modified":"2011-11-08T18:35:41","modified_gmt":"2011-11-08T17:35:41","slug":"mg-expone-sus-pinturas-en-la-fundacion-circulo-de-lectores","status":"publish","type":"post","link":"https:\/\/www.manologarciaycia.com\/?p=1957","title":{"rendered":"MG: expone sus pinturas en la Fundaci\u00f3n C\u00edrculo de Lectores"},"content":{"rendered":"<p><img loading=\"lazy\" decoding=\"async\" class=\"alignleft\" src=\"http:\/\/www.comunicae.com\/photos\/notas\/1026234\/manologarcia.jpg\" alt=\"\" width=\"315\" height=\"420\" \/>Exposici\u00f3n de pintura de Manolo Garc\u00eda en el Centro Cultural de la Fundaci\u00f3n C\u00edrculo de Lectores de Barcelona. La publicaci\u00f3n del nuevo disco de Manolo Garc\u00eda, Los d\u00edas intactos, llega con dos regalos extra: el libro El fruto de la rama m\u00e1s alta, y la exposici\u00f3n de los dibujos y pinturas del c\u00e9lebre m\u00fasico.<\/p>\n<p>La exposici\u00f3n de Manolo Garc\u00eda arranc\u00f3 el pasado 27 de octubre en el Centro Cultural de la Fundaci\u00f3n C\u00edrculo de Lectores de Barcelona, y se prolongar\u00e1 hasta el pr\u00f3ximo 13 de enero. En esta muestra, que recoge los trabajos pict\u00f3ricos del cantante desde el 2007 hasta hoy, sus seguidores podr\u00e1n conocer esta desconocida faceta del cantante.<\/p>\n<p>Muchos de los dibujos est\u00e1n tambi\u00e9n incluidos en el libreto de su nuevo disco, el 5\u00ba trabajo en solitario ya del que fuera l\u00edder de \u201cEl \u00faltimo de la fila\u201d. Para los interesados en conocer la muestra podr\u00e1n acercarse tambi\u00e9n a Madrid, a partir del mes de enero, fecha en la que la exposici\u00f3n se trasladar\u00e1 a la capital.<\/p>\n<p>Fuente: Comunicae.com &#8211; <a href=\"http:\/\/www.comunicae.com\/nota\/manolo-garcia-expone-sus-pinturas-en-la-fundacion-circulo-de-lectores\" target=\"_blank\">ENLACE<\/a><\/p>\n","protected":false},"excerpt":{"rendered":"<p>Exposici\u00f3n de pintura de Manolo Garc\u00eda en el Centro Cultural de la Fundaci\u00f3n C\u00edrculo de Lectores de Barcelona. La publicaci\u00f3n del nuevo disco de Manolo Garc\u00eda, Los d\u00edas intactos, llega con dos regalos extra: el libro El fruto de la rama m\u00e1s alta, y la exposici\u00f3n de los dibujos y pinturas del c\u00e9lebre m\u00fasico. La<a class=\"moretag\" href=\"https:\/\/www.manologarciaycia.com\/?p=1957\" title=\"MG: expone sus pinturas en la Fundaci\u00f3n C\u00edrculo de Lectores\" target=\"_self\" rel=\"follow\"> <font face=arial size=2>[Leer m\u00e1s]<\/font> <\/a><\/p>\n","protected":false},"author":2,"featured_media":0,"comment_status":"closed","ping_status":"closed","sticky":false,"template":"","format":"standard","meta":{"footnotes":""},"categories":[1],"tags":[],"class_list":["post-1957","post","type-post","status-publish","format-standard","hentry","category-manolo-garcia"],"_links":{"self":[{"href":"https:\/\/www.manologarciaycia.com\/index.php?rest_route=\/wp\/v2\/posts\/1957","targetHints":{"allow":["GET"]}}],"collection":[{"href":"https:\/\/www.manologarciaycia.com\/index.php?rest_route=\/wp\/v2\/posts"}],"about":[{"href":"https:\/\/www.manologarciaycia.com\/index.php?rest_route=\/wp\/v2\/types\/post"}],"author":[{"embeddable":true,"href":"https:\/\/www.manologarciaycia.com\/index.php?rest_route=\/wp\/v2\/users\/2"}],"replies":[{"embeddable":true,"href":"https:\/\/www.manologarciaycia.com\/index.php?rest_route=%2Fwp%2Fv2%2Fcomments&post=1957"}],"version-history":[{"count":4,"href":"https:\/\/www.manologarciaycia.com\/index.php?rest_route=\/wp\/v2\/posts\/1957\/revisions"}],"predecessor-version":[{"id":1960,"href":"https:\/\/www.manologarciaycia.com\/index.php?rest_route=\/wp\/v2\/posts\/1957\/revisions\/1960"}],"wp:attachment":[{"href":"https:\/\/www.manologarciaycia.com\/index.php?rest_route=%2Fwp%2Fv2%2Fmedia&parent=1957"}],"wp:term":[{"taxonomy":"category","embeddable":true,"href":"https:\/\/www.manologarciaycia.com\/index.php?rest_route=%2Fwp%2Fv2%2Fcategories&post=1957"},{"taxonomy":"post_tag","embeddable":true,"href":"https:\/\/www.manologarciaycia.com\/index.php?rest_route=%2Fwp%2Fv2%2Ftags&post=1957"}],"curies":[{"name":"wp","href":"https:\/\/api.w.org\/{rel}","templated":true}]}}