{"id":195,"date":"2009-12-31T10:49:01","date_gmt":"2009-12-31T09:49:01","guid":{"rendered":"http:\/\/petaos.net\/?p=195"},"modified":"2009-12-31T10:51:56","modified_gmt":"2009-12-31T09:51:56","slug":"recordando-a-marc-grau-participacion-de-manolo-garcia","status":"publish","type":"post","link":"https:\/\/www.manologarciaycia.com\/?p=195","title":{"rendered":"Recordando a Marc Grau (participaci\u00f3n de Manolo Garc\u00eda)"},"content":{"rendered":"<p>El pr\u00f3ximo d\u00eda 26 de Enero se celebrar\u00e1 un concierto hom<img loading=\"lazy\" decoding=\"async\" class=\"alignleft\" src=\"http:\/\/www.bikinibcn.com\/_imagenes\/ARTISTA\/1222\/2445_1.JPG\" alt=\"\" width=\"270\" height=\"351\" \/>enaje ben\u00e9fico en la Sala Bikini, para recordar al guitarrista i productor Marc Grau, que hace diez a\u00f1os nos dej\u00f3. Los beneficios del concierto ser\u00e1n donados a Catalunya contra el C\u00e0ncar.<\/p>\n<p>El cartel lo conforman artistas que trabajaron con Marc durante su carrera. Como Els Pets, <strong>Manolo Garc\u00eda<\/strong>, Lax&#8217;n&#8217;Busto, Quimi Portet o Gerard Quintana. El homenaje pretende ser un repaso a la carrera y vida de Marc Grau, a trav\u00e9s de la musica que nos ha dejado y la que ha influenciado en el futuro. La rotundidad de la efem\u00e9ride y el &#8216;sentir&#8217; de la familia, demandaba un homenaje. Es por eso que os emplazamos el pr\u00f3ximo 26 de Enero, para que veng\u00e1is a\u00a0 Bikini, Barcelona.<\/p>\n<p>Entradas YA a la venta a 8\u20ac.<\/p>\n<p>Artistas Confirmados:<\/p>\n<p>Els Pets, Lax&#8217;n&#8217;Busto, <strong>Manolo Garc\u00eda<\/strong>, Quimi Portet, Los Rotos, Gerard Quintana, Joan Masdeu, Color Dansa ,Jordi Batiste, Pedro Javier Gonz\u00e1lez, Jornet, Vilaplana, Armengol &amp; Riera. El homenaje ser\u00e1 presentado por Santi Mill\u00e1n.<\/p>\n<p>Fuente y entradas: www.bikinibcn.com<\/p>\n","protected":false},"excerpt":{"rendered":"<p>El pr\u00f3ximo d\u00eda 26 de Enero se celebrar\u00e1 un concierto homenaje ben\u00e9fico en la Sala Bikini, para recordar al guitarrista i productor Marc Grau, que hace diez a\u00f1os nos dej\u00f3. Los beneficios del concierto ser\u00e1n donados a Catalunya contra el C\u00e0ncar. El cartel lo conforman artistas que trabajaron con Marc durante su carrera. Como Els<a class=\"moretag\" href=\"https:\/\/www.manologarciaycia.com\/?p=195\" title=\"Recordando a Marc Grau (participaci\u00f3n de Manolo Garc\u00eda)\" target=\"_self\" rel=\"follow\"> <font face=arial size=2>[Leer m\u00e1s]<\/font> <\/a><\/p>\n","protected":false},"author":2,"featured_media":0,"comment_status":"closed","ping_status":"open","sticky":false,"template":"","format":"standard","meta":{"footnotes":""},"categories":[1,23,9],"tags":[46],"class_list":["post-195","post","type-post","status-publish","format-standard","hentry","category-manolo-garcia","category-otros","category-qumi-portet","tag-concierto-marc-grau-manolo-garcia-quimi-portet"],"_links":{"self":[{"href":"https:\/\/www.manologarciaycia.com\/index.php?rest_route=\/wp\/v2\/posts\/195","targetHints":{"allow":["GET"]}}],"collection":[{"href":"https:\/\/www.manologarciaycia.com\/index.php?rest_route=\/wp\/v2\/posts"}],"about":[{"href":"https:\/\/www.manologarciaycia.com\/index.php?rest_route=\/wp\/v2\/types\/post"}],"author":[{"embeddable":true,"href":"https:\/\/www.manologarciaycia.com\/index.php?rest_route=\/wp\/v2\/users\/2"}],"replies":[{"embeddable":true,"href":"https:\/\/www.manologarciaycia.com\/index.php?rest_route=%2Fwp%2Fv2%2Fcomments&post=195"}],"version-history":[{"count":4,"href":"https:\/\/www.manologarciaycia.com\/index.php?rest_route=\/wp\/v2\/posts\/195\/revisions"}],"predecessor-version":[{"id":199,"href":"https:\/\/www.manologarciaycia.com\/index.php?rest_route=\/wp\/v2\/posts\/195\/revisions\/199"}],"wp:attachment":[{"href":"https:\/\/www.manologarciaycia.com\/index.php?rest_route=%2Fwp%2Fv2%2Fmedia&parent=195"}],"wp:term":[{"taxonomy":"category","embeddable":true,"href":"https:\/\/www.manologarciaycia.com\/index.php?rest_route=%2Fwp%2Fv2%2Fcategories&post=195"},{"taxonomy":"post_tag","embeddable":true,"href":"https:\/\/www.manologarciaycia.com\/index.php?rest_route=%2Fwp%2Fv2%2Ftags&post=195"}],"curies":[{"name":"wp","href":"https:\/\/api.w.org\/{rel}","templated":true}]}}