{"id":1948,"date":"2011-11-05T21:30:19","date_gmt":"2011-11-05T20:30:19","guid":{"rendered":"http:\/\/petaos.net\/?p=1948"},"modified":"2011-11-06T18:49:08","modified_gmt":"2011-11-06T17:49:08","slug":"mg-entrevista-a-manolo-garcia-en-miradas-2","status":"publish","type":"post","link":"https:\/\/www.manologarciaycia.com\/?p=1948","title":{"rendered":"MG: Entrevista y Ac\u00fastico, Manolo Garc\u00eda en Miradas 2"},"content":{"rendered":"<p>Entrevista a Manolo Garc\u00eda en Miradas 2, de La 2 de RTVE, emitida el 5\/11\/2011:<br \/>\n<center><iframe loading=\"lazy\" width=\"560\" height=\"315\" src=\"http:\/\/www.youtube.com\/embed\/pYwMJ-_TZHs\" frameborder=\"0\" allowfullscreen><\/iframe><\/center><br \/>\nAc\u00fastico de Manolo Garc\u00eda en Miradas 2, de La 2 de RTVE, emitida el 6\/11\/2011:<br \/>\n<center><iframe loading=\"lazy\" width=\"560\" height=\"315\" src=\"http:\/\/www.youtube.com\/embed\/AuYRAyOYZiU\" frameborder=\"0\" allowfullscreen><\/iframe><\/center><\/p>\n","protected":false},"excerpt":{"rendered":"<p>Entrevista a Manolo Garc\u00eda en Miradas 2, de La 2 de RTVE, emitida el 5\/11\/2011: Ac\u00fastico de Manolo Garc\u00eda en Miradas 2, de La 2 de RTVE, emitida el 6\/11\/2011:<a class=\"moretag\" href=\"https:\/\/www.manologarciaycia.com\/?p=1948\" title=\"MG: Entrevista y Ac\u00fastico, Manolo Garc\u00eda en Miradas 2\" target=\"_self\" rel=\"follow\"> <font face=arial size=2>[Leer m\u00e1s]<\/font> <\/a><\/p>\n","protected":false},"author":2,"featured_media":0,"comment_status":"closed","ping_status":"closed","sticky":false,"template":"","format":"standard","meta":{"footnotes":""},"categories":[1],"tags":[],"class_list":["post-1948","post","type-post","status-publish","format-standard","hentry","category-manolo-garcia"],"_links":{"self":[{"href":"https:\/\/www.manologarciaycia.com\/index.php?rest_route=\/wp\/v2\/posts\/1948","targetHints":{"allow":["GET"]}}],"collection":[{"href":"https:\/\/www.manologarciaycia.com\/index.php?rest_route=\/wp\/v2\/posts"}],"about":[{"href":"https:\/\/www.manologarciaycia.com\/index.php?rest_route=\/wp\/v2\/types\/post"}],"author":[{"embeddable":true,"href":"https:\/\/www.manologarciaycia.com\/index.php?rest_route=\/wp\/v2\/users\/2"}],"replies":[{"embeddable":true,"href":"https:\/\/www.manologarciaycia.com\/index.php?rest_route=%2Fwp%2Fv2%2Fcomments&post=1948"}],"version-history":[{"count":5,"href":"https:\/\/www.manologarciaycia.com\/index.php?rest_route=\/wp\/v2\/posts\/1948\/revisions"}],"predecessor-version":[{"id":1953,"href":"https:\/\/www.manologarciaycia.com\/index.php?rest_route=\/wp\/v2\/posts\/1948\/revisions\/1953"}],"wp:attachment":[{"href":"https:\/\/www.manologarciaycia.com\/index.php?rest_route=%2Fwp%2Fv2%2Fmedia&parent=1948"}],"wp:term":[{"taxonomy":"category","embeddable":true,"href":"https:\/\/www.manologarciaycia.com\/index.php?rest_route=%2Fwp%2Fv2%2Fcategories&post=1948"},{"taxonomy":"post_tag","embeddable":true,"href":"https:\/\/www.manologarciaycia.com\/index.php?rest_route=%2Fwp%2Fv2%2Ftags&post=1948"}],"curies":[{"name":"wp","href":"https:\/\/api.w.org\/{rel}","templated":true}]}}