{"id":1935,"date":"2011-11-04T07:39:02","date_gmt":"2011-11-04T06:39:02","guid":{"rendered":"http:\/\/petaos.net\/?p=1935"},"modified":"2011-11-04T08:40:55","modified_gmt":"2011-11-04T07:40:55","slug":"mg-manolo-garcia-visita-el-hormiguero","status":"publish","type":"post","link":"https:\/\/www.manologarciaycia.com\/?p=1935","title":{"rendered":"MG: Manolo Garc\u00eda visita El Hormiguero"},"content":{"rendered":"<p>El mi\u00e9rcoles, 9 de noviembre, nos visita el m\u00fasico Manolo Garc\u00eda, que el pasado 25 de octubre public\u00f3 su quinto \u00e1lbum de estudio, \u201cLos d\u00edas intactos\u201d (Sony Music), que en apenas unas horas se convirti\u00f3 en Disco de Platino. Paralelamente al lanzamiento del disco, el artista catal\u00e1n ha publicado tambi\u00e9n \u201cEl fruto de la rama m\u00e1s alta\u201d (Temas de Hoy), un libro en el que Manolo Garc\u00eda re\u00fane poemas, reflexiones, dibujos, fotograf\u00edas y pinturas. La obra pict\u00f3rica del cantante puede verse adem\u00e1s estos d\u00edas en el Centro Cultural de La Fundaci\u00f3n C\u00edrculo de Lectores de Barcelona. A partir de enero, la muestra viajar\u00e1 a Madrid.<br \/>\n<img loading=\"lazy\" decoding=\"async\" alt=\"\" src=\"http:\/\/www.antena3.com\/clipping\/2011\/11\/03\/00396\/31.jpg\" class=\"aligncenter\" width=\"644\" height=\"351\" \/><br \/>\nFuente: Antena3 &#8211; <a href='http:\/\/www.antena3.com\/programas\/el-hormiguero\/invitados\/manolo-garcia-hormiguero_2011110300158.html' target=_new>ENLACE<\/a><\/p>\n","protected":false},"excerpt":{"rendered":"<p>El mi\u00e9rcoles, 9 de noviembre, nos visita el m\u00fasico Manolo Garc\u00eda, que el pasado 25 de octubre public\u00f3 su quinto \u00e1lbum de estudio, \u201cLos d\u00edas intactos\u201d (Sony Music), que en apenas unas horas se convirti\u00f3 en Disco de Platino. Paralelamente al lanzamiento del disco, el artista catal\u00e1n ha publicado tambi\u00e9n \u201cEl fruto de la rama<a class=\"moretag\" href=\"https:\/\/www.manologarciaycia.com\/?p=1935\" title=\"MG: Manolo Garc\u00eda visita El Hormiguero\" target=\"_self\" rel=\"follow\"> <font face=arial size=2>[Leer m\u00e1s]<\/font> <\/a><\/p>\n","protected":false},"author":2,"featured_media":0,"comment_status":"closed","ping_status":"closed","sticky":false,"template":"","format":"standard","meta":{"footnotes":""},"categories":[1],"tags":[],"class_list":["post-1935","post","type-post","status-publish","format-standard","hentry","category-manolo-garcia"],"_links":{"self":[{"href":"https:\/\/www.manologarciaycia.com\/index.php?rest_route=\/wp\/v2\/posts\/1935","targetHints":{"allow":["GET"]}}],"collection":[{"href":"https:\/\/www.manologarciaycia.com\/index.php?rest_route=\/wp\/v2\/posts"}],"about":[{"href":"https:\/\/www.manologarciaycia.com\/index.php?rest_route=\/wp\/v2\/types\/post"}],"author":[{"embeddable":true,"href":"https:\/\/www.manologarciaycia.com\/index.php?rest_route=\/wp\/v2\/users\/2"}],"replies":[{"embeddable":true,"href":"https:\/\/www.manologarciaycia.com\/index.php?rest_route=%2Fwp%2Fv2%2Fcomments&post=1935"}],"version-history":[{"count":2,"href":"https:\/\/www.manologarciaycia.com\/index.php?rest_route=\/wp\/v2\/posts\/1935\/revisions"}],"predecessor-version":[{"id":1937,"href":"https:\/\/www.manologarciaycia.com\/index.php?rest_route=\/wp\/v2\/posts\/1935\/revisions\/1937"}],"wp:attachment":[{"href":"https:\/\/www.manologarciaycia.com\/index.php?rest_route=%2Fwp%2Fv2%2Fmedia&parent=1935"}],"wp:term":[{"taxonomy":"category","embeddable":true,"href":"https:\/\/www.manologarciaycia.com\/index.php?rest_route=%2Fwp%2Fv2%2Fcategories&post=1935"},{"taxonomy":"post_tag","embeddable":true,"href":"https:\/\/www.manologarciaycia.com\/index.php?rest_route=%2Fwp%2Fv2%2Ftags&post=1935"}],"curies":[{"name":"wp","href":"https:\/\/api.w.org\/{rel}","templated":true}]}}