{"id":1932,"date":"2011-11-04T08:34:22","date_gmt":"2011-11-04T07:34:22","guid":{"rendered":"http:\/\/petaos.net\/?p=1932"},"modified":"2011-11-04T08:35:35","modified_gmt":"2011-11-04T07:35:35","slug":"mg-%e2%80%9cescribo-canciones-para-combatir-la-esclavizacion-del-calendario%e2%80%9d","status":"publish","type":"post","link":"https:\/\/www.manologarciaycia.com\/?p=1932","title":{"rendered":"MG: \u201cEscribo canciones para combatir la esclavizaci\u00f3n del calendario\u201d"},"content":{"rendered":"<p><img loading=\"lazy\" decoding=\"async\" alt=\"\" src=\"http:\/\/www.intereconomia.com\/sites\/default\/files\/imagecache\/ancho668\/208\/cck_images\/manolo-garcia_0.jpg\" class=\"aligncenter\" width=\"500\" height=\"200\" \/><br \/>\n\u201cCon este trabajo quiero transmitir la evidencia de que no todo est\u00e1 perdido\u201d. \u201cMis vivencias no son m\u00e1s importantes que las del vecino\u201d.<\/p>\n<p>Po\u00e9tico, incisivo y desgarradoramente libre en sus letras y su cotidianidad, Manolo Garc\u00eda (Barcelona, 1955) estrena disco, titulado Los d\u00edas intactos. Como en todos sus trabajados precedentes, una mezcla de melancol\u00eda hiriente y esperanza taimada gobierna sus canciones.<\/p>\n<p>-\u00bfQu\u00e9 quiere transmitir con este t\u00edtulo?<br \/>\n-La evidencia de que no todo est\u00e1 perdido, de que cada ma\u00f1ana al levantarte tienes muchas horas por delante para realizarte, para hacer proyectos nuevos, para no intentar caerte otra vez. Estuve haciendo un disco durante a\u00f1o y medio, pero a la vez me encontraba con acontecimientos sociales sorprendentes, desde las revueltas \u00e1rabes al 15-M, que el pueblo empezaba a hablar, con puntos en que podemos o no estar de acuerdo, pero en general es encomiable.<\/p>\n<p>-\u00bfEl tiempo se nos va, como dice en una de sus canciones, o nunca es perdido, como dec\u00eda en otra?<br \/>\n-Una de las lacras de nuestra sociedad es esa esclavizaci\u00f3n del calendario. Mi idea es que hay que luchar. El calendario nos quita la vida. Cada cual tiene sus armas para combatir esto. Yo me dedico a componer y escribir canciones&#8230;<\/p>\n<p>-\u00bfEl tiempo se detiene?<br \/>\n-Cient\u00edficamente est\u00e1 demostrado que cuando uno pinta hay una serie de circuitos que est\u00e1n al servicio de lo que pintas y, aunque tengas m\u00fasica puesta, no sabes si ha sonado Pink Floyd o Serrat. Ocurre porque est\u00e1s entregado a la creaci\u00f3n. La cuadratura del c\u00edrculo es que esa tarea que te complace llega a otros a los que tambi\u00e9n les complace. Ese \u00e9xtasis es un regalo de los dioses. Esa es la utilidad del arte.<\/p>\n<p>-\u00bfQu\u00e9 le indigna a Manolo Garc\u00eda?<br \/>\n-Supongo que lo mismo que a todo el mundo. La impotencia de las cifras, de los mercados, de ver que esos mercados son algo ajenos a nosotros, los mortales comunes. Sus movimientos parecen estar en otro planeta. Me inquieta que despu\u00e9s de toda esta parafernalia las cifras del paro siguen subiendo. Me inquieta que hay excedentes de alimentos en algunas partes del mundo pero hay hambruna en \u00c1frica.<\/p>\n<p>-\u00bfEn qu\u00e9 cree Manolo Garc\u00eda?<br \/>\n-En la esencia del ser humano, en su bondad, en el af\u00e1n de superaci\u00f3n y creo en ello a pesar de las evidencias. Hablamos de pa\u00edses con problemas econ\u00f3micos como Espa\u00f1a, Italia, Portugal&#8230; No ser\u00e1 porque no hay deslom\u00e1ndose a trabajar. Es porque hay una mala gesti\u00f3n y un despilfarro. No es un insulto hacia nadie, es la evidencia que se lee en los peri\u00f3dicos. Pero soy creyente porque hay otras sociedades que van consiguiendo funcionar de forma m\u00e1s justa y equitativa.<\/p>\n<p>-Muchos dicen que en sus canciones hay mucho de amargura y melancol\u00eda, pero otros ven libertad y esperanza&#8230;<br \/>\n-Yo creo que hay libertad y esperanza. Quien dice que hago discos grises no los ha escuchado realmente. Porque jam\u00e1s me encierro sin salida en un rinc\u00f3n. En la vida hay t\u00faneles pero siempre hay luz. Eso ha sido as\u00ed siempre, desde que el planeta gira. El ser humano tiene partes de una oscuridad terrible, pero tiene una parte de luz magn\u00edfica que nos hace avanzar como especie. Alguien puede decirme que mis discos son tristes. Pero puede encararme a \u00e9l y decirle: \u201cDisc\u00falpame, pero no los has o\u00eddo bien\u201d.<\/p>\n<p>-\u00bfCu\u00e1nto de usted hay en sus canciones?<br \/>\n-La esencia es absolutamente la m\u00eda. Pero no soy un cronista de m\u00ed mismo. No creo que mis vivencias personales tengan m\u00e1s importancia que las de mi vecino.<\/p>\n<p>-\u00bfQu\u00e9 novedades hay en este disco?<br \/>\n-Es un disco menos experimental que el anterior, cuando prob\u00e9 con m\u00fasicos en Grecia y saqu\u00e9 nutrientes para mi olla. Aqu\u00ed no hay elementos sonoros diferentes, de mestizaje.<\/p>\n<p>-\u00bfEs una vuelta atr\u00e1s?<br \/>\n-Es una vuelta el\u00edptica m\u00e1s que circular. No he llegado atr\u00e1s. No tienen que ver estas canciones de ahora con las que hac\u00eda en Los r\u00e1pidos. Son otros tiempos y es imposible volver atr\u00e1s. Yo lo que hago es intentar con un gran ah\u00ednco darle mi sello propio.<\/p>\n<p>-\u00bfEn qu\u00e9 ha cambiado con el tiempo?<br \/>\n-He cambiado mucho en mis ganas. Tengo muchas m\u00e1s ganas que antes.<\/p>\n","protected":false},"excerpt":{"rendered":"<p>\u201cCon este trabajo quiero transmitir la evidencia de que no todo est\u00e1 perdido\u201d. \u201cMis vivencias no son m\u00e1s importantes que las del vecino\u201d. Po\u00e9tico, incisivo y desgarradoramente libre en sus letras y su cotidianidad, Manolo Garc\u00eda (Barcelona, 1955) estrena disco, titulado Los d\u00edas intactos. Como en todos sus trabajados precedentes, una mezcla de melancol\u00eda hiriente<a class=\"moretag\" href=\"https:\/\/www.manologarciaycia.com\/?p=1932\" title=\"MG: \u201cEscribo canciones para combatir la esclavizaci\u00f3n del calendario\u201d\" target=\"_self\" rel=\"follow\"> <font face=arial size=2>[Leer m\u00e1s]<\/font> <\/a><\/p>\n","protected":false},"author":2,"featured_media":0,"comment_status":"closed","ping_status":"closed","sticky":false,"template":"","format":"standard","meta":{"footnotes":""},"categories":[1],"tags":[],"class_list":["post-1932","post","type-post","status-publish","format-standard","hentry","category-manolo-garcia"],"_links":{"self":[{"href":"https:\/\/www.manologarciaycia.com\/index.php?rest_route=\/wp\/v2\/posts\/1932","targetHints":{"allow":["GET"]}}],"collection":[{"href":"https:\/\/www.manologarciaycia.com\/index.php?rest_route=\/wp\/v2\/posts"}],"about":[{"href":"https:\/\/www.manologarciaycia.com\/index.php?rest_route=\/wp\/v2\/types\/post"}],"author":[{"embeddable":true,"href":"https:\/\/www.manologarciaycia.com\/index.php?rest_route=\/wp\/v2\/users\/2"}],"replies":[{"embeddable":true,"href":"https:\/\/www.manologarciaycia.com\/index.php?rest_route=%2Fwp%2Fv2%2Fcomments&post=1932"}],"version-history":[{"count":2,"href":"https:\/\/www.manologarciaycia.com\/index.php?rest_route=\/wp\/v2\/posts\/1932\/revisions"}],"predecessor-version":[{"id":1934,"href":"https:\/\/www.manologarciaycia.com\/index.php?rest_route=\/wp\/v2\/posts\/1932\/revisions\/1934"}],"wp:attachment":[{"href":"https:\/\/www.manologarciaycia.com\/index.php?rest_route=%2Fwp%2Fv2%2Fmedia&parent=1932"}],"wp:term":[{"taxonomy":"category","embeddable":true,"href":"https:\/\/www.manologarciaycia.com\/index.php?rest_route=%2Fwp%2Fv2%2Fcategories&post=1932"},{"taxonomy":"post_tag","embeddable":true,"href":"https:\/\/www.manologarciaycia.com\/index.php?rest_route=%2Fwp%2Fv2%2Ftags&post=1932"}],"curies":[{"name":"wp","href":"https:\/\/api.w.org\/{rel}","templated":true}]}}