{"id":19311,"date":"2019-04-08T09:57:05","date_gmt":"2019-04-08T07:57:05","guid":{"rendered":"https:\/\/www.manologarciaycia.com\/?p=19311"},"modified":"2019-04-08T09:57:13","modified_gmt":"2019-04-08T07:57:13","slug":"cambios-en-los-conciertos-de-barcelona-12-2019","status":"publish","type":"post","link":"https:\/\/www.manologarciaycia.com\/?p=19311","title":{"rendered":"Cambios en los conciertos de Barcelona 12\/2019"},"content":{"rendered":"\n<p>03\/DEC &#8211; Barcelona &#8211; Teatre Tivoli<\/p>\n\n\n\n<p>04\/DEC &#8211; Barcelona &#8211; Teatre T\u00edvoli<\/p>\n\n\n\n<p>10\/DEC &#8211; Barcelona &#8211; Teatre T\u00edvoli<\/p>\n\n\n\n<p>11\/DEC &#8211; Barcelona &#8211; Teatre T\u00edvoli <\/p>\n\n\n\n<p>A la venta, junto a los dem\u00e1s de Barcelona, Valencia y Madrid el pr\u00f3ximo jueves 11\/4 a las 10:00h en https:\/\/www.manolo-garcia.com\/conciertos\/ <a href=\"https:\/\/www.manolo-garcia.com\/conciertos\/ \" target=\"_blank\" rel=\"noreferrer noopener\" aria-label=\" (abre en una nueva pesta\u00f1a)\">https:\/\/www.manolo-garcia.com\/conciertos\/ <\/a><\/p>\n\n\n\n<p>#ManoloGarc\u00eda #Gira2019 #Ac\u00fastico #Barcelona<\/p>\n","protected":false},"excerpt":{"rendered":"<p>03\/DEC &#8211; Barcelona &#8211; Teatre Tivoli 04\/DEC &#8211; Barcelona &#8211; Teatre T\u00edvoli 10\/DEC &#8211; Barcelona &#8211; Teatre T\u00edvoli 11\/DEC &#8211; Barcelona &#8211; Teatre T\u00edvoli A la venta, junto a los dem\u00e1s de Barcelona, Valencia y Madrid el pr\u00f3ximo jueves 11\/4 a las 10:00h en https:\/\/www.manolo-garcia.com\/conciertos\/ https:\/\/www.manolo-garcia.com\/conciertos\/ #ManoloGarc\u00eda #Gira2019 #Ac\u00fastico #Barcelona<a class=\"moretag\" href=\"https:\/\/www.manologarciaycia.com\/?p=19311\" title=\"Cambios en los conciertos de Barcelona 12\/2019\" target=\"_self\" rel=\"follow\"> <font face=arial size=2>[Leer m\u00e1s]<\/font> <\/a><\/p>\n","protected":false},"author":2,"featured_media":0,"comment_status":"closed","ping_status":"closed","sticky":false,"template":"","format":"standard","meta":{"footnotes":""},"categories":[1],"tags":[],"class_list":["post-19311","post","type-post","status-publish","format-standard","hentry","category-manolo-garcia"],"_links":{"self":[{"href":"https:\/\/www.manologarciaycia.com\/index.php?rest_route=\/wp\/v2\/posts\/19311","targetHints":{"allow":["GET"]}}],"collection":[{"href":"https:\/\/www.manologarciaycia.com\/index.php?rest_route=\/wp\/v2\/posts"}],"about":[{"href":"https:\/\/www.manologarciaycia.com\/index.php?rest_route=\/wp\/v2\/types\/post"}],"author":[{"embeddable":true,"href":"https:\/\/www.manologarciaycia.com\/index.php?rest_route=\/wp\/v2\/users\/2"}],"replies":[{"embeddable":true,"href":"https:\/\/www.manologarciaycia.com\/index.php?rest_route=%2Fwp%2Fv2%2Fcomments&post=19311"}],"version-history":[{"count":1,"href":"https:\/\/www.manologarciaycia.com\/index.php?rest_route=\/wp\/v2\/posts\/19311\/revisions"}],"predecessor-version":[{"id":19312,"href":"https:\/\/www.manologarciaycia.com\/index.php?rest_route=\/wp\/v2\/posts\/19311\/revisions\/19312"}],"wp:attachment":[{"href":"https:\/\/www.manologarciaycia.com\/index.php?rest_route=%2Fwp%2Fv2%2Fmedia&parent=19311"}],"wp:term":[{"taxonomy":"category","embeddable":true,"href":"https:\/\/www.manologarciaycia.com\/index.php?rest_route=%2Fwp%2Fv2%2Fcategories&post=19311"},{"taxonomy":"post_tag","embeddable":true,"href":"https:\/\/www.manologarciaycia.com\/index.php?rest_route=%2Fwp%2Fv2%2Ftags&post=19311"}],"curies":[{"name":"wp","href":"https:\/\/api.w.org\/{rel}","templated":true}]}}