{"id":19304,"date":"2019-04-07T09:04:24","date_gmt":"2019-04-07T07:04:24","guid":{"rendered":"https:\/\/www.manologarciaycia.com\/?p=19304"},"modified":"2019-04-07T09:04:28","modified_gmt":"2019-04-07T07:04:28","slug":"15-junio-confirmado-concierto-en-leon-a-la-venta-miercoles-10-4","status":"publish","type":"post","link":"https:\/\/www.manologarciaycia.com\/?p=19304","title":{"rendered":"15 Junio, confirmado concierto en Le\u00f3n! A la venta mi\u00e9rcoles 10\/4"},"content":{"rendered":"\n<p> La cita ser\u00e1 en el Palacio de Deportes y las entradas estar\u00e1n disponibles a partir del pr\u00f3ximo 10 de abril a las 10.00 horas en la p\u00e1gina web del artista:\u00a0<a rel=\"noreferrer noopener\" href=\"https:\/\/www.manolo-garcia.com\/conciertos\/?fbclid=IwAR3ryyibZ1lm3ernhYCyp0tXhG9ePBne-qJNqt19HV9TT11yu_knzhPnPUw\" target=\"_blank\">https:\/\/www.manolo-garcia.com\/conciertos\/<\/a><\/p>\n\n\n\n<p>Foto: Ricardo M. ICAL<\/p>\n","protected":false},"excerpt":{"rendered":"<p>La cita ser\u00e1 en el Palacio de Deportes y las entradas estar\u00e1n disponibles a partir del pr\u00f3ximo 10 de abril a las 10.00 horas en la p\u00e1gina web del artista:\u00a0https:\/\/www.manolo-garcia.com\/conciertos\/ Foto: Ricardo M. ICAL<a class=\"moretag\" href=\"https:\/\/www.manologarciaycia.com\/?p=19304\" title=\"15 Junio, confirmado concierto en Le\u00f3n! A la venta mi\u00e9rcoles 10\/4\" target=\"_self\" rel=\"follow\"> <font face=arial size=2>[Leer m\u00e1s]<\/font> <\/a><\/p>\n","protected":false},"author":2,"featured_media":19305,"comment_status":"closed","ping_status":"closed","sticky":false,"template":"","format":"standard","meta":{"footnotes":""},"categories":[1],"tags":[],"class_list":["post-19304","post","type-post","status-publish","format-standard","has-post-thumbnail","hentry","category-manolo-garcia"],"_links":{"self":[{"href":"https:\/\/www.manologarciaycia.com\/index.php?rest_route=\/wp\/v2\/posts\/19304","targetHints":{"allow":["GET"]}}],"collection":[{"href":"https:\/\/www.manologarciaycia.com\/index.php?rest_route=\/wp\/v2\/posts"}],"about":[{"href":"https:\/\/www.manologarciaycia.com\/index.php?rest_route=\/wp\/v2\/types\/post"}],"author":[{"embeddable":true,"href":"https:\/\/www.manologarciaycia.com\/index.php?rest_route=\/wp\/v2\/users\/2"}],"replies":[{"embeddable":true,"href":"https:\/\/www.manologarciaycia.com\/index.php?rest_route=%2Fwp%2Fv2%2Fcomments&post=19304"}],"version-history":[{"count":1,"href":"https:\/\/www.manologarciaycia.com\/index.php?rest_route=\/wp\/v2\/posts\/19304\/revisions"}],"predecessor-version":[{"id":19306,"href":"https:\/\/www.manologarciaycia.com\/index.php?rest_route=\/wp\/v2\/posts\/19304\/revisions\/19306"}],"wp:featuredmedia":[{"embeddable":true,"href":"https:\/\/www.manologarciaycia.com\/index.php?rest_route=\/wp\/v2\/media\/19305"}],"wp:attachment":[{"href":"https:\/\/www.manologarciaycia.com\/index.php?rest_route=%2Fwp%2Fv2%2Fmedia&parent=19304"}],"wp:term":[{"taxonomy":"category","embeddable":true,"href":"https:\/\/www.manologarciaycia.com\/index.php?rest_route=%2Fwp%2Fv2%2Fcategories&post=19304"},{"taxonomy":"post_tag","embeddable":true,"href":"https:\/\/www.manologarciaycia.com\/index.php?rest_route=%2Fwp%2Fv2%2Ftags&post=19304"}],"curies":[{"name":"wp","href":"https:\/\/api.w.org\/{rel}","templated":true}]}}