{"id":19299,"date":"2019-04-06T12:21:23","date_gmt":"2019-04-06T10:21:23","guid":{"rendered":"https:\/\/www.manologarciaycia.com\/?p=19299"},"modified":"2019-04-06T12:23:52","modified_gmt":"2019-04-06T10:23:52","slug":"un-manolo-garcia-pletorico-en-la-proximidad-del-acustico","status":"publish","type":"post","link":"https:\/\/www.manologarciaycia.com\/?p=19299","title":{"rendered":"Un Manolo Garc\u00eda plet\u00f3rico en la proximidad del \u2018Ac\u00fastico\u2019"},"content":{"rendered":"\n<p>OJO, contiene spoilers&#8230;<\/p>\n\n\n\n<p>Inicia en Ciudad Real con un concierto de tres horas su nueva gira en la que hace un amplio recorrido por su discograf\u00eda en solitario, adem\u00e1s de interpretar canciones de El \u00daltimo y Los R\u00e1pidos<\/p>\n\n\n\n<p>Fueron tres horas de concierto pero podr\u00eda haber durado mucho m\u00e1s, dado el amplio n\u00famero de grandes canciones con los que cuenta, tanto en solitario como de sus grupos anteriores, un artista que en apenas unas horas vendi\u00f3 las entradas para sus dos actuaciones en Ciudad Real, donde echa a volar su gira \u2018Ac\u00fastico\u2019.<\/p>\n\n\n\n<figure class=\"wp-block-embed-youtube aligncenter wp-block-embed is-type-video is-provider-youtube wp-embed-aspect-16-9 wp-has-aspect-ratio\"><div class=\"wp-block-embed__wrapper\">\nhttps:\/\/youtu.be\/geTvX1kqAyA\n<\/div><\/figure>\n\n\n\n<p>Sin ninguna localidad a la venta, hubo quien esper\u00f3 en las inmediaciones del Quijano alg\u00fan contratiempo del acompa\u00f1ante de cualquier asistente para poder tener la oportunidad de ver el directo de Manolo Garc\u00eda, y bastantes los que al pasar por las puertas del Teatro Municipal preguntaron que qui\u00e9n tocaba ya que ni hubo necesidad de colocar carteles del artista barcelon\u00e9s para que agotara en un santiam\u00e9n las entradas.<\/p>\n\n\n\n<p>Nada m\u00e1s iniciar su primer concierto de la gira \u2018Ac\u00fastico\u2019 este viernes en un abarrotado Quijano, el cantante y compositor catal\u00e1n mostr\u00f3 una curiosa escultura de cencerros, que anim\u00f3 a tocar con \u00edmpetu a una de las espectadoras y cuya vibraci\u00f3n transmiti\u00f3 la sensaci\u00f3n sonora de un \u201creba\u00f1o encabronado\u201d; hizo que todo el mundo reparara en los simp\u00e1ticos San Movil\u00f3n y Santa Movilona, ubicados a ambos lados de los pies del escenario y creados con maletas de viaje; y present\u00f3 a la violinista Olvido Lanza que trajo sonidos del espacio con la expresividad de su cuerpo al hacer sonar al therem\u00edn.<\/p>\n\n\n\n<figure class=\"wp-block-image\"><img decoding=\"async\" src=\"https:\/\/s2.lanzadigital.com\/wp-content\/uploads\/2019\/04\/Manolo-Garc%C3%ADa-CM-2.jpg\" alt=\"Se trata de la primera gira que realiza en ac\u00fastico a lo largo de su amplia trayectoria \/ Clara Manzano\"\/><figcaption>Se trata de la primera gira que realiza en ac\u00fastico a lo largo de su amplia trayectoria \/ Clara Manzano<\/figcaption><\/figure>\n\n\n\n<p>Acompa\u00f1ado de viol\u00edn, acorde\u00f3n y tri\u00e1ngulo, as\u00ed como de piano el\u00e9ctrico, el \u00fanico instrumento \u2018enchufado\u2019 de su nuevo directo, Manolo Garc\u00eda comenz\u00f3 con \u2018Del bosque de tu alegr\u00eda\u2019 el concierto en el que una formidable banda emple\u00f3 m\u00e1s de una decena de instrumentos de cuerda entre guitarras, bajo, contrabajo, viol\u00edn y la\u00fad, y multitud de percusi\u00f3n como, entre otros, bongos, maracas, platillos y hang. Muy a gusto en el formato \u2018unplugged\u2019 que alienta el sugerente lirismo de sus composiciones, Manolo Garc\u00eda anim\u00f3 a \u2018Exprimir la vida\u2019, a ser felices, confiar en que siempre toca el n\u00famero que cada uno elija cada d\u00eda y disfrutar del arte que para \u00e9l es un \u201cbal\u00f3n de ox\u00edgeno\u201d; e interpret\u00f3 temas como \u2018Cierro la noche\u2019, \u2018Solo amar\u2019 y \u2018Sabr\u00e1s que andar\u2019 antes de ofrecer un mix en el que enlaz\u00f3 \u2018Navaja de papel\u2019 de Los R\u00e1pidos con \u2018En los \u00e1rboles\u2019, \u2018Ya no danzo al son de los tambores\u2019 y \u2018Braque\u2019 de El \u00daltimo de la Fila.<\/p>\n\n\n\n<p>La percusi\u00f3n de las palmas sirvi\u00f3 para prolongar \u2018La sombra de una palmera\u2019 con la \u2018Sombra de la sombra de tu sombrero\u2019, \u2018Ardi\u00f3\u2019 la memoria con la danza de Olvido Lanza y el la\u00fad de Josete Ord\u00f3\u00f1ez, anhel\u00f3 puertas siempre abiertas al buscar cielos, record\u00f3 a los tocados pero nunca hundidos de \u2018El Club de los Amantes Desairados\u2019 y baj\u00f3 al patio de butacas para, mientras sus seguidores hac\u00edan la ola en el anfiteatro, cantar \u2018Oc\u00e9ano azul\u2019 y recibir el culipardo pa\u00f1uelo de yerbas que le llev\u00f3 a mostrar su apoyo por la vida m\u00e1s all\u00e1 de las grandes urbes del pa\u00eds.<\/p>\n\n\n\n<figure class=\"wp-block-image\"><img decoding=\"async\" src=\"https:\/\/s2.lanzadigital.com\/wp-content\/uploads\/2019\/04\/Manolo-Garc%C3%ADa-CM-4.jpg\" alt=\"Siete m\u00fasicos arroparon el directo de Manolo Garc\u00eda \/ Clara Manzano\"\/><figcaption>Siete m\u00fasicos arroparon el directo de Manolo Garc\u00eda \/ Clara Manzano<\/figcaption><\/figure>\n\n\n\n<p>Velas encendidas y jaulas con bombillas de grandes filamentos, como si atraparan ideas que quieren emprender el vuelo, contribuyeron a ambientar el car\u00e1cter \u00edntimo del concierto que tambi\u00e9n cont\u00f3 con proyecciones en dos pantallas enmarcadas como cuadros de animaciones de teatro de sombras. Tubos verticales a ambos lados del escenario y formas abstractas al fondo de las tablas contribuyeron a la iluminaci\u00f3n de una puesta en escena que se complet\u00f3 al bajar nuevas jaulas con bombillas al interpretar \u2018No est\u00e9s triste\u2019 y la coreada y acompasada con palmas de todo el respetable \u2018P\u00e1jaros de barro\u2019. \u2018\u00d3le Manolo\u2019 y \u2018Manolo es cojonudo, como Manolo\u2026\u2019 fueron algunas de las exclamaciones que surgieron de entre los espectadores a quienes el cantautor catal\u00e1n inst\u00f3 a dejarse ense\u00f1ar a hacer la veleta y condujo por el camino de San Fernando.<\/p>\n\n\n\n<p>El entusiasmo no permiti\u00f3 que pudieran mantenerse sentadas bastantes fans cuando propuso un nuevo tr\u00e1nsito por El \u00daltimo de la Fila con \u2018Sara\u2019, \u2018A veces se enciende\u2019 y \u2018L\u00e1piz y tinta\u2019, exteriorizada devoci\u00f3n que llev\u00f3 al cantante a tirar la pandereta contra el suelo y advertir que se sentir\u00eda un tanto frustrado si ese \u00e1lgido nivel de afecto no se manten\u00eda con sus canciones en solitario. El asunto qued\u00f3 de inmediato resuelto en cuanto son\u00f3 \u2018Nunca el tiempo es perdido\u2019. La entrega fue total y lleg\u00f3 el amor jaranero de \u2018Si te vienes conmigo\u2019 con el artista barcelon\u00e9s dirigiendo onomatop\u00e9yicos coros de expresiones animales antes de retirarse para regresar, con camisa nueva, para tocar en el primer bis \u2018Como quien da un refresco\u2019, tema en el que dio rienda suelta al derroche de voz y se congratul\u00f3 por contar con una formaci\u00f3n tambi\u00e9n integrada por Ricardo Mar\u00edn y V\u00edctor Iniesta a las guitarras, Charly Sard\u00e0 a la percusi\u00f3n, \u00cd\u00f1igo Goldaracena al contrabajo y acorde\u00f3n y Juan Carlos Garc\u00eda al piano y la percusi\u00f3n.<\/p>\n\n\n\n<p>\u2018Rosa de Alejandr\u00eda\u2019 y \u2018Carb\u00f3n y ramas\u2019 fueron tarareadas y festejadas por el p\u00fablico, as\u00ed como \u2018El fr\u00edo de la noche\u2019 y \u2018Somos levedad\u2019, con el poema de Machado \u2018Caminante\u2019 y Garc\u00eda con arm\u00f3nica a lo Dylan en \u2018Like a Rolling Stones\u2019. La segunda tanda de bises tambi\u00e9n fue un deleite para sus seguidores con \u2018Tarde de sol\u2019 y \u2018Para que no se duerman\u2019, para culminar con \u2018Ardieron los fuegos\u2019 y el \u00edmpetu de \u2018Un giro teatral\u2019.<\/p>\n\n\n\n<p>Fuente: Lanza Digital &#8211; A.Ruiz &#8211; Fotos Clara Manzano &#8211; <a rel=\"noreferrer noopener\" aria-label=\"ENLACE (abre en una nueva pesta\u00f1a)\" href=\"https:\/\/www.lanzadigital.com\/provincia\/ciudad-real\/un-manolo-garcia-pletorico-en-la-proximidad-del-acustico\/#ringtone\/gallery\/post_img_gallery\/1\" target=\"_blank\">ENLACE<\/a><\/p>\n","protected":false},"excerpt":{"rendered":"<p>OJO, contiene spoilers&#8230; Inicia en Ciudad Real con un concierto de tres horas su nueva gira en la que hace un amplio recorrido por su discograf\u00eda en solitario, adem\u00e1s de interpretar canciones de El \u00daltimo y Los R\u00e1pidos Fueron tres horas de concierto pero podr\u00eda haber durado mucho m\u00e1s, dado el amplio n\u00famero de grandes<a class=\"moretag\" href=\"https:\/\/www.manologarciaycia.com\/?p=19299\" title=\"Un Manolo Garc\u00eda plet\u00f3rico en la proximidad del \u2018Ac\u00fastico\u2019\" target=\"_self\" rel=\"follow\"> <font face=arial size=2>[Leer m\u00e1s]<\/font> <\/a><\/p>\n","protected":false},"author":2,"featured_media":19301,"comment_status":"closed","ping_status":"closed","sticky":false,"template":"","format":"standard","meta":{"footnotes":""},"categories":[1],"tags":[],"class_list":["post-19299","post","type-post","status-publish","format-standard","has-post-thumbnail","hentry","category-manolo-garcia"],"_links":{"self":[{"href":"https:\/\/www.manologarciaycia.com\/index.php?rest_route=\/wp\/v2\/posts\/19299","targetHints":{"allow":["GET"]}}],"collection":[{"href":"https:\/\/www.manologarciaycia.com\/index.php?rest_route=\/wp\/v2\/posts"}],"about":[{"href":"https:\/\/www.manologarciaycia.com\/index.php?rest_route=\/wp\/v2\/types\/post"}],"author":[{"embeddable":true,"href":"https:\/\/www.manologarciaycia.com\/index.php?rest_route=\/wp\/v2\/users\/2"}],"replies":[{"embeddable":true,"href":"https:\/\/www.manologarciaycia.com\/index.php?rest_route=%2Fwp%2Fv2%2Fcomments&post=19299"}],"version-history":[{"count":3,"href":"https:\/\/www.manologarciaycia.com\/index.php?rest_route=\/wp\/v2\/posts\/19299\/revisions"}],"predecessor-version":[{"id":19303,"href":"https:\/\/www.manologarciaycia.com\/index.php?rest_route=\/wp\/v2\/posts\/19299\/revisions\/19303"}],"wp:featuredmedia":[{"embeddable":true,"href":"https:\/\/www.manologarciaycia.com\/index.php?rest_route=\/wp\/v2\/media\/19301"}],"wp:attachment":[{"href":"https:\/\/www.manologarciaycia.com\/index.php?rest_route=%2Fwp%2Fv2%2Fmedia&parent=19299"}],"wp:term":[{"taxonomy":"category","embeddable":true,"href":"https:\/\/www.manologarciaycia.com\/index.php?rest_route=%2Fwp%2Fv2%2Fcategories&post=19299"},{"taxonomy":"post_tag","embeddable":true,"href":"https:\/\/www.manologarciaycia.com\/index.php?rest_route=%2Fwp%2Fv2%2Ftags&post=19299"}],"curies":[{"name":"wp","href":"https:\/\/api.w.org\/{rel}","templated":true}]}}