{"id":19293,"date":"2019-04-06T08:55:47","date_gmt":"2019-04-06T06:55:47","guid":{"rendered":"https:\/\/www.manologarciaycia.com\/?p=19293"},"modified":"2019-04-06T08:59:01","modified_gmt":"2019-04-06T06:59:01","slug":"ciudad-real-manolo-garcia-cierra-la-noche-en-el-quijano","status":"publish","type":"post","link":"https:\/\/www.manologarciaycia.com\/?p=19293","title":{"rendered":"Ciudad Real: Manolo Garc\u00eda \u2018cierra la noche\u2019 en el Quijano"},"content":{"rendered":"\n<p style=\"text-align:center\">OJO ESTA NOTICIA CONTIENE SPOILERS QUE DESVELAN DETALLES DE LA GIRA.<\/p>\n\n\n\n<figure class=\"wp-block-embed-youtube wp-block-embed is-type-video is-provider-youtube wp-embed-aspect-16-9 wp-has-aspect-ratio\"><div class=\"wp-block-embed__wrapper\">\n<iframe loading=\"lazy\" title=\"Concierto Manolo Garc\u00eda en Ciudad Real\" width=\"615\" height=\"346\" src=\"https:\/\/www.youtube.com\/embed\/EphmcnOo3-M?feature=oembed\" frameborder=\"0\" allow=\"accelerometer; autoplay; clipboard-write; encrypted-media; gyroscope; picture-in-picture; web-share\" referrerpolicy=\"strict-origin-when-cross-origin\" allowfullscreen><\/iframe>\n<\/div><\/figure>\n\n\n\n<p>Con un Teatro Municipal Quijano a rebosar arrancaba esta noche en Ciudad Real la gira nacional de Manolo Garc\u00eda, la primera que el cantante realiza en ac\u00fastico. El concierto comenz\u00f3 con la presentaci\u00f3n de un extra\u00f1o instrumento, a base de tubos y cencerros, que invit\u00f3 a probar a una espectadora. En el mercado del arte moderno, brome\u00f3, por su \u201creba\u00f1o\u201d musical se pagar\u00eda no menos de mill\u00f3n y medio de euros.<\/p>\n\n\n\n<div class=\"wp-block-image\"><figure class=\"aligncenter\"><img decoding=\"async\" src=\"https:\/\/www.miciudadreal.es\/wp-content\/uploads\/2019\/04\/Concierto-de-Manolo-Garc%C3%ADa-19-.jpg\" alt=\"\" class=\"wp-image-540518\"\/><\/figure><\/div>\n\n\n\n<p>En cuanto al repertorio, el espect\u00e1culo comenz\u00f3 con &#8216;El bosque&#8217;, &#8216;Exprimir la vida&#8217;, &#8216;Cierro la noche&#8217; o &#8216;Solo amar&#8217;. No faltaron temas muy conocidos como &#8216;A San Fernando&#8217; o &#8216;P\u00e1jaros de barro&#8217;, canci\u00f3n que, como anunci\u00f3, estar\u00eda \u00abs\u00ed o s\u00ed\u00bb.<\/p>\n\n\n\n<p>Aunque ac\u00fastico, el concierto ha sido muy potente. Menos \u00edntimo de lo que&nbsp;<em>a priori<\/em>&nbsp;cabr\u00eda imaginar por el formato. El que fuera cantante de Los R\u00e1pidos, Los Burros o El \u00faltimo de la fila, ha estado acompa\u00f1ado sobre el escenario por Ricardo Mar\u00edn, V\u00edctor Iniesta, Josete Ordo\u00f1ez (guitarras espa\u00f1olas, ac\u00fasticas y la\u00fad), Juan Carlos Garc\u00eda (piano, percusi\u00f3n y coros), Olvido Lanza (viol\u00edn y chelo), Charly Sard\u00e0 (percusiones) e I\u00f1igo Goldaracena (contrabajo y acorde\u00f3n).<\/p>\n\n\n\n<p>Ma\u00f1ana repetir\u00e1 concierto en la capital manchega, pues las entradas del primero de la gira se agotaron en apenas unas horas despu\u00e9s de salir a la venta.<\/p>\n\n\n\n<p>Fuente:  <br><a href=\"https:\/\/www.miciudadreal.es\/2019\/04\/05\/ciudad-real-manolo-garcia-cierra-la-noche-en-el-quijano\/\">https:\/\/www.miciudadreal.es\/2019\/04\/05\/ciudad-real-manolo-garcia-cierra-la-noche-en-el-quijano\/<\/a> <\/p>\n\n\n\n<figure class=\"wp-block-image\"><a href=\"https:\/\/www.miciudadreal.es\/wp-content\/uploads\/2019\/04\/Concierto-de-Manolo-Garc%C3%ADa-1-.jpg\"><img decoding=\"async\" src=\"https:\/\/www.miciudadreal.es\/wp-content\/uploads\/2019\/04\/Concierto-de-Manolo-Garc%C3%ADa-1--150x150.jpg\" alt=\"\"\/><\/a><\/figure>\n\n\n\n<figure class=\"wp-block-image\"><a href=\"https:\/\/www.miciudadreal.es\/wp-content\/uploads\/2019\/04\/Concierto-de-Manolo-Garc%C3%ADa-2-.jpg\"><img decoding=\"async\" src=\"https:\/\/www.miciudadreal.es\/wp-content\/uploads\/2019\/04\/Concierto-de-Manolo-Garc%C3%ADa-2--150x150.jpg\" alt=\"\"\/><\/a><\/figure>\n\n\n\n<figure class=\"wp-block-image\"><a href=\"https:\/\/www.miciudadreal.es\/wp-content\/uploads\/2019\/04\/Concierto-de-Manolo-Garc%C3%ADa-3-.jpg\"><img decoding=\"async\" src=\"https:\/\/www.miciudadreal.es\/wp-content\/uploads\/2019\/04\/Concierto-de-Manolo-Garc%C3%ADa-3--150x150.jpg\" alt=\"\"\/><\/a><\/figure>\n\n\n\n<figure class=\"wp-block-image\"><a href=\"https:\/\/www.miciudadreal.es\/wp-content\/uploads\/2019\/04\/Concierto-de-Manolo-Garc%C3%ADa-4-.jpg\"><img decoding=\"async\" src=\"https:\/\/www.miciudadreal.es\/wp-content\/uploads\/2019\/04\/Concierto-de-Manolo-Garc%C3%ADa-4--150x150.jpg\" alt=\"\"\/><\/a><\/figure>\n\n\n\n<figure class=\"wp-block-image\"><a href=\"https:\/\/www.miciudadreal.es\/wp-content\/uploads\/2019\/04\/Concierto-de-Manolo-Garc%C3%ADa-5-.jpg\"><img decoding=\"async\" src=\"https:\/\/www.miciudadreal.es\/wp-content\/uploads\/2019\/04\/Concierto-de-Manolo-Garc%C3%ADa-5--150x150.jpg\" alt=\"\"\/><\/a><\/figure>\n\n\n\n<figure class=\"wp-block-image\"><a href=\"https:\/\/www.miciudadreal.es\/wp-content\/uploads\/2019\/04\/Concierto-de-Manolo-Garc%C3%ADa-6-.jpg\"><img decoding=\"async\" src=\"https:\/\/www.miciudadreal.es\/wp-content\/uploads\/2019\/04\/Concierto-de-Manolo-Garc%C3%ADa-6--150x150.jpg\" alt=\"\"\/><\/a><\/figure>\n\n\n\n<figure class=\"wp-block-image\"><a href=\"https:\/\/www.miciudadreal.es\/wp-content\/uploads\/2019\/04\/Concierto-de-Manolo-Garc%C3%ADa-7-.jpg\"><img decoding=\"async\" src=\"https:\/\/www.miciudadreal.es\/wp-content\/uploads\/2019\/04\/Concierto-de-Manolo-Garc%C3%ADa-7--150x150.jpg\" alt=\"\"\/><\/a><\/figure>\n\n\n\n<figure class=\"wp-block-image\"><a href=\"https:\/\/www.miciudadreal.es\/wp-content\/uploads\/2019\/04\/Concierto-de-Manolo-Garc%C3%ADa-8-.jpg\"><img decoding=\"async\" src=\"https:\/\/www.miciudadreal.es\/wp-content\/uploads\/2019\/04\/Concierto-de-Manolo-Garc%C3%ADa-8--150x150.jpg\" alt=\"\"\/><\/a><\/figure>\n\n\n\n<figure class=\"wp-block-image\"><a href=\"https:\/\/www.miciudadreal.es\/wp-content\/uploads\/2019\/04\/Concierto-de-Manolo-Garc%C3%ADa-9-.jpg\"><img decoding=\"async\" src=\"https:\/\/www.miciudadreal.es\/wp-content\/uploads\/2019\/04\/Concierto-de-Manolo-Garc%C3%ADa-9--150x150.jpg\" alt=\"\"\/><\/a><\/figure>\n\n\n\n<figure class=\"wp-block-image\"><a href=\"https:\/\/www.miciudadreal.es\/wp-content\/uploads\/2019\/04\/Concierto-de-Manolo-Garc%C3%ADa-10-.jpg\"><img decoding=\"async\" src=\"https:\/\/www.miciudadreal.es\/wp-content\/uploads\/2019\/04\/Concierto-de-Manolo-Garc%C3%ADa-10--150x150.jpg\" alt=\"\"\/><\/a><\/figure>\n\n\n\n<figure class=\"wp-block-image\"><a href=\"https:\/\/www.miciudadreal.es\/wp-content\/uploads\/2019\/04\/Concierto-de-Manolo-Garc%C3%ADa-11-.jpg\"><img decoding=\"async\" src=\"https:\/\/www.miciudadreal.es\/wp-content\/uploads\/2019\/04\/Concierto-de-Manolo-Garc%C3%ADa-11--150x150.jpg\" alt=\"\"\/><\/a><\/figure>\n\n\n\n<figure class=\"wp-block-image\"><a href=\"https:\/\/www.miciudadreal.es\/wp-content\/uploads\/2019\/04\/Concierto-de-Manolo-Garc%C3%ADa-12-.jpg\"><img decoding=\"async\" src=\"https:\/\/www.miciudadreal.es\/wp-content\/uploads\/2019\/04\/Concierto-de-Manolo-Garc%C3%ADa-12--150x150.jpg\" alt=\"\"\/><\/a><\/figure>\n\n\n\n<figure class=\"wp-block-image\"><a href=\"https:\/\/www.miciudadreal.es\/wp-content\/uploads\/2019\/04\/Concierto-de-Manolo-Garc%C3%ADa-13-.jpg\"><img decoding=\"async\" src=\"https:\/\/www.miciudadreal.es\/wp-content\/uploads\/2019\/04\/Concierto-de-Manolo-Garc%C3%ADa-13--150x150.jpg\" alt=\"\"\/><\/a><\/figure>\n\n\n\n<figure class=\"wp-block-image\"><a href=\"https:\/\/www.miciudadreal.es\/wp-content\/uploads\/2019\/04\/Concierto-de-Manolo-Garc%C3%ADa-14-.jpg\"><img decoding=\"async\" src=\"https:\/\/www.miciudadreal.es\/wp-content\/uploads\/2019\/04\/Concierto-de-Manolo-Garc%C3%ADa-14--150x150.jpg\" alt=\"\"\/><\/a><\/figure>\n\n\n\n<figure class=\"wp-block-image\"><a href=\"https:\/\/www.miciudadreal.es\/wp-content\/uploads\/2019\/04\/Concierto-de-Manolo-Garc%C3%ADa-15-.jpg\"><img decoding=\"async\" src=\"https:\/\/www.miciudadreal.es\/wp-content\/uploads\/2019\/04\/Concierto-de-Manolo-Garc%C3%ADa-15--150x150.jpg\" alt=\"\"\/><\/a><\/figure>\n\n\n\n<figure class=\"wp-block-image\"><a href=\"https:\/\/www.miciudadreal.es\/wp-content\/uploads\/2019\/04\/Concierto-de-Manolo-Garc%C3%ADa-16-.jpg\"><img decoding=\"async\" src=\"https:\/\/www.miciudadreal.es\/wp-content\/uploads\/2019\/04\/Concierto-de-Manolo-Garc%C3%ADa-16--150x150.jpg\" alt=\"\"\/><\/a><\/figure>\n\n\n\n<figure class=\"wp-block-image\"><a href=\"https:\/\/www.miciudadreal.es\/wp-content\/uploads\/2019\/04\/Concierto-de-Manolo-Garc%C3%ADa-17-.jpg\"><img decoding=\"async\" src=\"https:\/\/www.miciudadreal.es\/wp-content\/uploads\/2019\/04\/Concierto-de-Manolo-Garc%C3%ADa-17--150x150.jpg\" alt=\"\"\/><\/a><\/figure>\n\n\n\n<figure class=\"wp-block-image\"><a href=\"https:\/\/www.miciudadreal.es\/wp-content\/uploads\/2019\/04\/Concierto-de-Manolo-Garc%C3%ADa-18-.jpg\"><img decoding=\"async\" src=\"https:\/\/www.miciudadreal.es\/wp-content\/uploads\/2019\/04\/Concierto-de-Manolo-Garc%C3%ADa-18--150x150.jpg\" alt=\"\"\/><\/a><\/figure>\n\n\n\n<figure class=\"wp-block-image\"><a href=\"https:\/\/www.miciudadreal.es\/wp-content\/uploads\/2019\/04\/Concierto-de-Manolo-Garc%C3%ADa-19-.jpg\"><img decoding=\"async\" src=\"https:\/\/www.miciudadreal.es\/wp-content\/uploads\/2019\/04\/Concierto-de-Manolo-Garc%C3%ADa-19--150x150.jpg\" alt=\"\"\/><\/a><\/figure>\n\n\n\n<figure class=\"wp-block-image\"><a href=\"https:\/\/www.miciudadreal.es\/wp-content\/uploads\/2019\/04\/Concierto-de-Manolo-Garc%C3%ADa-20-.jpg\"><img decoding=\"async\" src=\"https:\/\/www.miciudadreal.es\/wp-content\/uploads\/2019\/04\/Concierto-de-Manolo-Garc%C3%ADa-20--150x150.jpg\" alt=\"\"\/><\/a><\/figure>\n\n\n\n<figure class=\"wp-block-image\"><a href=\"https:\/\/www.miciudadreal.es\/wp-content\/uploads\/2019\/04\/Concierto-de-Manolo-Garc%C3%ADa-21-.jpg\"><img decoding=\"async\" src=\"https:\/\/www.miciudadreal.es\/wp-content\/uploads\/2019\/04\/Concierto-de-Manolo-Garc%C3%ADa-21--150x150.jpg\" alt=\"\"\/><\/a><\/figure>\n\n\n\n<figure class=\"wp-block-image\"><a href=\"https:\/\/www.miciudadreal.es\/wp-content\/uploads\/2019\/04\/Concierto-de-Manolo-Garc%C3%ADa-22-.jpg\"><img decoding=\"async\" src=\"https:\/\/www.miciudadreal.es\/wp-content\/uploads\/2019\/04\/Concierto-de-Manolo-Garc%C3%ADa-22--150x150.jpg\" alt=\"\"\/><\/a><\/figure>\n\n\n\n<figure class=\"wp-block-image\"><a href=\"https:\/\/www.miciudadreal.es\/wp-content\/uploads\/2019\/04\/Concierto-de-Manolo-Garc%C3%ADa-23-.jpg\"><img decoding=\"async\" src=\"https:\/\/www.miciudadreal.es\/wp-content\/uploads\/2019\/04\/Concierto-de-Manolo-Garc%C3%ADa-23--150x150.jpg\" alt=\"\"\/><\/a><\/figure>\n","protected":false},"excerpt":{"rendered":"<p>OJO ESTA NOTICIA CONTIENE SPOILERS QUE DESVELAN DETALLES DE LA GIRA. Con un Teatro Municipal Quijano a rebosar arrancaba esta noche en Ciudad Real la gira nacional de Manolo Garc\u00eda, la primera que el cantante realiza en ac\u00fastico. El concierto comenz\u00f3 con la presentaci\u00f3n de un extra\u00f1o instrumento, a base de tubos y cencerros, que<a class=\"moretag\" href=\"https:\/\/www.manologarciaycia.com\/?p=19293\" title=\"Ciudad Real: Manolo Garc\u00eda \u2018cierra la noche\u2019 en el Quijano\" target=\"_self\" rel=\"follow\"> <font face=arial size=2>[Leer m\u00e1s]<\/font> <\/a><\/p>\n","protected":false},"author":2,"featured_media":19294,"comment_status":"closed","ping_status":"closed","sticky":false,"template":"","format":"standard","meta":{"footnotes":""},"categories":[1],"tags":[],"class_list":["post-19293","post","type-post","status-publish","format-standard","has-post-thumbnail","hentry","category-manolo-garcia"],"_links":{"self":[{"href":"https:\/\/www.manologarciaycia.com\/index.php?rest_route=\/wp\/v2\/posts\/19293","targetHints":{"allow":["GET"]}}],"collection":[{"href":"https:\/\/www.manologarciaycia.com\/index.php?rest_route=\/wp\/v2\/posts"}],"about":[{"href":"https:\/\/www.manologarciaycia.com\/index.php?rest_route=\/wp\/v2\/types\/post"}],"author":[{"embeddable":true,"href":"https:\/\/www.manologarciaycia.com\/index.php?rest_route=\/wp\/v2\/users\/2"}],"replies":[{"embeddable":true,"href":"https:\/\/www.manologarciaycia.com\/index.php?rest_route=%2Fwp%2Fv2%2Fcomments&post=19293"}],"version-history":[{"count":4,"href":"https:\/\/www.manologarciaycia.com\/index.php?rest_route=\/wp\/v2\/posts\/19293\/revisions"}],"predecessor-version":[{"id":19298,"href":"https:\/\/www.manologarciaycia.com\/index.php?rest_route=\/wp\/v2\/posts\/19293\/revisions\/19298"}],"wp:featuredmedia":[{"embeddable":true,"href":"https:\/\/www.manologarciaycia.com\/index.php?rest_route=\/wp\/v2\/media\/19294"}],"wp:attachment":[{"href":"https:\/\/www.manologarciaycia.com\/index.php?rest_route=%2Fwp%2Fv2%2Fmedia&parent=19293"}],"wp:term":[{"taxonomy":"category","embeddable":true,"href":"https:\/\/www.manologarciaycia.com\/index.php?rest_route=%2Fwp%2Fv2%2Fcategories&post=19293"},{"taxonomy":"post_tag","embeddable":true,"href":"https:\/\/www.manologarciaycia.com\/index.php?rest_route=%2Fwp%2Fv2%2Ftags&post=19293"}],"curies":[{"name":"wp","href":"https:\/\/api.w.org\/{rel}","templated":true}]}}