{"id":19291,"date":"2019-04-05T16:12:57","date_gmt":"2019-04-05T14:12:57","guid":{"rendered":"https:\/\/www.manologarciaycia.com\/?p=19291"},"modified":"2019-04-05T16:15:29","modified_gmt":"2019-04-05T14:15:29","slug":"a-falta-de-confirmacion-oficial-burgos-19-junio","status":"publish","type":"post","link":"https:\/\/www.manologarciaycia.com\/?p=19291","title":{"rendered":"A falta de confirmaci\u00f3n oficial, Burgos 19 Junio!"},"content":{"rendered":"\n<p>La Fundaci\u00f3n Caja de Burgos pondr\u00e1 a la venta el viernes 12 de abril las entradas del concierto que el m\u00fasico Manolo Garc\u00eda ofrecer\u00e1 el pr\u00f3ximo mi\u00e9rcoles 19 de junio en el F\u00f3rum Evoluci\u00f3n a partir de las 20.30 horas.<br>https:\/\/www.hoycastillayleon.com\/2019\/04\/05\/fundacion-caja-de-burgos-pone-a-la-venta-el-12-de-abril-las-entradas-del-concierto-de-manolo-garcia-en-el-forum\/<br>A un precio de entre 45 y 55 euros, las entradas podr\u00e1n adquirirse a trav\u00e9s de los canales habituales de venta de la Fundaci\u00f3n: por Internet (www.cajadeburgos.com\/teleentradas), o en las taquillas habilitadas al efecto en Cultural Cord\u00f3n, Cultural Caja de Burgos (avenida de Cantabria, 3) y en el Centro de Arte Caja de Burgos CAB.<\/p>\n\n\n\n<p>Fuente: Hoy Castilla-Le\u00f3n &#8211; <a href=\"https:\/\/www.hoycastillayleon.com\/2019\/04\/05\/fundacion-caja-de-burgos-pone-a-la-venta-el-12-de-abril-las-entradas-del-concierto-de-manolo-garcia-en-el-forum\/\" target=\"_blank\" rel=\"noreferrer noopener\" aria-label=\"ENLACE (abre en una nueva pesta\u00f1a)\">ENLACE<\/a><\/p>\n","protected":false},"excerpt":{"rendered":"<p>La Fundaci\u00f3n Caja de Burgos pondr\u00e1 a la venta el viernes 12 de abril las entradas del concierto que el m\u00fasico Manolo Garc\u00eda ofrecer\u00e1 el pr\u00f3ximo mi\u00e9rcoles 19 de junio en el F\u00f3rum Evoluci\u00f3n a partir de las 20.30 horas.https:\/\/www.hoycastillayleon.com\/2019\/04\/05\/fundacion-caja-de-burgos-pone-a-la-venta-el-12-de-abril-las-entradas-del-concierto-de-manolo-garcia-en-el-forum\/A un precio de entre 45 y 55 euros, las entradas podr\u00e1n adquirirse a trav\u00e9s de<a class=\"moretag\" href=\"https:\/\/www.manologarciaycia.com\/?p=19291\" title=\"A falta de confirmaci\u00f3n oficial, Burgos 19 Junio!\" target=\"_self\" rel=\"follow\"> <font face=arial size=2>[Leer m\u00e1s]<\/font> <\/a><\/p>\n","protected":false},"author":2,"featured_media":0,"comment_status":"closed","ping_status":"closed","sticky":false,"template":"","format":"standard","meta":{"footnotes":""},"categories":[1],"tags":[],"class_list":["post-19291","post","type-post","status-publish","format-standard","hentry","category-manolo-garcia"],"_links":{"self":[{"href":"https:\/\/www.manologarciaycia.com\/index.php?rest_route=\/wp\/v2\/posts\/19291","targetHints":{"allow":["GET"]}}],"collection":[{"href":"https:\/\/www.manologarciaycia.com\/index.php?rest_route=\/wp\/v2\/posts"}],"about":[{"href":"https:\/\/www.manologarciaycia.com\/index.php?rest_route=\/wp\/v2\/types\/post"}],"author":[{"embeddable":true,"href":"https:\/\/www.manologarciaycia.com\/index.php?rest_route=\/wp\/v2\/users\/2"}],"replies":[{"embeddable":true,"href":"https:\/\/www.manologarciaycia.com\/index.php?rest_route=%2Fwp%2Fv2%2Fcomments&post=19291"}],"version-history":[{"count":1,"href":"https:\/\/www.manologarciaycia.com\/index.php?rest_route=\/wp\/v2\/posts\/19291\/revisions"}],"predecessor-version":[{"id":19292,"href":"https:\/\/www.manologarciaycia.com\/index.php?rest_route=\/wp\/v2\/posts\/19291\/revisions\/19292"}],"wp:attachment":[{"href":"https:\/\/www.manologarciaycia.com\/index.php?rest_route=%2Fwp%2Fv2%2Fmedia&parent=19291"}],"wp:term":[{"taxonomy":"category","embeddable":true,"href":"https:\/\/www.manologarciaycia.com\/index.php?rest_route=%2Fwp%2Fv2%2Fcategories&post=19291"},{"taxonomy":"post_tag","embeddable":true,"href":"https:\/\/www.manologarciaycia.com\/index.php?rest_route=%2Fwp%2Fv2%2Ftags&post=19291"}],"curies":[{"name":"wp","href":"https:\/\/api.w.org\/{rel}","templated":true}]}}